{"id":394659,"date":"2025-09-16T08:48:28","date_gmt":"2025-09-16T08:48:28","guid":{"rendered":"https:\/\/www.europesays.com\/fr\/394659\/"},"modified":"2025-09-16T08:48:28","modified_gmt":"2025-09-16T08:48:28","slug":"qui-succedera-a-la-lyonnaise-alexcia-couly-photos","status":"publish","type":"post","link":"https:\/\/www.europesays.com\/fr\/394659\/","title":{"rendered":"qui succ\u00e9dera \u00e0 la lyonnaise Alexcia Couly ? (PHOTOS)"},"content":{"rendered":"<p>Elles sont 18 jeunes femmes \u00e0 esp\u00e9rer d\u00e9crocher la pr\u00e9cieuse couronne de Miss Rh\u00f4ne-Alpes 2025. Une \u00e9charpe qualificative pour l\u2019\u00e9lection de Miss France 2026 pr\u00e9vue au mois de d\u00e9cembre. Il y aura en tout cas du beau monde ce vendredi soir au Parc des expositions de Villefranche-sur-Sa\u00f4ne pour encourager les candidates : <strong>Ang\u00e9lique Angarni-Filopon<\/strong>, Miss France 2025, <strong>Sylvie Tellier<\/strong>, ancienne directrice du comit\u00e9 Miss France et bien s\u00fbr <strong>Alexcia Couly<\/strong>, Miss Rh\u00f4ne-Alpes 2024 qui remettra son titre.\u00a0<\/p>\n<p style=\"text-align: center;\"><strong>D\u00e9couvrez les 18 candidates \u00e0 l\u2019\u00e9lection de Miss Rh\u00f4ne-Alpes 2025 :<\/strong><\/p>\n<p style=\"text-align: center;\"><strong>Candidate n\u00b01<\/strong> : Clara Bressy, 25 ans, Blyes (01), dipl\u00f4m\u00e9e en psychologie criminelle<\/p>\n<p style=\"text-align: center;\"><img loading=\"lazy\" decoding=\"async\" src=\"https:\/\/www.europesays.com\/fr\/wp-content\/uploads\/2025\/09\/clara-mra2025-47589.jpg\" alt=\"\" width=\"400\" height=\"533\"\/><\/p>\n<p style=\"text-align: center;\"><strong>Candidate n\u00b02<\/strong> : Charlotte Miralles, 25 ans, Bron (69), \u00e9tudiante en expertise immobili\u00e8re<\/p>\n<p style=\"text-align: center;\"><img loading=\"lazy\" decoding=\"async\" src=\"https:\/\/www.europesays.com\/fr\/wp-content\/uploads\/2025\/09\/charlotte-mra2025-71044.jpg\" alt=\"\" width=\"400\" height=\"500\"\/><\/p>\n<p style=\"text-align: center;\"><strong>Candidate n\u00b03<\/strong> : Kenya-Ma\u00eb, 19 ans, Les Abrets (38), \u00e9tudiante en science de l\u2019ing\u00e9nieur<\/p>\n<p style=\"text-align: center;\"><img loading=\"lazy\" decoding=\"async\" src=\"https:\/\/www.europesays.com\/fr\/wp-content\/uploads\/2025\/09\/kenya-mra2025-40978.jpg\" alt=\"\" width=\"400\" height=\"500\"\/><\/p>\n<p style=\"text-align: center;\"><strong>Candidate n\u00b04<\/strong> : Manon Bernard, 25 ans, Crolles (38), auto-entrepreneuse dans le pr\u00eat-\u00e0-porter<\/p>\n<p style=\"text-align: center;\"><img loading=\"lazy\" decoding=\"async\" src=\"https:\/\/www.europesays.com\/fr\/wp-content\/uploads\/2025\/09\/manon2-mra2025-49674.jpg\" alt=\"\" width=\"400\" height=\"500\"\/><\/p>\n<p style=\"text-align: center;\"><strong>Candidate n\u00b05<\/strong> : Margaux Bescond, 28 ans, La M\u00fbre (38), professeure d\u2019arts plastique au coll\u00e8ge<\/p>\n<p style=\"text-align: center;\"><img loading=\"lazy\" decoding=\"async\" src=\"https:\/\/www.europesays.com\/fr\/wp-content\/uploads\/2025\/09\/margaux-mra2025-7221.jpg\" alt=\"\" width=\"400\" height=\"500\"\/><\/p>\n<p style=\"text-align: center;\"><strong>Candidate n\u00b06<\/strong> : No\u00e9mie Baiamonte, 21 ans, Replonges (01), \u00e9tudiante en marketing du luxe<\/p>\n<p style=\"text-align: center;\"><img loading=\"lazy\" decoding=\"async\" src=\"https:\/\/www.europesays.com\/fr\/wp-content\/uploads\/2025\/09\/noemie-mra2025-71876.jpg\" alt=\"\" width=\"400\" height=\"500\"\/><\/p>\n<p style=\"text-align: center;\"><strong>Candidate n\u00b07<\/strong> : M\u00e9lodie Delfortrie Testud, 18 ans, Vals-les-Bains (07), \u00e9tudiante en artisanat et m\u00e9tiers d\u2019art, option marchandisage visuel<\/p>\n<p style=\"text-align: center;\"><img loading=\"lazy\" decoding=\"async\" src=\"https:\/\/www.europesays.com\/fr\/wp-content\/uploads\/2025\/09\/melodie-mra2025-64783.jpg\" alt=\"\" width=\"400\" height=\"500\"\/><\/p>\n<p style=\"text-align: center;\"><strong>Candidate n\u00b08<\/strong> : Cynthia Blacha, 20 ans, Bourg-Argental (42), \u00e9tudiante en troisi\u00e8me ann\u00e9e de droit<\/p>\n<p style=\"text-align: center;\"><img loading=\"lazy\" decoding=\"async\" src=\"https:\/\/www.europesays.com\/fr\/wp-content\/uploads\/2025\/09\/cynthia-mra2025-34984.jpg\" alt=\"\" width=\"400\" height=\"500\"\/><\/p>\n<p style=\"text-align: center;\"><strong>Candidate n\u00b09<\/strong> : Jade Ch\u00e2tre, 19 ans, Saint-Bonnet-les-Oules (42), \u00e9tudiante en BUT technique de commercialisation<\/p>\n<p style=\"text-align: center;\"><img loading=\"lazy\" decoding=\"async\" src=\"https:\/\/www.europesays.com\/fr\/wp-content\/uploads\/2025\/09\/jade-mra2025-48412.jpg\" alt=\"\" width=\"400\" height=\"500\"\/><\/p>\n<p style=\"text-align: center;\"><strong>Candidate n\u00b010<\/strong> : Lola-Marie Magnin, 24 ans, Viriat (01), \u00e9tudiante en Master m\u00e9tiers de l\u2019enseignement, de l\u2019\u00e9ducation et de la formation (MEEF)<\/p>\n<p style=\"text-align: center;\"><img loading=\"lazy\" decoding=\"async\" src=\"https:\/\/www.europesays.com\/fr\/wp-content\/uploads\/2025\/09\/lola-mra2025-34675.jpg\" alt=\"\" width=\"400\" height=\"533\"\/><\/p>\n<p style=\"text-align: center;\"><strong>Candidate n\u00b011<\/strong> : Marie Olivetto, 23 ans, Les Mollettes (73), spa praticienne<\/p>\n<p style=\"text-align: center;\"><img loading=\"lazy\" decoding=\"async\" src=\"https:\/\/www.europesays.com\/fr\/wp-content\/uploads\/2025\/09\/marie-mra2025-33400.jpg\" alt=\"\" width=\"400\" height=\"500\"\/><\/p>\n<p style=\"text-align: center;\"><strong>Candidate n\u00b012<\/strong> : Lisa Auguet, 19 ans, Chantesse (38), \u00e9tudiante en \u00e9conomie<\/p>\n<p style=\"text-align: center;\"><img loading=\"lazy\" decoding=\"async\" src=\"https:\/\/www.europesays.com\/fr\/wp-content\/uploads\/2025\/09\/lisa-mra2025-67182.jpg\" alt=\"\" width=\"400\" height=\"500\"\/><\/p>\n<p style=\"text-align: center;\"><strong>Candidate n\u00b013<\/strong> : Flavie Sonnery, 18 ans, Belleville-en-Beuajolais (69), \u00e9tudiante en sciences et techniques des activit\u00e9s physiques et sportives<\/p>\n<p style=\"text-align: center;\"><img loading=\"lazy\" decoding=\"async\" src=\"https:\/\/www.europesays.com\/fr\/wp-content\/uploads\/2025\/09\/flavie-mra2025-32392.jpg\" alt=\"\" width=\"400\" height=\"500\"\/><\/p>\n<p style=\"text-align: center;\"><strong>Candidate n\u00b014<\/strong> : Lisa Vantrimpont, 24 ans, Mont\u00e9limar (26), responsable communication<\/p>\n<p style=\"text-align: center;\"><img loading=\"lazy\" decoding=\"async\" src=\"https:\/\/www.europesays.com\/fr\/wp-content\/uploads\/2025\/09\/lisa2-mra2025-80159.jpg\" alt=\"\" width=\"400\" height=\"500\"\/><\/p>\n<p style=\"text-align: center;\"><strong>Candidate n\u00b015<\/strong> : Eva Viale, 18 ans, Tain l\u2019Hermitage (26)<\/p>\n<p style=\"text-align: center;\"><img loading=\"lazy\" decoding=\"async\" src=\"https:\/\/www.europesays.com\/fr\/wp-content\/uploads\/2025\/09\/eva-mra2025-36906.jpg\" alt=\"\" width=\"400\" height=\"500\"\/><\/p>\n<p style=\"text-align: center;\"><strong>Candidate n\u00b016<\/strong> : Ombeline Chevalier, 20 ans, Villefranche-sur-Sa\u00f4ne (69), coach d\u2019aviron<\/p>\n<p style=\"text-align: center;\"><img loading=\"lazy\" decoding=\"async\" src=\"https:\/\/www.europesays.com\/fr\/wp-content\/uploads\/2025\/09\/ombeline-mra2025-35548.jpg\" alt=\"\" width=\"400\" height=\"500\"\/><br \/><strong>Candidate n\u00b017<\/strong> : Pauline Nicolas, 23 ans, Rochemaure (07), infirmi\u00e8re<\/p>\n<p style=\"text-align: center;\"><img loading=\"lazy\" decoding=\"async\" src=\"https:\/\/www.europesays.com\/fr\/wp-content\/uploads\/2025\/09\/pauline-mra2025-18905.jpg\" alt=\"\" width=\"400\" height=\"500\"\/><\/p>\n<p style=\"text-align: center;\"><strong>Candidate n\u00b018<\/strong> : Manon Loubet, 21 ans, Ballaison (74), \u00e9tudiante infirmi\u00e8re<\/p>\n<p style=\"text-align: center;\"><img loading=\"lazy\" decoding=\"async\" src=\"https:\/\/www.europesays.com\/fr\/wp-content\/uploads\/2025\/09\/manon-mra2025-2689.jpg\" alt=\"\" width=\"400\" height=\"500\"\/><\/p>\n<p style=\"text-align: center;\">Les photos officielles des candidates \u00e0 l&rsquo;\u00e9lection de Miss Rh\u00f4ne-Alpes 2025 sont sign\u00e9es <a href=\"https:\/\/www.mpphotographe.fr\/?fbclid=PAZXh0bgNhZW0CMTEAAaetLG1DdZcbcy-gRaZ81D3pyLU-EcWRztrFF7DfO_vD2KtPAKRKqvlZr2Ru0g_aem_5PSyWLX9b6OSyaR8tYsFDg\" target=\"_blank\" rel=\"noopener\">Mathilde Piante<\/a><\/p>\n<blockquote class=\"instagram-media\" style=\"background: #FFF; border: 0; border-radius: 3px; box-shadow: 0 0 1px 0 rgba(0,0,0,0.5),0 1px 10px 0 rgba(0,0,0,0.15); margin: 1px; max-width: 540px; min-width: 326px; padding: 0; width: calc(100% - 2px);\" data-instgrm-captioned=\"\" data-instgrm-permalink=\"https:\/\/www.instagram.com\/p\/DK7-Xf5B9hT\/?utm_source=ig_embed&amp;utm_campaign=loading\" data-instgrm-version=\"14\"><p>&#13;<br \/>\n&#13;\n<\/p><\/blockquote>\n<p>  \t\t\t\t\t<script async src=\"\/\/www.instagram.com\/embed.js\"><\/script><\/p>\n","protected":false},"excerpt":{"rendered":"Elles sont 18 jeunes femmes \u00e0 esp\u00e9rer d\u00e9crocher la pr\u00e9cieuse couronne de Miss Rh\u00f4ne-Alpes 2025. Une \u00e9charpe qualificative&hellip;\n","protected":false},"author":2,"featured_media":394660,"comment_status":"","ping_status":"","sticky":false,"template":"","format":"standard","meta":{"footnotes":""},"categories":[1889],"tags":[1111,11,2813,2190,2430,1109,251,1112,2811,1777,674,118,1294,4651,1011,27,1922,1110,1114,2428,4903,4902,12,241,316,25,2812,517,800],"class_list":{"0":"post-394659","1":"post","2":"type-post","3":"status-publish","4":"format-standard","5":"has-post-thumbnail","7":"category-lyon","8":"tag-actu","9":"tag-actualites","10":"tag-article","11":"tag-asvel","12":"tag-auvergne-rhone-alpes","13":"tag-breves","14":"tag-culture","15":"tag-depeches","16":"tag-economique","17":"tag-eu","18":"tag-europe","19":"tag-faits-divers","20":"tag-femme","21":"tag-femmes","22":"tag-fr","23":"tag-france","24":"tag-info","25":"tag-informations","26":"tag-infos","27":"tag-lyon","28":"tag-lyonfemme","29":"tag-lyonfemmes","30":"tag-news","31":"tag-ol","32":"tag-politique","33":"tag-republique-francaise","34":"tag-sociale","35":"tag-sport","36":"tag-transports"},"share_on_mastodon":{"url":"https:\/\/pubeurope.com\/@fr\/115213115088635542","error":""},"_links":{"self":[{"href":"https:\/\/www.europesays.com\/fr\/wp-json\/wp\/v2\/posts\/394659","targetHints":{"allow":["GET"]}}],"collection":[{"href":"https:\/\/www.europesays.com\/fr\/wp-json\/wp\/v2\/posts"}],"about":[{"href":"https:\/\/www.europesays.com\/fr\/wp-json\/wp\/v2\/types\/post"}],"author":[{"embeddable":true,"href":"https:\/\/www.europesays.com\/fr\/wp-json\/wp\/v2\/users\/2"}],"replies":[{"embeddable":true,"href":"https:\/\/www.europesays.com\/fr\/wp-json\/wp\/v2\/comments?post=394659"}],"version-history":[{"count":0,"href":"https:\/\/www.europesays.com\/fr\/wp-json\/wp\/v2\/posts\/394659\/revisions"}],"wp:featuredmedia":[{"embeddable":true,"href":"https:\/\/www.europesays.com\/fr\/wp-json\/wp\/v2\/media\/394660"}],"wp:attachment":[{"href":"https:\/\/www.europesays.com\/fr\/wp-json\/wp\/v2\/media?parent=394659"}],"wp:term":[{"taxonomy":"category","embeddable":true,"href":"https:\/\/www.europesays.com\/fr\/wp-json\/wp\/v2\/categories?post=394659"},{"taxonomy":"post_tag","embeddable":true,"href":"https:\/\/www.europesays.com\/fr\/wp-json\/wp\/v2\/tags?post=394659"}],"curies":[{"name":"wp","href":"https:\/\/api.w.org\/{rel}","templated":true}]}}