{"id":394663,"date":"2025-09-16T08:51:14","date_gmt":"2025-09-16T08:51:14","guid":{"rendered":"https:\/\/www.europesays.com\/fr\/394663\/"},"modified":"2025-09-16T08:51:14","modified_gmt":"2025-09-16T08:51:14","slug":"greve-du-18-septembre-perturbations-majeures-a-la-ratp-et-a-la-sncf","status":"publish","type":"post","link":"https:\/\/www.europesays.com\/fr\/394663\/","title":{"rendered":"Gr\u00e8ve du 18 septembre : perturbations majeures \u00e0 la RATP et \u00e0 la SNCF"},"content":{"rendered":"<p><img loading=\"lazy\" decoding=\"async\" alt=\"\u00a9 Shutterstock - La mobilisation de jeudi s\u2019annonce massive \u00e0 la RATP et \u00e0 la SNCF, avec des perturbations d\u2019ampleur sur m\u00e9tros, bus, tramways, RER et Transiliens.\" data-zoom-src=\"https:\/\/www.europesays.com\/fr\/wp-content\/uploads\/2025\/09\/initial-transports-parisiens.jpg\" data-zoomable=\"\" height=\"702\" src=\"https:\/\/www.europesays.com\/fr\/wp-content\/uploads\/2025\/09\/initial-transports-parisiens.jpg\" width=\"1248\"\/>  <\/p>\n<p class=\"article-desc\">\u00a9 Shutterstock &#8211; La mobilisation de jeudi s\u2019annonce massive \u00e0 la RATP et \u00e0 la SNCF, avec des perturbations d\u2019ampleur sur m\u00e9tros, bus, tramways, RER et Transiliens. <\/p>\n<p>La journ\u00e9e du <a href=\"https:\/\/mesinfos.fr\/apres-bloquons-tout-les-syndicats-veulent-mobiliser-massivement-le-18-septembre-229942.html\" rel=\"noopener nofollow\" target=\"_blank\">jeudi 18 septembre<\/a> s\u2019annonce comme une v\u00e9ritable \u00e9preuve pour les usagers des transports franciliens. Alors que le mouvement citoyen \u201cBloquons tout\u201d du 10 septembre avait connu un succ\u00e8s limit\u00e9 dans les r\u00e9seaux de transport, cette fois, les <a href=\"https:\/\/mesinfos.fr\/greve-sncf-le-18-septembre-on-a-deux-semaines-pour-mobiliser-229346.html\" rel=\"noopener nofollow\" target=\"_blank\">syndicats<\/a> de la <strong>RATP<\/strong> et de la <strong>SNCF<\/strong> annoncent une gr\u00e8ve largement suivie, avec un impact qui pourrait \u00eatre bien plus fort. Le ministre des Transports d\u00e9missionnaire, <strong>Philippe Tabarot<\/strong>, n\u2019a pas cach\u00e9 son inqui\u00e9tude sur franceinfo, estimant que la mobilisation \u201cpourrait \u00eatre plus forte le 18 que le 10\u201d et qu\u2019elle s\u2019apparenterait \u201ctr\u00e8s probablement \u00e0 <strong>une journ\u00e9e noire<\/strong>\u201d. <\/p>\n<p>Les appels \u00e0 la gr\u00e8ve se sont multipli\u00e9s dans les deux grandes entreprises de transport. \u00c0 la SNCF, trois organisations repr\u00e9sentatives \u2013 <strong>CGT-Cheminots, Unsa ferroviaire et CFDT-Cheminots<\/strong> \u2013 qui r\u00e9unissaient 70 % des voix aux derni\u00e8res \u00e9lections professionnelles, ont sign\u00e9 un communiqu\u00e9 commun appelant \u00e0 l\u2019<strong>arr\u00eat de travail<\/strong>. Seul <strong>SUD-Rail a choisi de rester \u00e0 l\u2019\u00e9cart <\/strong>du mouvement, apr\u00e8s avoir d\u00e9j\u00e0 mobilis\u00e9 le 10 septembre. \u00c0 la RATP, les quatre principaux syndicats (<strong>CGT, FO, Unsa Mobilit\u00e9 et CFE-CGC<\/strong>), repr\u00e9sentant 90 % des effectifs, appellent \u00e0 une <strong>mobilisation massive jeudi<\/strong>, un front syndical qui tranche avec la situation plus floue observ\u00e9e le 10 septembre.<\/p>\n<p> \u201cPlus de 80 % du personnel de conduite\u201d gr\u00e9viste <\/p>\n<p>C\u00f4t\u00e9 RATP, <strong>les lignes automatis\u00e9es du m\u00e9tro devraient \u00eatre un peu moins perturb\u00e9es<\/strong>. Mais elles risquent d\u2019\u00eatre prises d\u2019assaut par des usagers cherchant des alternatives. Pour le <strong>RER,<\/strong> La Base \u2013 syndicat majoritaire des conducteurs \u2013<strong> n\u2019a pas appel\u00e9 \u00e0 la gr\u00e8ve cette fois<\/strong>, contrairement au 10 septembre. Reste que les pr\u00e9visions exactes de trafic ne seront publi\u00e9es que mardi 16 septembre en fin de journ\u00e9e par la SNCF et la RATP, laissant les usagers dans l\u2019incertitude.<\/p>\n<p>Force ouvri\u00e8re (FO) RATP a d\u00e9j\u00e0 pr\u00e9venu dans un communiqu\u00e9 que le 18 septembre serait une \u201cjourn\u00e9e noire\u201d, affirmant que \u201c<strong>plus de 80 % du personnel de conduite<\/strong>\u201d se serait d\u00e9clar\u00e9 <strong>gr\u00e9viste<\/strong> d\u00e8s lundi. Le syndicat pr\u00e9voit \u201cdes lignes \u00e0 l\u2019arr\u00eat et d\u2019autres partiellement ouvertes\u201d. FO en profite pour r\u00e9clamer l\u2019arr\u00eat du \u201cd\u00e9mant\u00e8lement du groupe RATP par IDFM\u201d, des augmentations de salaires et le maintien d\u2019un \u201cv\u00e9ritable dialogue social\u201d dans l\u2019entreprise.<\/p>\n<p> La gr\u00e8ve en plus des travaux <\/p>\n<p>La mobilisation pourrait aussi \u00eatre marqu\u00e9e par des <strong>actions en marge des cort\u00e8ges syndicaux traditionnels<\/strong>. Selon des sources proches des services de renseignement, la journ\u00e9e pr\u00e9sente une \u201cmenace hybride\u201d, combinant des blocages surprises d\u00e8s la veille au soir ou t\u00f4t le matin, des d\u00e9fil\u00e9s syndicaux plus classiques et une dimension plus politique, port\u00e9e notamment par des militants de La France insoumise. <\/p>\n<p>\u00c0 ces perturbations s\u2019ajoutent <a href=\"https:\/\/mesinfos.fr\/ile-de-france\/transports-en-ile-de-france-les-travaux-a-anticiper-la-semaine-du-15-au-21-septembre-229554.html\" rel=\"noopener nofollow\" target=\"_blank\">les travaux de modernisation d\u00e9j\u00e0 en cours du 15 au 21 septembre<\/a>. Ils concernent plusieurs lignes du m\u00e9tro (6 et 10), les RER B, C, D et E, ainsi que les lignes H, J, K, N, P, R et U du Transilien. Les tramways T1, T2, T13 et T14 sont \u00e9galement affect\u00e9s par des interruptions programm\u00e9es. Une accumulation qui pourrait rendre la circulation quasi impossible pour des centaines de milliers de Franciliens jeudi.<\/p>\n","protected":false},"excerpt":{"rendered":"\u00a9 Shutterstock &#8211; La mobilisation de jeudi s\u2019annonce massive \u00e0 la RATP et \u00e0 la SNCF, avec des&hellip;\n","protected":false},"author":2,"featured_media":394664,"comment_status":"","ping_status":"","sticky":false,"template":"","format":"standard","meta":{"footnotes":""},"categories":[1592],"tags":[1111,11,1777,674,1011,27,11611,662,12,626,25],"class_list":{"0":"post-394663","1":"post","2":"type-post","3":"status-publish","4":"format-standard","5":"has-post-thumbnail","7":"category-ile-de-france","8":"tag-actu","9":"tag-actualites","10":"tag-eu","11":"tag-europe","12":"tag-fr","13":"tag-france","14":"tag-gru00e8ves","15":"tag-ile-de-france","16":"tag-news","17":"tag-paris","18":"tag-republique-francaise"},"share_on_mastodon":{"url":"https:\/\/pubeurope.com\/@fr\/115213125967519112","error":""},"_links":{"self":[{"href":"https:\/\/www.europesays.com\/fr\/wp-json\/wp\/v2\/posts\/394663","targetHints":{"allow":["GET"]}}],"collection":[{"href":"https:\/\/www.europesays.com\/fr\/wp-json\/wp\/v2\/posts"}],"about":[{"href":"https:\/\/www.europesays.com\/fr\/wp-json\/wp\/v2\/types\/post"}],"author":[{"embeddable":true,"href":"https:\/\/www.europesays.com\/fr\/wp-json\/wp\/v2\/users\/2"}],"replies":[{"embeddable":true,"href":"https:\/\/www.europesays.com\/fr\/wp-json\/wp\/v2\/comments?post=394663"}],"version-history":[{"count":0,"href":"https:\/\/www.europesays.com\/fr\/wp-json\/wp\/v2\/posts\/394663\/revisions"}],"wp:featuredmedia":[{"embeddable":true,"href":"https:\/\/www.europesays.com\/fr\/wp-json\/wp\/v2\/media\/394664"}],"wp:attachment":[{"href":"https:\/\/www.europesays.com\/fr\/wp-json\/wp\/v2\/media?parent=394663"}],"wp:term":[{"taxonomy":"category","embeddable":true,"href":"https:\/\/www.europesays.com\/fr\/wp-json\/wp\/v2\/categories?post=394663"},{"taxonomy":"post_tag","embeddable":true,"href":"https:\/\/www.europesays.com\/fr\/wp-json\/wp\/v2\/tags?post=394663"}],"curies":[{"name":"wp","href":"https:\/\/api.w.org\/{rel}","templated":true}]}}