{"id":394667,"date":"2025-09-16T08:53:10","date_gmt":"2025-09-16T08:53:10","guid":{"rendered":"https:\/\/www.europesays.com\/fr\/394667\/"},"modified":"2025-09-16T08:53:10","modified_gmt":"2025-09-16T08:53:10","slug":"le-train-de-nuit-paris-briancon-circulera-entre-le-22-septembre-et-le-2-octobre","status":"publish","type":"post","link":"https:\/\/www.europesays.com\/fr\/394667\/","title":{"rendered":"Le train de nuit Paris-Brian\u00e7on circulera entre le 22 septembre et le 2 octobre"},"content":{"rendered":"<p itemprop=\"description\"><strong>TRANSPORT \/ Annonce faite par la d\u00e9put\u00e9e des Hautes-Alpes Marie-Jos\u00e9 Allemand, apr\u00e8s des essais techniques r\u00e9ussis il y a 10 jours<\/strong><\/p>\n<p>\u00a0<\/p>\n<p><strong>-Hautes-Alpes-<\/strong><\/p>\n<p class=\"MsoNormal\" style=\"text-align: justify;\">Le train de nuit entre Paris et Brian\u00e7on circulera entre le 22 septembre et le 2 octobre. Annonce faite ce mardi matin par la d\u00e9put\u00e9e des Hautes-Alpes, Marie-Jos\u00e9 Allemand. Des tests techniques ont eu lieu les 6 et 7 septembre dernier, \u00ab\u00a0r\u00e9ussis\u00a0\u00bb explique la parlementaire qui a obtenu la confirmation de la SNCF d\u2019une mise en circulation durant une semaine et demie.<\/p>\n<p class=\"MsoNormal\" style=\"text-align: justify;\">Les d\u00e9parts de la capitale auront lieu les lundi, mardi et mercredi \u00e0 21h02 depuis la gare d\u2019Austerlitz pour une arriv\u00e9e \u00e0 Gap \u00e0 9h05 et \u00e0 Brian\u00e7on \u00e0 10h45 le lendemain. Les retours partiront de la Cit\u00e9 Vauban les mardi, mercredi et jeudi \u00e0 18h21 et de Gap \u00e0 19h53 pour une arriv\u00e9e \u00e0 Paris \u00e0 7h41.<\/p>\n<p class=\"MsoNormal\" style=\"text-align: justify;\">Un signal \u00ab\u00a0fort\u00a0en faveur du transport ferroviaire de nuit, \u00e9cologique et accessible qui r\u00e9pond \u00e0 la n\u00e9cessit\u00e9 de d\u00e9senclaver nos territoires de montagne\u00a0\u00bb pour Marie-Jos\u00e9 Allemand.<\/p>\n<p class=\"MsoNormal\" style=\"text-align: right;\"><strong>C. Cava Michard<\/strong><\/p>\n","protected":false},"excerpt":{"rendered":"TRANSPORT \/ Annonce faite par la d\u00e9put\u00e9e des Hautes-Alpes Marie-Jos\u00e9 Allemand, apr\u00e8s des essais techniques r\u00e9ussis il y&hellip;\n","protected":false},"author":2,"featured_media":394668,"comment_status":"","ping_status":"","sticky":false,"template":"","format":"standard","meta":{"footnotes":""},"categories":[1888],"tags":[1111,1928,11,1927,7733,8279,7736,650,7734,2889,2263,1777,674,1011,27,1085,8280,6417,1114,4662,12,1926,626,1925,3725,1825,25,7053,7737],"class_list":{"0":"post-394667","1":"post","2":"type-post","3":"status-publish","4":"format-standard","5":"has-post-thumbnail","7":"category-paris","8":"tag-actu","9":"tag-actu-paris","10":"tag-actualites","11":"tag-actualites-paris","12":"tag-alpes","13":"tag-alpes1","14":"tag-cds","15":"tag-cinema","16":"tag-ecoute","17":"tag-emission","18":"tag-equipe","19":"tag-eu","20":"tag-europe","21":"tag-fr","22":"tag-france","23":"tag-gap","24":"tag-haute","25":"tag-information","26":"tag-infos","27":"tag-journal","28":"tag-news","29":"tag-news-paris","30":"tag-paris","31":"tag-paris-news","32":"tag-podcast","33":"tag-radio","34":"tag-republique-francaise","35":"tag-sud","36":"tag-winamp"},"share_on_mastodon":{"url":"https:\/\/pubeurope.com\/@fr\/115213133682223588","error":""},"_links":{"self":[{"href":"https:\/\/www.europesays.com\/fr\/wp-json\/wp\/v2\/posts\/394667","targetHints":{"allow":["GET"]}}],"collection":[{"href":"https:\/\/www.europesays.com\/fr\/wp-json\/wp\/v2\/posts"}],"about":[{"href":"https:\/\/www.europesays.com\/fr\/wp-json\/wp\/v2\/types\/post"}],"author":[{"embeddable":true,"href":"https:\/\/www.europesays.com\/fr\/wp-json\/wp\/v2\/users\/2"}],"replies":[{"embeddable":true,"href":"https:\/\/www.europesays.com\/fr\/wp-json\/wp\/v2\/comments?post=394667"}],"version-history":[{"count":0,"href":"https:\/\/www.europesays.com\/fr\/wp-json\/wp\/v2\/posts\/394667\/revisions"}],"wp:featuredmedia":[{"embeddable":true,"href":"https:\/\/www.europesays.com\/fr\/wp-json\/wp\/v2\/media\/394668"}],"wp:attachment":[{"href":"https:\/\/www.europesays.com\/fr\/wp-json\/wp\/v2\/media?parent=394667"}],"wp:term":[{"taxonomy":"category","embeddable":true,"href":"https:\/\/www.europesays.com\/fr\/wp-json\/wp\/v2\/categories?post=394667"},{"taxonomy":"post_tag","embeddable":true,"href":"https:\/\/www.europesays.com\/fr\/wp-json\/wp\/v2\/tags?post=394667"}],"curies":[{"name":"wp","href":"https:\/\/api.w.org\/{rel}","templated":true}]}}