{"id":394681,"date":"2025-09-16T09:00:22","date_gmt":"2025-09-16T09:00:22","guid":{"rendered":"https:\/\/www.europesays.com\/fr\/394681\/"},"modified":"2025-09-16T09:00:22","modified_gmt":"2025-09-16T09:00:22","slug":"allemagne-prison-a-vie-pour-lauteur-afghan-de-lattaque-au-couteau-de-mannheim-16-09-2025-a-1024","status":"publish","type":"post","link":"https:\/\/www.europesays.com\/fr\/394681\/","title":{"rendered":"Allemagne: prison \u00e0 vie pour l&rsquo;auteur afghan de l&rsquo;attaque au couteau de Mannheim &#8211; 16\/09\/2025 \u00e0 10:24"},"content":{"rendered":"<p>        <img fetchpriority=\"high\" decoding=\"async\" src=\"https:\/\/www.europesays.com\/fr\/wp-content\/uploads\/2025\/09\/c8daf506a23d228ed38fe04104f9c825-760x521.jpg\" alt=\"L'accus\u00e9 (g) arrive dans la salle d'audience du tribunal r\u00e9gional de Stuttgart-Stammheim, dans le sud de l'Allemagne, le 13 f\u00e9vrier 2025 ( POOL \/ THOMAS KIENZLE )\" loading=\"eager\" width=\"760\" height=\"521\" style=\"max-width: 100%!important; height: auto;\"\/><\/p>\n<p class=\"c-image-news__legend\">L&rsquo;accus\u00e9 (g) arrive dans la salle d&rsquo;audience du tribunal r\u00e9gional de Stuttgart-Stammheim, dans le sud de l&rsquo;Allemagne, le 13 f\u00e9vrier 2025 ( POOL \/ THOMAS KIENZLE )<\/p>\n<p>\n C&rsquo;est le premier attentat d&rsquo;une s\u00e9rie qui a polaris\u00e9 la soci\u00e9t\u00e9 allemande: l&rsquo;auteur afghan de l&rsquo;attaque au couteau de Mannheim, qui visait un rassemblement anti-islam et avait abouti \u00e0 la mort d&rsquo;un policier fin mai 2024, a \u00e9t\u00e9 condamn\u00e9 mardi \u00e0 la prison \u00e0 perp\u00e9tuit\u00e9.\n<\/p>\n<p>\n Le tribunal de Stuttgart a assorti la peine de prison \u00e0 vie d&rsquo;une reconnaissance de la gravit\u00e9 particuli\u00e8re de la culpabilit\u00e9, ce qui exclut quasiment une lib\u00e9ration anticip\u00e9e de Sulaiman A., 26 ans, consid\u00e9r\u00e9 comme un partisan du groupe jihadiste \u00c9tat islamique (EI).\n<\/p>\n<p>\n Les juges ont ainsi suivi les r\u00e9quisitions du parquet. La d\u00e9fense de l&rsquo;accus\u00e9 avait aussi plaid\u00e9 pour la r\u00e9clusion \u00e0 perp\u00e9tuit\u00e9, mais sans mention de la gravit\u00e9 particuli\u00e8re du crime.\n<\/p>\n<p>\n Accus\u00e9 d&rsquo;un meurtre et de cinq tentatives, le jeune Afghan a reconnu les faits et fini par pr\u00e9senter, au bout du proc\u00e8s, ses excuses aux proches du policier tu\u00e9.\n<\/p>\n<p>\n Il a expliqu\u00e9 s&rsquo;\u00eatre radicalis\u00e9 au cours d&rsquo;\u00e9changes sur les r\u00e9seaux sociaux, et imput\u00e9 sa radicalisation \u00e0 l&rsquo;offensive isra\u00e9lienne contre le Hamas \u00e0 Gaza.\n<\/p>\n<p>        <img decoding=\"async\" src=\"https:\/\/www.europesays.com\/fr\/wp-content\/uploads\/2025\/09\/1e5c0135b896837ada4e442a3ee5493c-760x500.jpg\" alt=\"Des policiers sur les lieux d'une attaque au couteau \u00e0 Mannheim, dans l'ouest de l'Allemagne, le 31 mai 2024 ( AFP \/ Kirill KUDRYAVTSEV )\" loading=\"eager\" width=\"760\" height=\"500\" style=\"max-width: 100%!important; height: auto;\"\/><\/p>\n<p class=\"c-image-news__legend\">Des policiers sur les lieux d&rsquo;une attaque au couteau \u00e0 Mannheim, dans l&rsquo;ouest de l&rsquo;Allemagne, le 31 mai 2024 ( AFP \/ Kirill KUDRYAVTSEV )<\/p>\n<p>\n Le 31 mai 2024 \u00e0 Mannheim (ouest), sur la place du march\u00e9, il s&rsquo;en \u00e9tait pris \u00e0 plusieurs membres d&rsquo;une organisation anti-islam, le Mouvement citoyen Pax Europa (BPE), poignardant l&rsquo;orateur principal, Michael St\u00fcrzenberger, d\u00e9j\u00e0 condamn\u00e9 pour incitation \u00e0 la haine raciale.\n<\/p>\n<p>\n Sulaiman A. a ensuite donn\u00e9 plusieurs coups de couteau \u00e0 quatre personnes qui voulaient l&rsquo;arr\u00eater, avant de s&rsquo;en prendre \u00e0 un policier de 29 ans.\n<\/p>\n<p>\n Une vid\u00e9o le montrant en train de frapper l&rsquo;agent \u00e0 la t\u00eate avait largement circul\u00e9 sur les r\u00e9seaux sociaux, accentuant l&rsquo;\u00e9motion. La victime \u00e9tait d\u00e9c\u00e9d\u00e9e deux jours plus tard \u00e0 l&rsquo;h\u00f4pital.\n<\/p>\n<p> &#8211; Mineur non accompagn\u00e9 &#8211;<\/p>\n<p>\n Selon les enqu\u00eateurs, Sulaiman A., un partisan du groupe jihadiste Etat islamique (EI), aurait d\u00e9cid\u00e9 au printemps 2024 de commettre un attentat en Allemagne contre des \u00ab\u00a0infid\u00e8les\u00a0\u00bb.\n<\/p>\n<p>\n Des m\u00e9dias allemands ont affirm\u00e9 qu&rsquo;il \u00e9tait arriv\u00e9 en Allemagne \u00e0 l&rsquo;\u00e2ge de 14 ans, avec son fr\u00e8re, mais sans leurs parents. Ils se sont vu refuser l&rsquo;asile mais, en tant que mineurs non accompagn\u00e9s, ont b\u00e9n\u00e9fici\u00e9 d&rsquo;un sursis, puis d&rsquo;un titre de s\u00e9jour.\n<\/p>\n<p>        <img decoding=\"async\" src=\"https:\/\/www.europesays.com\/fr\/wp-content\/uploads\/2025\/09\/aeda2ab96edd4c6179364fbf7b49bcec-760x507.jpg\" alt=\"Un rassemblement du parti d'extr\u00eame droite AfD \u00e0 Cottbus, en Allemagne, le 19 septembre 2024 ( AFP \/ RALF HIRSCHBERGER )\" loading=\"eager\" width=\"760\" height=\"507\" style=\"max-width: 100%!important; height: auto;\"\/><\/p>\n<p class=\"c-image-news__legend\">Un rassemblement du parti d&rsquo;extr\u00eame droite AfD \u00e0 Cottbus, en Allemagne, le 19 septembre 2024 ( AFP \/ RALF HIRSCHBERGER )<\/p>\n<p>\n Ce verdict survient une semaine apr\u00e8s une autre condamnation \u00e0 perp\u00e9tuit\u00e9, celle d&rsquo;un Syrien, pour une autre attaque jihadiste au couteau, \u00e0 Solingen, qui avait fait trois morts en ao\u00fbt 2024.\n<\/p>\n<p>\n Espac\u00e9s de trois mois, ces deux attentats avaient pes\u00e9 sur les \u00e9lections l\u00e9gislatives de l&rsquo;hiver suivant, marqu\u00e9es par la progression du parti d&rsquo;extr\u00eame droite AfD.\n<\/p>\n<p>\n Au cours de la campagne, l&rsquo;Allemagne a connu d&rsquo;autres violences meurtri\u00e8res impliquant des ressortissants \u00e9trangers qui ont enflamm\u00e9 le d\u00e9bat sur la politique d&rsquo;asile et la s\u00e9curit\u00e9.\n<\/p>\n<p>\n Mi-f\u00e9vrier, l&rsquo;ouverture du proc\u00e8s de Sulaiman A. avait d&rsquo;ailleurs co\u00efncid\u00e9 avec une attaque \u00e0 la voiture-b\u00e9lier \u00e0 Munich, dont l&rsquo;auteur pr\u00e9sum\u00e9 est \u00e9galement Afghan. Elle a fait deux morts et 44 bless\u00e9s graves.\n<\/p>\n<p> &#8211; Un million de r\u00e9fugi\u00e9s &#8211;<\/p>\n<p>\n Peu avant, fin janvier, un Afghan souffrant de troubles psychiatriques s&rsquo;en est pris \u00e0 un groupe d&rsquo;enfants dans un parc \u00e0 Aschaffenbourg (sud), poignardant \u00e0 mort deux personnes, dont un gar\u00e7on de deux ans.\n<\/p>\n<p>        <img decoding=\"async\" src=\"https:\/\/www.europesays.com\/fr\/wp-content\/uploads\/2025\/09\/c8303ff8a701f66d110ffa86de30db0d-760x506.jpg\" alt=\"La chanceli\u00e8re allemande de l'\u00e9poque, Angela Merkel, donne une conf\u00e9rence de presse \u00e0 Berlin, le 31 ao\u00fbt 2015 ( AFP \/ John MACDOUGALL )\" loading=\"eager\" width=\"760\" height=\"506\" style=\"max-width: 100%!important; height: auto;\"\/><\/p>\n<p class=\"c-image-news__legend\">La chanceli\u00e8re allemande de l&rsquo;\u00e9poque, Angela Merkel, donne une conf\u00e9rence de presse \u00e0 Berlin, le 31 ao\u00fbt 2015 ( AFP \/ John MACDOUGALL )<\/p>\n<p>\n La premi\u00e8re \u00e9conomie europ\u00e9enne a accueilli plus d&rsquo;un million de r\u00e9fugi\u00e9s, dont de tr\u00e8s nombreux Syriens et Afghans, lors de la crise migratoire de 2015-2016. Mais elle a aujourd&rsquo;hui d\u00e9finitivement tourn\u00e9 cette page associ\u00e9e \u00e0 l&rsquo;ex-chanceli\u00e8re Angela Merkel (2005-2021).\n<\/p>\n<p>\n Pour enrayer l&rsquo;ascension de l&rsquo;AfD, le chancelier conservateur Friedrich Merz a op\u00e9r\u00e9 un nouveau tour de vis sur la politique migratoire, instaurant notamment le refoulement des demandeurs d&rsquo;asile aux fronti\u00e8res.\n<\/p>\n<p>\n En juillet, sa coalition a organis\u00e9 le rapatriement de 81 condamn\u00e9s afghans dans leur pays, malgr\u00e9 la pr\u00e9sence au pouvoir des talibans.\n<\/p>\n<p>\n Samedi, le minist\u00e8re de l&rsquo;Int\u00e9rieur a redit \u00e0 l&rsquo;AFP son intention de \u00ab\u00a0permettre des rapatriements r\u00e9guliers et fr\u00e9quents vers l&rsquo;Afghanistan\u00a0\u00bb, justifiant ainsi des \u00ab\u00a0discussions techniques\u00a0\u00bb avec les talibans.<\/p>\n","protected":false},"excerpt":{"rendered":"L&rsquo;accus\u00e9 (g) arrive dans la salle d&rsquo;audience du tribunal r\u00e9gional de Stuttgart-Stammheim, dans le sud de l&rsquo;Allemagne, le&hellip;\n","protected":false},"author":2,"featured_media":394682,"comment_status":"","ping_status":"","sticky":false,"template":"","format":"standard","meta":{"footnotes":""},"categories":[1587],"tags":[400,11,672,398,408,1804,405,1805,1803,1777,674,1801,403,402,399,404,12,1802,401,406,407],"class_list":{"0":"post-394681","1":"post","2":"type-post","3":"status-publish","4":"format-standard","5":"has-post-thumbnail","7":"category-allemagne","8":"tag-action-cac-40","9":"tag-actualites","10":"tag-allemagne","11":"tag-bourse-de-paris","12":"tag-boursorama","13":"tag-bundesrepublik-deutschland","14":"tag-cotations","15":"tag-de","16":"tag-deutschland","17":"tag-eu","18":"tag-europe","19":"tag-germany","20":"tag-indices-devises","21":"tag-investir","22":"tag-investissement","23":"tag-marche-boursier","24":"tag-news","25":"tag-republique-federale-dallemagne","26":"tag-sicav","27":"tag-trackers","28":"tag-warrants"},"share_on_mastodon":{"url":"https:\/\/pubeurope.com\/@fr\/115213161271821457","error":""},"_links":{"self":[{"href":"https:\/\/www.europesays.com\/fr\/wp-json\/wp\/v2\/posts\/394681","targetHints":{"allow":["GET"]}}],"collection":[{"href":"https:\/\/www.europesays.com\/fr\/wp-json\/wp\/v2\/posts"}],"about":[{"href":"https:\/\/www.europesays.com\/fr\/wp-json\/wp\/v2\/types\/post"}],"author":[{"embeddable":true,"href":"https:\/\/www.europesays.com\/fr\/wp-json\/wp\/v2\/users\/2"}],"replies":[{"embeddable":true,"href":"https:\/\/www.europesays.com\/fr\/wp-json\/wp\/v2\/comments?post=394681"}],"version-history":[{"count":0,"href":"https:\/\/www.europesays.com\/fr\/wp-json\/wp\/v2\/posts\/394681\/revisions"}],"wp:featuredmedia":[{"embeddable":true,"href":"https:\/\/www.europesays.com\/fr\/wp-json\/wp\/v2\/media\/394682"}],"wp:attachment":[{"href":"https:\/\/www.europesays.com\/fr\/wp-json\/wp\/v2\/media?parent=394681"}],"wp:term":[{"taxonomy":"category","embeddable":true,"href":"https:\/\/www.europesays.com\/fr\/wp-json\/wp\/v2\/categories?post=394681"},{"taxonomy":"post_tag","embeddable":true,"href":"https:\/\/www.europesays.com\/fr\/wp-json\/wp\/v2\/tags?post=394681"}],"curies":[{"name":"wp","href":"https:\/\/api.w.org\/{rel}","templated":true}]}}