{"id":394683,"date":"2025-09-16T09:01:10","date_gmt":"2025-09-16T09:01:10","guid":{"rendered":"https:\/\/www.europesays.com\/fr\/394683\/"},"modified":"2025-09-16T09:01:10","modified_gmt":"2025-09-16T09:01:10","slug":"mario-draghi-deplore-la-lenteur-de-leurope-a-agir-pour-sa-competitivite","status":"publish","type":"post","link":"https:\/\/www.europesays.com\/fr\/394683\/","title":{"rendered":"Mario Draghi d\u00e9plore la \u00ablenteur\u00bb de l\u2019Europe \u00e0 agir pour sa comp\u00e9titivit\u00e9"},"content":{"rendered":"<p>Cette nouvelle alerte de l\u2019ancien pr\u00e9sident de la BCE survient un an apr\u00e8s la remise de son rapport pr\u00f4nant des \u00abr\u00e9formes radicales\u00bb de l\u2019UE pour \u00e9chapper au d\u00e9crochage \u00e9conomique.<\/p>\n<p class=\"fig-paragraph\">Le nouveau cri d\u2019alarme de Mario Draghi. L\u2019ancien pr\u00e9sident de la Banque centrale europ\u00e9enne a d\u00e9plor\u00e9 mardi la \u00ablenteur\u00bb de l\u2019Europe \u00e0 agir pour redresser sa comp\u00e9titivit\u00e9, un an apr\u00e8s\u00a0<a href=\"http:\/\/www.lefigaro.fr\/conjoncture\/un-an-apres-seulement-10-du-rapport-draghi-qui-devait-reveiller-l-europe-a-ete-applique-20250904\" target=\"_blank\" data-fig-type=\"Article\" rel=\"noopener nofollow\" data-gtm-custom-categorie=\"navigation\" data-gtm-custom-action=\"crossclick\" data-gtm-custom-label=\"Contextuel\" data-gtm-event=\"customEventSPE\" data-fig-domain=\"LEFIGARO\">la remise d\u2019un rapport<\/a>\u00a0pr\u00f4nant des \u00abr\u00e9formes radicales\u00bb pour \u00e9chapper au d\u00e9crochage \u00e9conomique.<\/p>\n<p class=\"fig-paragraph\">\u00abLes entreprises et les citoyens (&#8230;) sont d\u00e9\u00e7us par la lenteur de l\u2019Europe, et son incapacit\u00e9 \u00e0 aller aussi vite\u00bb que les \u00c9tats-Unis ou la Chine, a-t-il d\u00e9clar\u00e9 dans un discours \u00e0 Bruxelles.<\/p>\n<p>                                    <a class=\"fig-a11y-skip a11y-hidden\" href=\"#fig-a11y-skip-main-inarticle\"><br \/>\n        Passer la publicit\u00e9<br \/>\n    <\/a><\/p>\n<p class=\"fig-paragraph\">Plus d\u2019informations \u00e0 venir&#8230;<\/p>\n","protected":false},"excerpt":{"rendered":"Cette nouvelle alerte de l\u2019ancien pr\u00e9sident de la BCE survient un an apr\u00e8s la remise de son rapport&hellip;\n","protected":false},"author":2,"featured_media":394684,"comment_status":"","ping_status":"","sticky":false,"template":"","format":"standard","meta":{"footnotes":""},"categories":[1586],"tags":[11,19610,1777,674,1011,27,17912,12,25,364],"class_list":{"0":"post-394683","1":"post","2":"type-post","3":"status-publish","4":"format-standard","5":"has-post-thumbnail","7":"category-europe","8":"tag-actualites","9":"tag-competitivite","10":"tag-eu","11":"tag-europe","12":"tag-fr","13":"tag-france","14":"tag-mario-draghi","15":"tag-news","16":"tag-republique-francaise","17":"tag-union-europeenne"},"share_on_mastodon":{"url":"https:\/\/pubeurope.com\/@fr\/115213165118927718","error":""},"_links":{"self":[{"href":"https:\/\/www.europesays.com\/fr\/wp-json\/wp\/v2\/posts\/394683","targetHints":{"allow":["GET"]}}],"collection":[{"href":"https:\/\/www.europesays.com\/fr\/wp-json\/wp\/v2\/posts"}],"about":[{"href":"https:\/\/www.europesays.com\/fr\/wp-json\/wp\/v2\/types\/post"}],"author":[{"embeddable":true,"href":"https:\/\/www.europesays.com\/fr\/wp-json\/wp\/v2\/users\/2"}],"replies":[{"embeddable":true,"href":"https:\/\/www.europesays.com\/fr\/wp-json\/wp\/v2\/comments?post=394683"}],"version-history":[{"count":0,"href":"https:\/\/www.europesays.com\/fr\/wp-json\/wp\/v2\/posts\/394683\/revisions"}],"wp:featuredmedia":[{"embeddable":true,"href":"https:\/\/www.europesays.com\/fr\/wp-json\/wp\/v2\/media\/394684"}],"wp:attachment":[{"href":"https:\/\/www.europesays.com\/fr\/wp-json\/wp\/v2\/media?parent=394683"}],"wp:term":[{"taxonomy":"category","embeddable":true,"href":"https:\/\/www.europesays.com\/fr\/wp-json\/wp\/v2\/categories?post=394683"},{"taxonomy":"post_tag","embeddable":true,"href":"https:\/\/www.europesays.com\/fr\/wp-json\/wp\/v2\/tags?post=394683"}],"curies":[{"name":"wp","href":"https:\/\/api.w.org\/{rel}","templated":true}]}}