{"id":394687,"date":"2025-09-16T09:03:11","date_gmt":"2025-09-16T09:03:11","guid":{"rendered":"https:\/\/www.europesays.com\/fr\/394687\/"},"modified":"2025-09-16T09:03:11","modified_gmt":"2025-09-16T09:03:11","slug":"boualem-sansal-soppose-a-etre-nomme-pour-le-prix-sakharov-par-le-groupe-de-jordan-bardella-au-parlement-europeen","status":"publish","type":"post","link":"https:\/\/www.europesays.com\/fr\/394687\/","title":{"rendered":"Boualem Sansal s\u2019oppose \u00e0 \u00eatre nomm\u00e9 pour le Prix Sakharov par le groupe de Jordan Bardella au Parlement europ\u00e9en"},"content":{"rendered":"<p>Le groupe \u00abPatriotes pour l\u2019Europe\u00bb (PfE), qui compte 85 eurod\u00e9put\u00e9s, a propos\u00e9 le nom de l\u2019\u00e9crivain, emprisonn\u00e9 depuis le 16 novembre 2024 en Alg\u00e9rie, pour le prix annuel europ\u00e9en \u00abpour la libert\u00e9 de l\u2019esprit\u00bb.<\/p>\n<p class=\"fig-paragraph\">L&rsquo;\u00e9crivain franco-alg\u00e9rien\u00a0<a href=\"https:\/\/www.lefigaro.fr\/tag\/boualem-sansal\" target=\"_blank\" rel=\"sponsored noopener nofollow\" data-gtm-custom-categorie=\"navigation\" data-gtm-custom-action=\"crossclick\" data-gtm-custom-label=\"Contextuel\" data-gtm-event=\"customEventSPE\">Boualem Sansal<\/a>\u00a0s&rsquo;oppose \u00e0 sa nomination pour le\u00a0<a href=\"http:\/\/www.lefigaro.fr\/international\/les-opposants-venezueliens-machado-et-urrutia-recoivent-le-prix-sakharov-20241024\" data-fig-type=\"NewsFlash\" data-gtm-custom-categorie=\"navigation\" data-gtm-custom-action=\"crossclick\" data-gtm-custom-label=\"Contextuel\" data-gtm-event=\"customEventSPE\" data-fig-domain=\"LEFIGARO\" rel=\"nofollow noopener\" target=\"_blank\">Prix Sakharov<\/a>\u00a02025 par le groupe nationaliste au Parlement europ\u00e9en pr\u00e9sid\u00e9 par\u00a0<a href=\"https:\/\/www.lefigaro.fr\/tag\/jordan-bardella\" target=\"_blank\" rel=\"sponsored noopener nofollow\" data-gtm-custom-categorie=\"navigation\" data-gtm-custom-action=\"crossclick\" data-gtm-custom-label=\"Contextuel\" data-gtm-event=\"customEventSPE\">Jordan Bardella<\/a>\u00a0(RN), a-t-on appris lundi aupr\u00e8s de son \u00e9diteur Gallimard. Le groupe \u00abPatriotes pour l&rsquo;Europe\u00bb (PfE), qui compte 85 eurod\u00e9put\u00e9s, a propos\u00e9 le nom de l&rsquo;\u00e9crivain, emprisonn\u00e9 depuis le 16 novembre 2024 en Alg\u00e9rie, pour le prix annuel europ\u00e9en \u00abpour la libert\u00e9 de l&rsquo;esprit\u00bb.<\/p>\n<p class=\"fig-paragraph\">\u00abMalgr\u00e9 la tr\u00e8s grande estime dans laquelle il tient ce prix, Boualem Sansal, par la voix de son \u00e9pouse, a fait savoir qu&rsquo;il consid\u00e9rait comme irrecevable cette d\u00e9marche insidieusement partisane\u00bb, a indiqu\u00e9 Antoine Gallimard dans un communiqu\u00e9. \u00abL&rsquo;engagement continu de Boualem Sansal en faveur de la paix et de la libert\u00e9 ne justifie en aucun cas qu&rsquo;en son absence, on associe son nom et ses \u00e9crits aux vis\u00e9es d&rsquo;un mouvement dont la radicalit\u00e9 politique est \u00e9trang\u00e8re \u00e0 l&rsquo;esprit de tol\u00e9rance qu&rsquo;il a toujours promu\u00bb, a-t-il ajout\u00e9.<\/p>\n<p>                                    <a class=\"fig-a11y-skip a11y-hidden\" href=\"#fig-a11y-skip-main-inarticle\"><br \/>\n        Passer la publicit\u00e9<br \/>\n    <\/a><\/p>\n<p>Condamn\u00e9 \u00e0 5 ans de prison ferme pour \u00abatteinte \u00e0 l\u2019unit\u00e9 nationale\u00bb<\/p>\n<p class=\"fig-paragraph\">L&rsquo;\u00e9diteur a pr\u00e9cis\u00e9 que, \u00abs&rsquo;il advenait que cette &lsquo;candidature&rsquo; forc\u00e9e \u00e9tait retenue, ce prix Sakharov serait refus\u00e9 par les repr\u00e9sentants de l&rsquo;\u00e9crivain en France\u00bb. \u00c2g\u00e9 de 80 ans et malade, Boualem Sansal a \u00e9t\u00e9 condamn\u00e9 \u00e0 5 ans de prison ferme notamment pour \u00abatteinte \u00e0 l&rsquo;unit\u00e9 nationale\u00bb. Le romancier et essayiste a \u00e9t\u00e9 condamn\u00e9 notamment pour des d\u00e9clarations en octobre 2024 au m\u00e9dia fran\u00e7ais d&rsquo;extr\u00eame droite Fronti\u00e8res, o\u00f9 il estimait que l&rsquo;Alg\u00e9rie avait h\u00e9rit\u00e9 sous la colonisation fran\u00e7aise de territoires appartenant jusque-l\u00e0 au Maroc.<\/p>\n<p class=\"fig-paragraph\">Plusieurs romanciers, dont\u00a0<a href=\"https:\/\/www.lefigaro.fr\/livres\/la-cecite-des-rivieres-de-paule-constant-le-coeur-des-tenebres-20220323\" data-fig-type=\"Article\" data-gtm-custom-categorie=\"navigation\" data-gtm-custom-action=\"crossclick\" data-gtm-custom-label=\"Contextuel\" data-gtm-event=\"customEventSPE\" data-fig-domain=\"LEFIGARO\" rel=\"nofollow noopener\" target=\"_blank\">Paule Constant<\/a>,\u00a0<a href=\"http:\/\/www.lefigaro.fr\/actualite-france\/vous-m-avez-interdit-de-revenir-dans-mon-pays-la-colere-de-kamel-daoud-empeche-de-se-rendre-aux-funerailles-de-sa-mere-20250713\" data-fig-type=\"NewsFlash\" data-gtm-custom-categorie=\"navigation\" data-gtm-custom-action=\"crossclick\" data-gtm-custom-label=\"Contextuel\" data-gtm-event=\"customEventSPE\" data-fig-domain=\"LEFIGARO\" rel=\"nofollow noopener\" target=\"_blank\">Kamel Daoud<\/a>\u00a0et le prix Nobel de litt\u00e9rature\u00a0<a href=\"https:\/\/www.lefigaro.fr\/livres\/j-m-g-le-clezio-je-ne-sais-pas-qui-je-suis-20240111\" data-fig-type=\"Article\" data-gtm-custom-categorie=\"navigation\" data-gtm-custom-action=\"crossclick\" data-gtm-custom-label=\"Contextuel\" data-gtm-event=\"customEventSPE\" data-fig-domain=\"LEFIGARO\" rel=\"nofollow noopener\" target=\"_blank\">JMG Le Cl\u00e9zio<\/a>, ont particip\u00e9 \u00e0 un rassemblement de soutien ce week-end au festival du livre de Nancy. Un \u00abcollectif de citoyens\u00bb a appel\u00e9 \u00e0 un rassemblement \u00abpacifique\u00bb mercredi soir \u00e0 Paris. Une adaptation de son roman \u00abLe village de l&rsquo;Allemand\u00bb sera \u00e9galement jou\u00e9e dans la soir\u00e9e dans un th\u00e9\u00e2tre parisien. En ao\u00fbt,\u00a0<a href=\"https:\/\/www.lefigaro.fr\/tag\/Emmanuel-Macron\" target=\"_blank\" rel=\"sponsored noopener nofollow\" data-gtm-custom-categorie=\"navigation\" data-gtm-custom-action=\"crossclick\" data-gtm-custom-label=\"Contextuel\" data-gtm-event=\"customEventSPE\">Emmanuel Macron<\/a>\u00a0avait affirm\u00e9 que la France devait agir \u00abavec plus de fermet\u00e9 et de d\u00e9termination\u00bb vis-\u00e0-vis de l&rsquo;Alg\u00e9rie, \u00e9voquant le \u00absort r\u00e9serv\u00e9\u00bb \u00e0 Boualem Sansal et \u00e0 Christophe Gleizes, journaliste fran\u00e7ais emprisonn\u00e9 \u00e0 Tizi Ouzou.<\/p>\n","protected":false},"excerpt":{"rendered":"Le groupe \u00abPatriotes pour l\u2019Europe\u00bb (PfE), qui compte 85 eurod\u00e9put\u00e9s, a propos\u00e9 le nom de l\u2019\u00e9crivain, emprisonn\u00e9 depuis&hellip;\n","protected":false},"author":2,"featured_media":394688,"comment_status":"","ping_status":"","sticky":false,"template":"","format":"standard","meta":{"footnotes":""},"categories":[2],"tags":[11,4142,1011,27,12,25],"class_list":{"0":"post-394687","1":"post","2":"type-post","3":"status-publish","4":"format-standard","5":"has-post-thumbnail","7":"category-actualites","8":"tag-actualites","9":"tag-boualem-sansal","10":"tag-fr","11":"tag-france","12":"tag-news","13":"tag-republique-francaise"},"share_on_mastodon":{"url":"https:\/\/pubeurope.com\/@fr\/115213172956843724","error":""},"_links":{"self":[{"href":"https:\/\/www.europesays.com\/fr\/wp-json\/wp\/v2\/posts\/394687","targetHints":{"allow":["GET"]}}],"collection":[{"href":"https:\/\/www.europesays.com\/fr\/wp-json\/wp\/v2\/posts"}],"about":[{"href":"https:\/\/www.europesays.com\/fr\/wp-json\/wp\/v2\/types\/post"}],"author":[{"embeddable":true,"href":"https:\/\/www.europesays.com\/fr\/wp-json\/wp\/v2\/users\/2"}],"replies":[{"embeddable":true,"href":"https:\/\/www.europesays.com\/fr\/wp-json\/wp\/v2\/comments?post=394687"}],"version-history":[{"count":0,"href":"https:\/\/www.europesays.com\/fr\/wp-json\/wp\/v2\/posts\/394687\/revisions"}],"wp:featuredmedia":[{"embeddable":true,"href":"https:\/\/www.europesays.com\/fr\/wp-json\/wp\/v2\/media\/394688"}],"wp:attachment":[{"href":"https:\/\/www.europesays.com\/fr\/wp-json\/wp\/v2\/media?parent=394687"}],"wp:term":[{"taxonomy":"category","embeddable":true,"href":"https:\/\/www.europesays.com\/fr\/wp-json\/wp\/v2\/categories?post=394687"},{"taxonomy":"post_tag","embeddable":true,"href":"https:\/\/www.europesays.com\/fr\/wp-json\/wp\/v2\/tags?post=394687"}],"curies":[{"name":"wp","href":"https:\/\/api.w.org\/{rel}","templated":true}]}}