{"id":394691,"date":"2025-09-16T09:05:21","date_gmt":"2025-09-16T09:05:21","guid":{"rendered":"https:\/\/www.europesays.com\/fr\/394691\/"},"modified":"2025-09-16T09:05:21","modified_gmt":"2025-09-16T09:05:21","slug":"handball-grace-zaadi-nommee-capitaine-de-lequipe-de-france","status":"publish","type":"post","link":"https:\/\/www.europesays.com\/fr\/394691\/","title":{"rendered":"Handball. Gr\u00e2ce Zaadi nomm\u00e9e capitaine de l&rsquo;\u00e9quipe de France"},"content":{"rendered":"<p>Estelle Nze Minko ayant annonc\u00e9 la semaine derni\u00e8re <a href=\"https:\/\/www.ledauphine.com\/sport\/2025\/09\/11\/bientot-nous-seront-trois-la-capitaine-des-bleues-estelle-nze-minko-annonce-etre-enceinte\" target=\"_blank\" rel=\"nofollow noopener\">prendre une pause maternit\u00e9<\/a>, l&rsquo;\u00e9quipe de France devait se trouver une nouvelle capitaine avant les prochaines \u00e9ch\u00e9ances. C&rsquo;est d\u00e9sormais chose faite, puisque la F\u00e9d\u00e9ration a annonc\u00e9 lundi soir que <a href=\"https:\/\/www.ledauphine.com\/p\/grace-zaadi\" target=\"_blank\" rel=\"nofollow noopener\">Gr\u00e2ce Zaadi<\/a> allait r\u00e9cup\u00e9rer le brassard.<\/p>\n<p>La joueuse du RK Krim (32 ans, 202 s\u00e9lections) \u00ab prend le relai au capitanat pour les prochaines \u00e9ch\u00e9ances. Elle sera \u00e9paul\u00e9e de <a href=\"https:\/\/www.ledauphine.com\/p\/laura-glauser\" target=\"_blank\" rel=\"nofollow noopener\">Laura Glauser<\/a> et de Tamara Horacek\u00a0\u00bb, explique la F\u00e9d\u00e9ration dans un communiqu\u00e9. \u00ab\u00a0Le choix de Gr\u00e2ce comme nouvelle capitaine des Bleues repose avant tout sur son r\u00f4le symbolique au sein de l\u2019\u00e9quipe\u00a0\u00bb, a pr\u00e9cis\u00e9 le s\u00e9lectionneur S\u00e9bastien Gardillou dans ce m\u00eame communiqu\u00e9.<\/p>\n<p>Le cap des 400 buts avec les Bleues pour f\u00eater \u00e7a\u00a0?<\/p>\n<p>D&rsquo;apr\u00e8s le technicien, sa \u00ab\u00a0forte personnalit\u00e9, sa grande maturit\u00e9 et sa capacit\u00e9 naturelle \u00e0 mener et \u00e0 s\u2019exprimer\u00a0\u00bb ont \u00e9t\u00e9 essentielles \u00e0 cette nomination.<\/p>\n<p>Internationale depuis 2013, la demi-centre a tout gagn\u00e9 avec les Bleues, avec lesquelles elle a notamment \u00e9t\u00e9 championne olympique \u00e0 Tokyo (2021), championne du monde en 2017 et 2023, ou championne d&rsquo;Europe en 2018. \u00ab C\u2019est vraiment une fiert\u00e9 d\u2019avoir cette nouvelle mission\u00a0\u00bb, a assur\u00e9 la n\u00e9o-capitaine, qui veut \u00ab s&rsquo;inspirer des capitaines\u00a0\u00bb avec lesquelles elle a \u00e9volu\u00e9 sous le maillot bleu \u00ab tout en apportant [sa] patte et [sa] personnalit\u00e9\u00a0\u00bb.<\/p>\n<p>L&rsquo;\u00e9quipe de France dispute deux matches amicaux contre la Roumanie, jeudi et samedi, \u00e0 Oradea. Deux matches qui pourraient permettre \u00e0 Gr\u00e2ce Zaadi de franchir le cap des 400 buts en s\u00e9lection (elle en compte actuellement 399). Mais au-del\u00e0 de \u00e7a, ces deux rencontres serviront de base de travail pour S\u00e9bastien Gardillou et ses joueuses, alors que les qualifications pour l&rsquo;Euro-2026 et le Mondial (du 26 novembre au 14 d\u00e9cembre, en Allemagne et aux Pays-Bas) arrivent tr\u00e8s vite.<\/p>\n","protected":false},"excerpt":{"rendered":"Estelle Nze Minko ayant annonc\u00e9 la semaine derni\u00e8re prendre une pause maternit\u00e9, l&rsquo;\u00e9quipe de France devait se trouver&hellip;\n","protected":false},"author":2,"featured_media":394692,"comment_status":"","ping_status":"","sticky":false,"template":"","format":"standard","meta":{"footnotes":""},"categories":[4],"tags":[11,107,1011,27,1792,12,25,517,1947],"class_list":{"0":"post-394691","1":"post","2":"type-post","3":"status-publish","4":"format-standard","5":"has-post-thumbnail","7":"category-france","8":"tag-actualites","9":"tag-fil-info","10":"tag-fr","11":"tag-france","12":"tag-handball","13":"tag-news","14":"tag-republique-francaise","15":"tag-sport","16":"tag-sport-national"},"share_on_mastodon":{"url":"https:\/\/pubeurope.com\/@fr\/115213180936323435","error":""},"_links":{"self":[{"href":"https:\/\/www.europesays.com\/fr\/wp-json\/wp\/v2\/posts\/394691","targetHints":{"allow":["GET"]}}],"collection":[{"href":"https:\/\/www.europesays.com\/fr\/wp-json\/wp\/v2\/posts"}],"about":[{"href":"https:\/\/www.europesays.com\/fr\/wp-json\/wp\/v2\/types\/post"}],"author":[{"embeddable":true,"href":"https:\/\/www.europesays.com\/fr\/wp-json\/wp\/v2\/users\/2"}],"replies":[{"embeddable":true,"href":"https:\/\/www.europesays.com\/fr\/wp-json\/wp\/v2\/comments?post=394691"}],"version-history":[{"count":0,"href":"https:\/\/www.europesays.com\/fr\/wp-json\/wp\/v2\/posts\/394691\/revisions"}],"wp:featuredmedia":[{"embeddable":true,"href":"https:\/\/www.europesays.com\/fr\/wp-json\/wp\/v2\/media\/394692"}],"wp:attachment":[{"href":"https:\/\/www.europesays.com\/fr\/wp-json\/wp\/v2\/media?parent=394691"}],"wp:term":[{"taxonomy":"category","embeddable":true,"href":"https:\/\/www.europesays.com\/fr\/wp-json\/wp\/v2\/categories?post=394691"},{"taxonomy":"post_tag","embeddable":true,"href":"https:\/\/www.europesays.com\/fr\/wp-json\/wp\/v2\/tags?post=394691"}],"curies":[{"name":"wp","href":"https:\/\/api.w.org\/{rel}","templated":true}]}}