{"id":394695,"date":"2025-09-16T09:07:33","date_gmt":"2025-09-16T09:07:33","guid":{"rendered":"https:\/\/www.europesays.com\/fr\/394695\/"},"modified":"2025-09-16T09:07:33","modified_gmt":"2025-09-16T09:07:33","slug":"biancardini-et-gentili-sacres-champions-de-france","status":"publish","type":"post","link":"https:\/\/www.europesays.com\/fr\/394695\/","title":{"rendered":"Biancardini et Gentili sacr\u00e9s champions de France"},"content":{"rendered":"<p>Dans la liste des bin\u00f4mes insulaires champions de France, Thomas Biancardini et Romain Gentili inscrivent leur nom pour la premi\u00e8re fois, succ\u00e9dant ainsi aux Carg\u00e9siens Plasenzotti et Alessandri.\u00a0<\/p>\n<p>Un sacre \u00ab\u00a0haut la main\u00a0\u00bb, comme le qualifie le pr\u00e9sident d&rsquo;Ipanema Jean-Christophe Gruet-Masson, acquis ce week-end au terme de la troisi\u00e8me et derni\u00e8re manche qui avait pour cadre Antibes.<\/p>\n<p>D\u00e9j\u00e0 vainqueurs des deux premi\u00e8res \u00e9tapes, les Ajacciens ont cette fois atteint la finale, battus par la paire de Corsica Footvolley Plasenzotti et Fedi au terme d&rsquo;un beau combat.<\/p>\n<p>Leonetti et Guerrini 2es chez les f\u00e9minines<\/p>\n<p>Suffisant pour \u00eatre couronn\u00e9s et s&rsquo;offrir du m\u00eame coup un billet pour la finale des championnats d&rsquo;Europe, ainsi que pour le Mondial d&rsquo;Antibes. Deux \u00e9v\u00e9nements prestigieux qui auront lieu l&rsquo;\u00e9t\u00e9 prochain. \u00ab\u00a0Il ne faut pas oublier qu&rsquo;ils ne jouent au footy que depuis deux ans, pr\u00e9cise Jean-Christophe Gruet-Masson. Leur progression est spectaculaire. Ils ont en plus la mentalit\u00e9 &lsquo;club&rsquo;, jouent avec tout le monde et sont toujours pr\u00e9sents, notamment en ce qui concerne l&rsquo;organisation, \u00e0 l&rsquo;image de Thomas qui a \u00e9t\u00e9 bless\u00e9 cet \u00e9t\u00e9 mais qui \u00e9tait l\u00e0 dans la mise en place de chaque \u00e9v\u00e9nement\u00a0\u00bb.<\/p>\n<p>Chez les f\u00e9minines, le bin\u00f4me Leonetti-Guerrini l&rsquo;a emport\u00e9 \u00e0 Antibes pour la deuxi\u00e8me fois en trois manches mais voit le titre lui \u00e9chapper d&rsquo;un rien, les deux insulaires terminant vice-championnes de France.<\/p>\n<p>Enfin, dans le tournoi silver, le succ\u00e8s est revenu \u00e0 une autre paire d&rsquo;Ipanema, \u00e0 savoir Demedardi et Riolacci. De quoi donner le sourire \u00e0 un pr\u00e9sident tr\u00e8s satisfait, tant par les r\u00e9sultats que par la progression de ses joueurs tout au long de la saison. Mais aussi du bel engouement pour la discipline, \u00ab\u00a0avec des manifestations qui ont fait le plein et au sein desquelles apparaissent de nouvelles t\u00eates et des anciens qui se remettent au footy. C&rsquo;est de bon augure pour la suite\u00a0\u00bb.<\/p>\n<p>Passer l&rsquo;hiver<\/p>\n<p>\u00c0 condition toutefois de ne pas laisser le souffl\u00e9 retomber \u00e0 l&rsquo;aube de la saison hivernale. Car c&rsquo;est bien l\u00e0 que se situe l&rsquo;objectif d\u00e9sormais. \u00ab\u00a0On va essayer d&rsquo;organiser un mini-championnat avec un tournoi par mois, ainsi que des sessions d&rsquo;entra\u00eenement r\u00e9guli\u00e8res sur toute cette p\u00e9riode creuse, ambitionne Gruet-Masson. Il y aura \u00e9galement, pour ceux qui le souhaitent, des \u00e9v\u00e9nements un peu partout en Europe, d&rsquo;Ibiza \u00e0 Tenerife en passant par Vienne ou Rome. Et puis pour les plus jeunes, on va proposer des stages d&rsquo;initiation \u00e0 la discipline durant les vacances scolaires\u00a0\u00bb.<\/p>\n<p>Soit largement de quoi patienter jusqu&rsquo;\u00e0 l&rsquo;\u00e9t\u00e9 prochain.<\/p>\n","protected":false},"excerpt":{"rendered":"Dans la liste des bin\u00f4mes insulaires champions de France, Thomas Biancardini et Romain Gentili inscrivent leur nom pour&hellip;\n","protected":false},"author":2,"featured_media":394696,"comment_status":"","ping_status":"","sticky":false,"template":"","format":"standard","meta":{"footnotes":""},"categories":[1417],"tags":[17,32375,6828,52681,1011,27,32376,52682,60,1470,1469],"class_list":{"0":"post-394695","1":"post","2":"type-post","3":"status-publish","4":"format-standard","5":"has-post-thumbnail","7":"category-volley","8":"tag-17","9":"tag-biancardini","10":"tag-champions","11":"tag-foot-volley","12":"tag-fr","13":"tag-france","14":"tag-gentili","15":"tag-sacres","16":"tag-sports","17":"tag-volley","18":"tag-volleyball"},"share_on_mastodon":{"url":"https:\/\/pubeurope.com\/@fr\/115213188650739231","error":""},"_links":{"self":[{"href":"https:\/\/www.europesays.com\/fr\/wp-json\/wp\/v2\/posts\/394695","targetHints":{"allow":["GET"]}}],"collection":[{"href":"https:\/\/www.europesays.com\/fr\/wp-json\/wp\/v2\/posts"}],"about":[{"href":"https:\/\/www.europesays.com\/fr\/wp-json\/wp\/v2\/types\/post"}],"author":[{"embeddable":true,"href":"https:\/\/www.europesays.com\/fr\/wp-json\/wp\/v2\/users\/2"}],"replies":[{"embeddable":true,"href":"https:\/\/www.europesays.com\/fr\/wp-json\/wp\/v2\/comments?post=394695"}],"version-history":[{"count":0,"href":"https:\/\/www.europesays.com\/fr\/wp-json\/wp\/v2\/posts\/394695\/revisions"}],"wp:featuredmedia":[{"embeddable":true,"href":"https:\/\/www.europesays.com\/fr\/wp-json\/wp\/v2\/media\/394696"}],"wp:attachment":[{"href":"https:\/\/www.europesays.com\/fr\/wp-json\/wp\/v2\/media?parent=394695"}],"wp:term":[{"taxonomy":"category","embeddable":true,"href":"https:\/\/www.europesays.com\/fr\/wp-json\/wp\/v2\/categories?post=394695"},{"taxonomy":"post_tag","embeddable":true,"href":"https:\/\/www.europesays.com\/fr\/wp-json\/wp\/v2\/tags?post=394695"}],"curies":[{"name":"wp","href":"https:\/\/api.w.org\/{rel}","templated":true}]}}