{"id":394707,"date":"2025-09-16T09:16:10","date_gmt":"2025-09-16T09:16:10","guid":{"rendered":"https:\/\/www.europesays.com\/fr\/394707\/"},"modified":"2025-09-16T09:16:10","modified_gmt":"2025-09-16T09:16:10","slug":"est-ce-que-vous-allez-bien-enorme-malaise-entre-lea-salame-et-marion-cotillard-dans-le-jt-de-france-2-a-cause-de-guillaume-canet","status":"publish","type":"post","link":"https:\/\/www.europesays.com\/fr\/394707\/","title":{"rendered":"\u00ab\u00a0Est-ce que vous allez bien\u00a0?\u00a0\u00bb : \u00e9norme malaise entre L\u00e9a Salam\u00e9 et Marion Cotillard dans le JT de France 2, \u00e0 cause de Guillaume Canet"},"content":{"rendered":"<p>Elle a souhait\u00e9 bien faire mais a en r\u00e9alit\u00e9 suscit\u00e9 un \u00e9norme malaise. Ce lundi 15 septembre 2025, <a href=\"https:\/\/www.public.fr\/tag\/lea-salame\" target=\"_blank\" rel=\"noopener\">L\u00e9a Salam\u00e9<\/a> a mis les pieds dans le plat en recevant <a href=\"https:\/\/www.public.fr\/tag\/marion-cotillard\" target=\"_blank\" rel=\"noopener\">Marion Cotillard<\/a> sur le plateau du JT de France 2 et en \u00e9voquant, devant cette derni\u00e8re, <a href=\"https:\/\/www.public.fr\/tag\/guillaume-canet\" target=\"_blank\" rel=\"noopener\">Guillaume Canet.<\/a>\u00a0<\/p>\n<p>Pour rappel, apr\u00e8s 18 ans de vie commune, le couple de com\u00e9diens <a href=\"https:\/\/www.public.fr\/marion-cotillard-et-guillaume-canet-annoncent-leur-rupture-apres-18-ans-damour\" target=\"_blank\" rel=\"noopener\">annon\u00e7ait la mauvaise nouvelle<\/a> \u00e0 la fin du mois de juin, le 27, via un communiqu\u00e9 transmis \u00e0 l\u2019AFP.<\/p>\n<p>\u00ab\u00a0Apr\u00e8s 18 ans de vie commune,\u00a0<strong>Marion Cotillard et Guillaume Canet ont d\u00e9cid\u00e9 de se s\u00e9parer d\u2019un commun accord<\/strong>. Cette d\u00e9cision a \u00e9t\u00e9 prise dans une bienveillance mutuelle. Parents de deux enfants, ils partagent ici cette d\u00e9cision afin d\u2019\u00e9viter toutes sp\u00e9culations, rumeurs et interpr\u00e9tations hasardeuses\u00a0\u00bb, pouvions-nous dire dans ledit communiqu\u00e9.<\/p>\n<p>Ainsi que : \u00ab\u00a0En faisant preuve de transparence via ce communiqu\u00e9, Marion Cotillard et Guillaume Canet expriment \u00e9galement la volont\u00e9 que leur vie priv\u00e9e, et surtout celle de leurs deux enfants, soit respect\u00e9e\u00a0\u00bb.\u00a0<\/p>\n<p>L\u00e9a Salam\u00e9 commet une \u00ab\u00a0erreur\u00a0\u00bb face \u00e0 Marion Cotillard<\/p>\n<p>Depuis, Marion Cotillard et Guillaume Canet n\u2019ont plus vraiment \u00e9voquer leur histoire commune. Du moins, sur un plateau de t\u00e9l\u00e9vision ou \u00e0 la radio. C\u2019est pourquoi,<a href=\"https:\/\/vsd.fr\/tag\/lea-salame\/\" target=\"_blank\" rel=\"noopener\"> L\u00e9a Salam\u00e9<\/a> a tent\u00e9 de tirer les vers du nez de la maman de Marcel et Louise, ce lundi 15 septembre 2025, sur le plateau du JT de France 2.<\/p>\n<p>En effet, la compagne de Rapha\u00ebl Glucksmann recevait l\u2019actrice \u00e2g\u00e9e de 49 ans, notamment pour \u00e9voquer le film <strong>Karma<\/strong>, prochain long-m\u00e9trage de Guillaume Canet dans lequel son ex-compagne joue.<\/p>\n<p>Un nouveau thriller qui va sortir dans les salles de cin\u00e9ma \u00ab\u00a0en octobre 2026\u00a0\u00bb d\u2019apr\u00e8s L\u00e9a Salam\u00e9. Une annonce visiblement erron\u00e9e, permettant \u00e0 Marion Cotillard de reprendre la journaliste et lui pr\u00e9ciser que le film sortait en r\u00e9alit\u00e9 <strong>dans \u00ab\u00a0quelques semaines\u00a0\u00bb.<\/strong><\/p>\n<p>La journaliste met les pieds dans le plat et \u00e9voque Guillaume Canet<\/p>\n<p>Pas de quoi d\u00e9contenancer la pr\u00e9sentatrice du journal t\u00e9l\u00e9vis\u00e9 de France 2 pour autant. \u00ab\u00a0Ma question \u00e9tait qu\u2019on a appris cet \u00e9t\u00e9 votre s\u00e9paration apr\u00e8s 18 ans de vie commune. Vous \u00eates un des couples qui a fait le plus r\u00eaver les Fran\u00e7ais. Je voulais juste savoir comment vous alliez\u00a0?\u00a0\u00bb, a finalement r\u00e9ussi \u00e0 encha\u00eener la journaliste, avant d\u2019appuyer et demander :<strong> \u00ab\u00a0Est-ce que vous allez bien Marion Cotillard\u00a0?\u00a0\u00bb<\/strong><\/p>\n<p>Tr\u00e8s g\u00ean\u00e9e par la question pos\u00e9e, Marion Cotillard a r\u00e9pondu sobrement : \u00ab\u00a0Merci, \u00e7a va\u00a0\u00bb. Avant de s\u2019adresser \u00e0 son tour \u00e0 L\u00e9a Salam\u00e9 : <strong>\u00ab\u00a0Et vous, vous allez bien ?\u00a0\u00bb. \u00ab\u00a0\u00c7a va aussi\u00a0\u00bb<\/strong>, a finalement r\u00e9pondu la compagne de Rapha\u00ebl Glucksmann, qui a tent\u00e9 de garder son sourire malgr\u00e9 la s\u00e9quence et conclure : \u00ab\u00a0Merci beaucoup d&rsquo;avoir \u00e9t\u00e9 avec nous.\u00a0\u00bb<\/p>\n<p>      Mentionn\u00e9s dans cet article<\/p>\n<p>      Sur le m\u00eame sujet<\/p>\n","protected":false},"excerpt":{"rendered":"Elle a souhait\u00e9 bien faire mais a en r\u00e9alit\u00e9 suscit\u00e9 un \u00e9norme malaise. Ce lundi 15 septembre 2025,&hellip;\n","protected":false},"author":2,"featured_media":394708,"comment_status":"","ping_status":"","sticky":false,"template":"","format":"standard","meta":{"footnotes":""},"categories":[1359],"tags":[58,59,1011,27,594,12574,3806,34774,973],"class_list":{"0":"post-394707","1":"post","2":"type-post","3":"status-publish","4":"format-standard","5":"has-post-thumbnail","7":"category-people","8":"tag-divertissement","9":"tag-entertainment","10":"tag-fr","11":"tag-france","12":"tag-france-2","13":"tag-guillaume-canet","14":"tag-lea-salame","15":"tag-marion-cotillard","16":"tag-people"},"share_on_mastodon":{"url":"https:\/\/pubeurope.com\/@fr\/115213224134541144","error":""},"_links":{"self":[{"href":"https:\/\/www.europesays.com\/fr\/wp-json\/wp\/v2\/posts\/394707","targetHints":{"allow":["GET"]}}],"collection":[{"href":"https:\/\/www.europesays.com\/fr\/wp-json\/wp\/v2\/posts"}],"about":[{"href":"https:\/\/www.europesays.com\/fr\/wp-json\/wp\/v2\/types\/post"}],"author":[{"embeddable":true,"href":"https:\/\/www.europesays.com\/fr\/wp-json\/wp\/v2\/users\/2"}],"replies":[{"embeddable":true,"href":"https:\/\/www.europesays.com\/fr\/wp-json\/wp\/v2\/comments?post=394707"}],"version-history":[{"count":0,"href":"https:\/\/www.europesays.com\/fr\/wp-json\/wp\/v2\/posts\/394707\/revisions"}],"wp:featuredmedia":[{"embeddable":true,"href":"https:\/\/www.europesays.com\/fr\/wp-json\/wp\/v2\/media\/394708"}],"wp:attachment":[{"href":"https:\/\/www.europesays.com\/fr\/wp-json\/wp\/v2\/media?parent=394707"}],"wp:term":[{"taxonomy":"category","embeddable":true,"href":"https:\/\/www.europesays.com\/fr\/wp-json\/wp\/v2\/categories?post=394707"},{"taxonomy":"post_tag","embeddable":true,"href":"https:\/\/www.europesays.com\/fr\/wp-json\/wp\/v2\/tags?post=394707"}],"curies":[{"name":"wp","href":"https:\/\/api.w.org\/{rel}","templated":true}]}}