{"id":394713,"date":"2025-09-16T09:19:11","date_gmt":"2025-09-16T09:19:11","guid":{"rendered":"https:\/\/www.europesays.com\/fr\/394713\/"},"modified":"2025-09-16T09:19:11","modified_gmt":"2025-09-16T09:19:11","slug":"et-vous-ca-va-malaise-sur-le-plateau-du-jt-de-france-2-apres-une-question-maladroite-de-lea-salame-a-marion-cotillard","status":"publish","type":"post","link":"https:\/\/www.europesays.com\/fr\/394713\/","title":{"rendered":"\u00ab\u00a0Et vous \u00e7a va\u00a0?\u00a0\u00bb: malaise sur le plateau du JT de France 2 apr\u00e8s une question maladroite de L\u00e9a Salam\u00e9 \u00e0 Marion Cotillard"},"content":{"rendered":"<p class=\"text-left ap-StoryElement ap-StoryElement--mb ap-StoryText\">Les d\u00e9buts de<b> L\u00e9a Salam\u00e9<\/b> \u00e0 la pr\u00e9sentation du <b>JT de 20h<\/b> sur France 2 ne passent pas inaper\u00e7us. Quelques jours apr\u00e8s avoir \u00e9t\u00e9 <a href=\"https:\/\/www.parismatch.be\/culture\/medias\/2025\/09\/05\/artus-se-moque-ouvertement-de-lea-salame-en-direct-au-journal-de-20h-de-france-2-il-y-en-a-avec-de-la-liqueur-dedans-GZPHXEYZPNGTLN5VHXSJRKK4G4\/\" target=\"_blank\" rel=\"noopener\">charri\u00e9e par Artus<\/a>, la journaliste recevait lundi l&rsquo;actrice \u00e0 succ\u00e8s <b>Marion Cotillard<\/b> sur son plateau. Si tout s&rsquo;est bien d\u00e9roul\u00e9 dans l&rsquo;ensemble, un petit moment de malaise a toutefois marqu\u00e9 le d\u00e9but de soir\u00e9e.<\/p>\n<p class=\"text-left ap-StoryElement ap-StoryElement--mb ap-StoryText\">La com\u00e9dienne venait faire la promotion du film r\u00e9compens\u00e9 de l&rsquo;Ours d&rsquo;argent de la meilleure contribution artistique \u00e0 Berlin <b>La Tour de Glace<\/b> qui sortira dans les salles obscures ce mercredi. En parall\u00e8le, elle sera \u00e9galement \u00e0 l&rsquo;affiche de la saison 4 de la s\u00e9rie am\u00e9ricaine <b>The Morning Show<\/b> aux c\u00f4t\u00e9s de Jenifer Aniston et Reese Witherspoon.<\/p>\n<p>Pour acc\u00e9der \u00e0 cet article, veuillez vous connecter au r\u00e9seau internet.<\/p>\n","protected":false},"excerpt":{"rendered":"Les d\u00e9buts de L\u00e9a Salam\u00e9 \u00e0 la pr\u00e9sentation du JT de 20h sur France 2 ne passent pas&hellip;\n","protected":false},"author":2,"featured_media":394714,"comment_status":"","ping_status":"","sticky":false,"template":"","format":"standard","meta":{"footnotes":""},"categories":[1356],"tags":[972,650,58,59,1011,27,973,252,1364],"class_list":{"0":"post-394713","1":"post","2":"type-post","3":"status-publish","4":"format-standard","5":"has-post-thumbnail","7":"category-television","8":"tag-celebrite","9":"tag-cinema","10":"tag-divertissement","11":"tag-entertainment","12":"tag-fr","13":"tag-france","14":"tag-people","15":"tag-television","16":"tag-tv"},"share_on_mastodon":{"url":"https:\/\/pubeurope.com\/@fr\/115213235915859651","error":""},"_links":{"self":[{"href":"https:\/\/www.europesays.com\/fr\/wp-json\/wp\/v2\/posts\/394713","targetHints":{"allow":["GET"]}}],"collection":[{"href":"https:\/\/www.europesays.com\/fr\/wp-json\/wp\/v2\/posts"}],"about":[{"href":"https:\/\/www.europesays.com\/fr\/wp-json\/wp\/v2\/types\/post"}],"author":[{"embeddable":true,"href":"https:\/\/www.europesays.com\/fr\/wp-json\/wp\/v2\/users\/2"}],"replies":[{"embeddable":true,"href":"https:\/\/www.europesays.com\/fr\/wp-json\/wp\/v2\/comments?post=394713"}],"version-history":[{"count":0,"href":"https:\/\/www.europesays.com\/fr\/wp-json\/wp\/v2\/posts\/394713\/revisions"}],"wp:featuredmedia":[{"embeddable":true,"href":"https:\/\/www.europesays.com\/fr\/wp-json\/wp\/v2\/media\/394714"}],"wp:attachment":[{"href":"https:\/\/www.europesays.com\/fr\/wp-json\/wp\/v2\/media?parent=394713"}],"wp:term":[{"taxonomy":"category","embeddable":true,"href":"https:\/\/www.europesays.com\/fr\/wp-json\/wp\/v2\/categories?post=394713"},{"taxonomy":"post_tag","embeddable":true,"href":"https:\/\/www.europesays.com\/fr\/wp-json\/wp\/v2\/tags?post=394713"}],"curies":[{"name":"wp","href":"https:\/\/api.w.org\/{rel}","templated":true}]}}