{"id":394771,"date":"2025-09-16T09:50:22","date_gmt":"2025-09-16T09:50:22","guid":{"rendered":"https:\/\/www.europesays.com\/fr\/394771\/"},"modified":"2025-09-16T09:50:22","modified_gmt":"2025-09-16T09:50:22","slug":"transavia-ouvre-une-nouvelle-destination-vers-le-soleil-pour-lete-2026","status":"publish","type":"post","link":"https:\/\/www.europesays.com\/fr\/394771\/","title":{"rendered":"Transavia ouvre une nouvelle destination vers le soleil pour l&rsquo;\u00e9t\u00e9 2026"},"content":{"rendered":"<p>            Par<br \/>\n        <strong><br \/>\n            <a href=\"https:\/\/actu.fr\/auteur\/redaction-nantes\" title=\"Consulter tous les articles de R\u00e9daction Nantes\" target=\"_blank\" rel=\"noopener\">R\u00e9daction Nantes<\/a><br \/>\n        <\/strong><\/p>\n<p>        Publi\u00e9 le<\/p>\n<p>            16 sept. 2025 \u00e0 10h42        <\/p>\n<p>Si les vacances d\u2019\u00e9t\u00e9 viennent de se terminer, certains pensent d\u00e9j\u00e0 \u00e0 leurs prochains cong\u00e9s pour l\u2019\u00e9t\u00e9 2026 et \u00e0 leur future destination de voyage.<\/p>\n<p class=\" wall-content\">Ce mardi 16\u00a0septembre 2025, Transavia, la filiale low cost du Groupe Air France-KLM, a annonc\u00e9 <strong>l\u2019ouverture de 10 nouvelles lignes pour l\u2019\u00e9t\u00e9 2026 <\/strong>au d\u00e9part de plusieurs a\u00e9roports fran\u00e7ais. Parmi ces nouveaut\u00e9s, <strong>une destination au d\u00e9part de l\u2019a\u00e9roport de Nantes<\/strong>.<\/p>\n<p>Direction l\u2019Italie<\/p>\n<p class=\" wall-content\">Transavia a annonc\u00e9 l\u2019ouverture d\u2019une nouvelle destination en direction de Bari (Italie) au d\u00e9part de Nantes Atlantique. La compagnie a\u00e9rienne proposera deux vols par semaine, les jeudis et dimanches,<strong> \u00e0 partir du 9\u00a0avril 2026<\/strong>. Le tarif des billets est fix\u00e9 \u00e0 partir de 35 euros.<\/p>\n<p class=\" wall-content\">\u00ab\u2009Les vols pour la saison \u00e9t\u00e9 (du 29\u00a0mars au 31\u00a0octobre 2026) sont disponibles \u00e0 la vente depuis ce matin (mardi 16\u00a0septembre 2025, N.D.L.R)\u2009\u00bb, pr\u00e9cise Transavia France dans un communiqu\u00e9 transmis \u00e0 la r\u00e9daction d\u2019<a href=\"https:\/\/actu.fr\/nantes\/\" target=\"_blank\" rel=\"noopener\">actu Nantes<\/a>.<\/p>\n<p class=\" wall-content\">Personnalisez votre actualit\u00e9 en ajoutant vos villes et m\u00e9dias en favori avec <a href=\"https:\/\/moncompte.actu.fr\" title=\"D\u00e9couvez Mon Actu\" rel=\"nofollow noopener\" data-trk=\"{&quot;cta&quot;:{&quot;action&quot;:&quot;https:\\\/\\\/moncompte.actu.fr&quot;,&quot;category&quot;:&quot;mon compte&quot;,&quot;from&quot;:&quot;article footer&quot;,&quot;name&quot;:&quot;Mon actu&quot;,&quot;type&quot;:&quot;cta&quot;}}\" target=\"_blank\">Mon Actu<\/a>.<\/p>\n","protected":false},"excerpt":{"rendered":"Par R\u00e9daction Nantes Publi\u00e9 le 16 sept. 2025 \u00e0 10h42 Si les vacances d\u2019\u00e9t\u00e9 viennent de se terminer,&hellip;\n","protected":false},"author":2,"featured_media":128852,"comment_status":"","ping_status":"","sticky":false,"template":"","format":"standard","meta":{"footnotes":""},"categories":[2818],"tags":[1111,11,754,1777,674,1011,27,766,755,12,2636,25,104,756],"class_list":{"0":"post-394771","1":"post","2":"type-post","3":"status-publish","4":"format-standard","5":"has-post-thumbnail","7":"category-nantes","8":"tag-actu","9":"tag-actualites","10":"tag-aeroport-de-nantes","11":"tag-eu","12":"tag-europe","13":"tag-fr","14":"tag-france","15":"tag-nantes","16":"tag-nantes-atlantique-aeroport","17":"tag-news","18":"tag-pays-de-la-loire","19":"tag-republique-francaise","20":"tag-societe","21":"tag-transavia"},"share_on_mastodon":{"url":"https:\/\/pubeurope.com\/@fr\/115213357844837990","error":""},"_links":{"self":[{"href":"https:\/\/www.europesays.com\/fr\/wp-json\/wp\/v2\/posts\/394771","targetHints":{"allow":["GET"]}}],"collection":[{"href":"https:\/\/www.europesays.com\/fr\/wp-json\/wp\/v2\/posts"}],"about":[{"href":"https:\/\/www.europesays.com\/fr\/wp-json\/wp\/v2\/types\/post"}],"author":[{"embeddable":true,"href":"https:\/\/www.europesays.com\/fr\/wp-json\/wp\/v2\/users\/2"}],"replies":[{"embeddable":true,"href":"https:\/\/www.europesays.com\/fr\/wp-json\/wp\/v2\/comments?post=394771"}],"version-history":[{"count":0,"href":"https:\/\/www.europesays.com\/fr\/wp-json\/wp\/v2\/posts\/394771\/revisions"}],"wp:featuredmedia":[{"embeddable":true,"href":"https:\/\/www.europesays.com\/fr\/wp-json\/wp\/v2\/media\/128852"}],"wp:attachment":[{"href":"https:\/\/www.europesays.com\/fr\/wp-json\/wp\/v2\/media?parent=394771"}],"wp:term":[{"taxonomy":"category","embeddable":true,"href":"https:\/\/www.europesays.com\/fr\/wp-json\/wp\/v2\/categories?post=394771"},{"taxonomy":"post_tag","embeddable":true,"href":"https:\/\/www.europesays.com\/fr\/wp-json\/wp\/v2\/tags?post=394771"}],"curies":[{"name":"wp","href":"https:\/\/api.w.org\/{rel}","templated":true}]}}