{"id":394788,"date":"2025-09-16T10:01:13","date_gmt":"2025-09-16T10:01:13","guid":{"rendered":"https:\/\/www.europesays.com\/fr\/394788\/"},"modified":"2025-09-16T10:01:13","modified_gmt":"2025-09-16T10:01:13","slug":"les-influenceurs-nico-et-byilhann-attendus-la-crainte-de-nouveaux-debordements","status":"publish","type":"post","link":"https:\/\/www.europesays.com\/fr\/394788\/","title":{"rendered":"les influenceurs Nico et Byilhann attendus, la crainte de nouveaux d\u00e9bordements"},"content":{"rendered":"<p itemprop=\"description\"><strong>Ils ont quitt\u00e9 Montpellier \u00e0 pied pour rejoindre Paris en 19 jours.<\/strong><\/p>\n<p>Les streamers Byilhann et Nicotine, suivis par plus de cinq millions d\u2019abonn\u00e9s sur leurs r\u00e9seaux sociaux, doivent atteindre Lyon dans les prochaines heures apr\u00e8s une \u00e9tape \u00e0 Valence et un passage pr\u00e9vu \u00e0 Givors.<\/p>\n<p>Retransmis <a href=\"https:\/\/www.twitch.tv\/byilhann\" target=\"_blank\" rel=\"noopener nofollow\">en direct sur Twitch<\/a>, leur d\u00e9fi attire chaque jour des dizaines de jeunes, qui peuvent les suivre \u00e0 la trace gr\u00e2ce au live. Mais partout o\u00f9 ils passent, la situation d\u00e9g\u00e9n\u00e8re parfois : un abonn\u00e9 a chut\u00e9 dans un foss\u00e9 en tentant de les suivre, un autre a \u00e9t\u00e9 interpell\u00e9 pour leur avoir jet\u00e9 des bouteilles de soda. \u00c0 Pierrelatte, ils ont m\u00eame \u00e9t\u00e9 escort\u00e9s par la police pour \u00e9viter les d\u00e9bordements.<\/p>\n<p>Lyon n\u2019\u00e9chappe pas aux craintes. Leur venue rappelle l\u2019\u00e9pisode de d\u00e9cembre 2024, quand le snapchateur Hachemi avait provoqu\u00e9 un important attroupement en Presqu\u2019\u00eele apr\u00e8s <a href=\"https:\/\/www.lyonmag.com\/article\/140386\/lyon-le-rassemblement-de-la-star-des-reseaux-hachemi-interdit-par-la-prefecture-du-rhone\" target=\"_blank\" rel=\"noopener nofollow\">l\u2019interdiction pr\u00e9fectorale de sa venue<\/a>. Cette fois encore, les forces de l\u2019ordre redoutent une mobilisation incontr\u00f4l\u00e9e de centaines de jeunes.<\/p>\n<p>Les deux influenceurs ont d\u00e9j\u00e0 annonc\u00e9 qu\u2019ils souhaitaient se rendre dans un fast-food villeurbannais bien connu pour leurs tacos. Un rendez-vous qui pourrait attirer une foule compacte de fans. Et donc donner des sueurs froides aux autorit\u00e9s, d&rsquo;autant que les adolescents n&rsquo;auront pas cours ce mercredi.<\/p>\n<blockquote class=\"twitter-tweet\"><p>&#13;<\/p>\n<p dir=\"ltr\" lang=\"fr\">Les parents qui s\u2019en foutent de leurs gosses\u2026\u2026 Nico oblig\u00e9 de recadrer un p\u2019tit qui courrait sur la route pour faire une photo avec lui et Byilhan. Dinguerie !!! <a href=\"https:\/\/t.co\/gSn7OUGXRN\" rel=\"nofollow\">pic.twitter.com\/gSn7OUGXRN<\/a><\/p>\n<p>&#13;<br \/>\n\u2014 Arzk (@Arzokz_) <a href=\"https:\/\/twitter.com\/Arzokz_\/status\/1967623415340449936?ref_src=twsrc%5Etfw\" rel=\"nofollow noopener\" target=\"_blank\">September 15, 2025<\/a><\/p><\/blockquote>\n<p>\t\t  <script async src=\"https:\/\/platform.twitter.com\/widgets.js\" charset=\"utf-8\"><\/script><\/p>\n","protected":false},"excerpt":{"rendered":"Ils ont quitt\u00e9 Montpellier \u00e0 pied pour rejoindre Paris en 19 jours. Les streamers Byilhann et Nicotine, suivis&hellip;\n","protected":false},"author":2,"featured_media":394789,"comment_status":"","ping_status":"","sticky":false,"template":"","format":"standard","meta":{"footnotes":""},"categories":[1889],"tags":[1111,11,2813,2190,2430,1109,251,1112,2811,1777,674,118,1011,27,1922,1110,1114,2428,2810,12,241,316,25,2812,517,800],"class_list":{"0":"post-394788","1":"post","2":"type-post","3":"status-publish","4":"format-standard","5":"has-post-thumbnail","7":"category-lyon","8":"tag-actu","9":"tag-actualites","10":"tag-article","11":"tag-asvel","12":"tag-auvergne-rhone-alpes","13":"tag-breves","14":"tag-culture","15":"tag-depeches","16":"tag-economique","17":"tag-eu","18":"tag-europe","19":"tag-faits-divers","20":"tag-fr","21":"tag-france","22":"tag-info","23":"tag-informations","24":"tag-infos","25":"tag-lyon","26":"tag-lyonmag","27":"tag-news","28":"tag-ol","29":"tag-politique","30":"tag-republique-francaise","31":"tag-sociale","32":"tag-sport","33":"tag-transports"},"share_on_mastodon":{"url":"https:\/\/pubeurope.com\/@fr\/115213401415243537","error":""},"_links":{"self":[{"href":"https:\/\/www.europesays.com\/fr\/wp-json\/wp\/v2\/posts\/394788","targetHints":{"allow":["GET"]}}],"collection":[{"href":"https:\/\/www.europesays.com\/fr\/wp-json\/wp\/v2\/posts"}],"about":[{"href":"https:\/\/www.europesays.com\/fr\/wp-json\/wp\/v2\/types\/post"}],"author":[{"embeddable":true,"href":"https:\/\/www.europesays.com\/fr\/wp-json\/wp\/v2\/users\/2"}],"replies":[{"embeddable":true,"href":"https:\/\/www.europesays.com\/fr\/wp-json\/wp\/v2\/comments?post=394788"}],"version-history":[{"count":0,"href":"https:\/\/www.europesays.com\/fr\/wp-json\/wp\/v2\/posts\/394788\/revisions"}],"wp:featuredmedia":[{"embeddable":true,"href":"https:\/\/www.europesays.com\/fr\/wp-json\/wp\/v2\/media\/394789"}],"wp:attachment":[{"href":"https:\/\/www.europesays.com\/fr\/wp-json\/wp\/v2\/media?parent=394788"}],"wp:term":[{"taxonomy":"category","embeddable":true,"href":"https:\/\/www.europesays.com\/fr\/wp-json\/wp\/v2\/categories?post=394788"},{"taxonomy":"post_tag","embeddable":true,"href":"https:\/\/www.europesays.com\/fr\/wp-json\/wp\/v2\/tags?post=394788"}],"curies":[{"name":"wp","href":"https:\/\/api.w.org\/{rel}","templated":true}]}}