{"id":394808,"date":"2025-09-16T10:13:11","date_gmt":"2025-09-16T10:13:11","guid":{"rendered":"https:\/\/www.europesays.com\/fr\/394808\/"},"modified":"2025-09-16T10:13:11","modified_gmt":"2025-09-16T10:13:11","slug":"royaume-uni-le-marche-du-travail-penalise-par-une-activite-economique-au-ralenti-16-09-2025-a-1121","status":"publish","type":"post","link":"https:\/\/www.europesays.com\/fr\/394808\/","title":{"rendered":"Royaume-Uni: le march\u00e9 du travail p\u00e9nalis\u00e9 par une activit\u00e9 \u00e9conomique au ralenti &#8211; 16\/09\/2025 \u00e0 11:21"},"content":{"rendered":"<p>        <img fetchpriority=\"high\" decoding=\"async\" src=\"https:\/\/www.europesays.com\/fr\/wp-content\/uploads\/2025\/09\/ecc5409017941f9f5c94f548afff84f3-760x507.jpg\" alt=\"( AFP \/ SAMEER AL-DOUMY )\" loading=\"eager\" width=\"760\" height=\"507\" style=\"max-width: 100%!important; height: auto;\"\/><\/p>\n<p class=\"c-image-news__legend\">( AFP \/ SAMEER AL-DOUMY )<\/p>\n<p>\n Le taux de ch\u00f4mage au Royaume-Uni est rest\u00e9 \u00e0 son sommet en quatre ans, \u00e0 4,7%, pour les trois mois achev\u00e9s fin juillet, dans un march\u00e9 du travail p\u00e9nalis\u00e9 par une \u00e9conomie au ralenti, selon les chiffres de l&rsquo;Office national des statistiques (ONS) mardi.\n<\/p>\n<p>\n Le chiffre du ch\u00f4mage progresse r\u00e9guli\u00e8rement depuis le d\u00e9but de l&rsquo;ann\u00e9e et avait atteint fin mai ce niveau qui n&rsquo;avait plus \u00e9t\u00e9 vu depuis 2021.\n<\/p>\n<p>\n Le taux de personnes ayant un emploi a quant \u00e0 lui l\u00e9g\u00e8rement diminu\u00e9 sur la p\u00e9riode tandis que le taux d&rsquo;inactivit\u00e9 (personnes ne cherchant pas d&#8217;emploi ou pas en mesure de travailler rapidement) a un peu progress\u00e9, selon l&rsquo;ONS.\n<\/p>\n<p>\n \u00ab\u00a0Le march\u00e9 du travail continue de s&rsquo;affaiblir dans un contexte \u00e9conomique morose\u00a0\u00bb, r\u00e9sume Yael Selfin, \u00e9conomiste en chef chez KPMG UK, pour qui \u00ab\u00a0la demande de travailleurs a fortement chut\u00e9 en raison d&rsquo;une activit\u00e9 \u00e9conomique plus faible et de co\u00fbts de main-d&rsquo;\u0153uvre plus \u00e9lev\u00e9s pour les entreprises\u00a0\u00bb.\n<\/p>\n<p>\n Celles-ci avaient vu d\u00e9but avril l&rsquo;entr\u00e9e en vigueur d&rsquo;une hausse des cotisations patronales, pr\u00e9vue par le premier budget du gouvernement travailliste d\u00e9voil\u00e9 en automne dernier, ainsi que des nouveaux droits de douane \u00ab\u00a0r\u00e9ciproques\u00a0\u00bb impos\u00e9s par les Etats-Unis.\n<\/p>\n<p>\n Pour les trois mois achev\u00e9s fin juillet, \u00ab\u00a0les entreprises nous ont encore indiqu\u00e9 qu&rsquo;il y avait moins d&#8217;emplois\u00a0\u00bb, a d\u00e9taill\u00e9 Liz McKeown, directrice des statistiques \u00e9conomiques de l&rsquo;ONS. Mais le rythme de baisse des offres d&#8217;emplois \u00ab\u00a0semble ralentir\u00a0\u00bb.\n<\/p>\n<p>\n L&rsquo;inflation a grimp\u00e9 au Royaume-Uni en juillet \u00e0 3,8% sur un an, tandis que la croissance a cal\u00e9 sur la m\u00eame p\u00e9riode, selon les derniers chiffres officiels, faisant monter la pression sur le gouvernement travailliste \u00e0 l&rsquo;approche de la pr\u00e9sentation du prochain budget &#8212; pr\u00e9vue le 26 novembre.\n<\/p>\n<p>\n Pour trouver les milliards de livres qui manquent, les Britanniques sp\u00e9culent depuis des mois sur de nouvelles hausses d&rsquo;imp\u00f4ts qui pourraient \u00eatre annonc\u00e9es \u00e0 cette occasion par la ministre des finances, Rachel Reeves.\n<\/p>\n<p>\n \u00ab\u00a0L&rsquo;incertitude entourant le budget d&rsquo;automne pourrait influencer les embauches\u00a0\u00bb, reprend Mme Selfin, jugeant que \u00ab\u00a0certaines entreprises pourraient choisir de reporter leurs d\u00e9cisions de recrutement jusqu&rsquo;\u00e0 ce que les changements fiscaux potentiels soient plus clairs\u00a0\u00bb.\n<\/p>\n<p>\n Plusieurs \u00e9conomistes pointent aussi mardi le fait que la croissance des salaires ne ralentit que mod\u00e9r\u00e9ment, ce qui pourrait ajouter aux inqui\u00e9tudes de la Banque d&rsquo;Angleterre sur l&rsquo;inflation et pousser l&rsquo;institution \u00e0 attendre l&rsquo;an prochain pour une nouvelle baisse de ses taux directeurs.<\/p>\n","protected":false},"excerpt":{"rendered":"( AFP \/ SAMEER AL-DOUMY ) Le taux de ch\u00f4mage au Royaume-Uni est rest\u00e9 \u00e0 son sommet en&hellip;\n","protected":false},"author":2,"featured_media":394809,"comment_status":"","ping_status":"","sticky":false,"template":"","format":"standard","meta":{"footnotes":""},"categories":[1588],"tags":[400,11,398,408,405,1777,674,403,402,399,404,12,473,1853,401,406,1851,1850,1852,407],"class_list":{"0":"post-394808","1":"post","2":"type-post","3":"status-publish","4":"format-standard","5":"has-post-thumbnail","7":"category-royaume-uni","8":"tag-action-cac-40","9":"tag-actualites","10":"tag-bourse-de-paris","11":"tag-boursorama","12":"tag-cotations","13":"tag-eu","14":"tag-europe","15":"tag-indices-devises","16":"tag-investir","17":"tag-investissement","18":"tag-marche-boursier","19":"tag-news","20":"tag-royaume-uni","21":"tag-royaume-uni-de-grande-bretagne-et-dirlande-du-nord","22":"tag-sicav","23":"tag-trackers","24":"tag-uk","25":"tag-united-kingdom","26":"tag-united-kingdom-of-great-britain-and-northern-ireland","27":"tag-warrants"},"share_on_mastodon":{"url":"https:\/\/pubeurope.com\/@fr\/115213448418169449","error":""},"_links":{"self":[{"href":"https:\/\/www.europesays.com\/fr\/wp-json\/wp\/v2\/posts\/394808","targetHints":{"allow":["GET"]}}],"collection":[{"href":"https:\/\/www.europesays.com\/fr\/wp-json\/wp\/v2\/posts"}],"about":[{"href":"https:\/\/www.europesays.com\/fr\/wp-json\/wp\/v2\/types\/post"}],"author":[{"embeddable":true,"href":"https:\/\/www.europesays.com\/fr\/wp-json\/wp\/v2\/users\/2"}],"replies":[{"embeddable":true,"href":"https:\/\/www.europesays.com\/fr\/wp-json\/wp\/v2\/comments?post=394808"}],"version-history":[{"count":0,"href":"https:\/\/www.europesays.com\/fr\/wp-json\/wp\/v2\/posts\/394808\/revisions"}],"wp:featuredmedia":[{"embeddable":true,"href":"https:\/\/www.europesays.com\/fr\/wp-json\/wp\/v2\/media\/394809"}],"wp:attachment":[{"href":"https:\/\/www.europesays.com\/fr\/wp-json\/wp\/v2\/media?parent=394808"}],"wp:term":[{"taxonomy":"category","embeddable":true,"href":"https:\/\/www.europesays.com\/fr\/wp-json\/wp\/v2\/categories?post=394808"},{"taxonomy":"post_tag","embeddable":true,"href":"https:\/\/www.europesays.com\/fr\/wp-json\/wp\/v2\/tags?post=394808"}],"curies":[{"name":"wp","href":"https:\/\/api.w.org\/{rel}","templated":true}]}}