{"id":394810,"date":"2025-09-16T10:14:14","date_gmt":"2025-09-16T10:14:14","guid":{"rendered":"https:\/\/www.europesays.com\/fr\/394810\/"},"modified":"2025-09-16T10:14:14","modified_gmt":"2025-09-16T10:14:14","slug":"ford-prevoit-jusqua-1000-nouvelles-suppressions-de-postes-en-allemagne","status":"publish","type":"post","link":"https:\/\/www.europesays.com\/fr\/394810\/","title":{"rendered":"Ford pr\u00e9voit jusqu&rsquo;\u00e0 1000 nouvelles suppressions de postes en Allemagne"},"content":{"rendered":"<p class=\"fig-paragraph\">Le constructeur automobile en crise Ford a annonc\u00e9 ce mardi 16 septembre viser jusqu&rsquo;\u00e0 1000\u00a0<a href=\"http:\/\/www.lefigaro.fr\/flash-eco\/le-constructeur-automobile-americain-ford-va-supprimer-3200-postes-en-allemagne-selon-ig-metall-20230123\" data-fig-type=\"NewsFlash\" data-gtm-custom-categorie=\"navigation\" data-gtm-custom-action=\"crossclick\" data-gtm-custom-label=\"Contextuel\" data-gtm-event=\"customEventSPE\" data-fig-domain=\"LEFIGARO\" rel=\"nofollow noopener\" target=\"_blank\">nouvelles suppressions d&#8217;emploi<\/a>\u00a0dans son usine allemande de Cologne en raison de la faiblesse de la demande,\u00a0<a href=\"http:\/\/www.lefigaro.fr\/flash-eco\/ford-va-renflouer-sa-filiale-allemande-en-difficulte-20250310\" data-fig-type=\"NewsFlash\" data-gtm-custom-categorie=\"navigation\" data-gtm-custom-action=\"crossclick\" data-gtm-custom-label=\"Contextuel\" data-gtm-event=\"customEventSPE\" data-fig-domain=\"LEFIGARO\" rel=\"nofollow noopener\" target=\"_blank\">illustrant la crise persistante du secteur automobile<\/a>. \u00abEn Europe, la demande de voitures \u00e9lectriques reste bien en de\u00e7\u00e0 des pr\u00e9visions de l&rsquo;industrie\u00bb, a d\u00e9clar\u00e9 le groupe am\u00e9ricain dans un communiqu\u00e9. En cons\u00e9quence, le groupe compte r\u00e9duire la cadence de production \u00e0 partir de janvier 2026 dans sa derni\u00e8re usine allemande encore activit\u00e9, situ\u00e9e dans le Land de Rh\u00e9nanie-du-Nord-Westphalie. \u00abCette d\u00e9cision entra\u00eenera la suppression de jusqu&rsquo;\u00e0 1.00 emplois\u00bb dans cette usine, selon le communiqu\u00e9, pr\u00e9cisant que le groupe offrira des indemnit\u00e9s de d\u00e9part volontaire.<\/p>\n<p class=\"fig-paragraph\">Cette nouvelle annonce s&rsquo;ajoute aux 2900 suppressions de postes d\u00e9j\u00e0 annonc\u00e9es en 2024 et devant intervenir d&rsquo;ici 2027. Le groupe venait en outre de conclure cet \u00e9t\u00e9 un accord avec les salari\u00e9s de Cologne, incluant indemnit\u00e9s de d\u00e9part, temps partiel en fin de carri\u00e8re et retraite progressive. L&rsquo;orientation future de l&rsquo;usine restait alors \u00abincertaine\u00bb, selon le syndicat IG Metall. Au terme de la nouvelle r\u00e9duction d&rsquo;effectifs, Ford ne comptera plus qu&rsquo;environ 7600 employ\u00e9s \u00e0 Cologne, d&rsquo;apr\u00e8s le quotidien populaire Bild. \u00c0 la fin de la d\u00e9cennie pr\u00e9c\u00e9dente, ils \u00e9taient environ 20.000.<\/p>\n<p>                                    <a class=\"fig-a11y-skip a11y-hidden\" href=\"#fig-a11y-skip-main-inarticle\"><br \/>\n        Passer la publicit\u00e9<br \/>\n    <\/a><\/p>\n<p class=\"fig-paragraph\">Ford a d\u00e9j\u00e0 mis fin en 2025 \u00e0 l&rsquo;activit\u00e9 de son usine de Saarlouis, qui produisait la Ford Focus. Les constructeurs et fournisseurs automobiles en Allemagne subissent la baisse de la demande mondiale, l&rsquo;augmentation des co\u00fbts, la concurrence chinoise et plus r\u00e9cemment la hausse des droits de douane am\u00e9ricains. Le premier constructeur automobile allemand, Volkswagen, pr\u00e9pare la suppression de 35.000 postes dans le pays.<\/p>\n","protected":false},"excerpt":{"rendered":"Le constructeur automobile en crise Ford a annonc\u00e9 ce mardi 16 septembre viser jusqu&rsquo;\u00e0 1000\u00a0nouvelles suppressions d&#8217;emploi\u00a0dans son&hellip;\n","protected":false},"author":2,"featured_media":394811,"comment_status":"","ping_status":"","sticky":false,"template":"","format":"standard","meta":{"footnotes":""},"categories":[1587],"tags":[11,672,646,1804,1805,1803,1777,674,20722,1801,12,1802],"class_list":{"0":"post-394810","1":"post","2":"type-post","3":"status-publish","4":"format-standard","5":"has-post-thumbnail","7":"category-allemagne","8":"tag-actualites","9":"tag-allemagne","10":"tag-automobile","11":"tag-bundesrepublik-deutschland","12":"tag-de","13":"tag-deutschland","14":"tag-eu","15":"tag-europe","16":"tag-ford","17":"tag-germany","18":"tag-news","19":"tag-republique-federale-dallemagne"},"share_on_mastodon":{"url":"https:\/\/pubeurope.com\/@fr\/115213452145620224","error":""},"_links":{"self":[{"href":"https:\/\/www.europesays.com\/fr\/wp-json\/wp\/v2\/posts\/394810","targetHints":{"allow":["GET"]}}],"collection":[{"href":"https:\/\/www.europesays.com\/fr\/wp-json\/wp\/v2\/posts"}],"about":[{"href":"https:\/\/www.europesays.com\/fr\/wp-json\/wp\/v2\/types\/post"}],"author":[{"embeddable":true,"href":"https:\/\/www.europesays.com\/fr\/wp-json\/wp\/v2\/users\/2"}],"replies":[{"embeddable":true,"href":"https:\/\/www.europesays.com\/fr\/wp-json\/wp\/v2\/comments?post=394810"}],"version-history":[{"count":0,"href":"https:\/\/www.europesays.com\/fr\/wp-json\/wp\/v2\/posts\/394810\/revisions"}],"wp:featuredmedia":[{"embeddable":true,"href":"https:\/\/www.europesays.com\/fr\/wp-json\/wp\/v2\/media\/394811"}],"wp:attachment":[{"href":"https:\/\/www.europesays.com\/fr\/wp-json\/wp\/v2\/media?parent=394810"}],"wp:term":[{"taxonomy":"category","embeddable":true,"href":"https:\/\/www.europesays.com\/fr\/wp-json\/wp\/v2\/categories?post=394810"},{"taxonomy":"post_tag","embeddable":true,"href":"https:\/\/www.europesays.com\/fr\/wp-json\/wp\/v2\/tags?post=394810"}],"curies":[{"name":"wp","href":"https:\/\/api.w.org\/{rel}","templated":true}]}}