{"id":394856,"date":"2025-09-16T10:41:11","date_gmt":"2025-09-16T10:41:11","guid":{"rendered":"https:\/\/www.europesays.com\/fr\/394856\/"},"modified":"2025-09-16T10:41:11","modified_gmt":"2025-09-16T10:41:11","slug":"trump-reclame-15-milliards-de-dollars-au-new-york-times-accuse-de-diffamation","status":"publish","type":"post","link":"https:\/\/www.europesays.com\/fr\/394856\/","title":{"rendered":"Trump r\u00e9clame 15\u00a0milliards de dollars au New York Times, accus\u00e9 de diffamation"},"content":{"rendered":"<p><a href=\"https:\/\/www.20minutes.fr\/dossier\/donald_trump\" class=\"c-link c-link--is-underlined\" target=\"_blank\" rel=\"noopener\">Donald Trump<\/a> n\u2019aime pas les m\u00e9dias. Enfin, pas ceux qui ne disent pas que du bien de lui. Le pr\u00e9sident am\u00e9ricain a annonc\u00e9 dans la nuit de lundi \u00e0 mardi qu\u2019il poursuivait le <a href=\"https:\/\/www.20minutes.fr\/dossier\/new_york_times\" class=\"c-link c-link--is-underlined\" target=\"_blank\" rel=\"noopener\">New York Times<\/a> pour diffamation, r\u00e9clamant 15\u00a0milliards de dollars de dommages et int\u00e9r\u00eats au quotidien.<\/p>\n<p>\u00ab\u00a0Le New York Times a \u00e9t\u00e9 autoris\u00e9 \u00e0 mentir, calomnier et me diffamer librement pendant beaucoup trop longtemps, et cela s\u2019arr\u00eate, MAINTENANT\u00a0!\u00a0\u00bb, a \u00e9crit Donald Trump sur sa plateforme Truth Social, ajoutant que l\u2019affaire serait jug\u00e9e en <a href=\"https:\/\/www.20minutes.fr\/dossier\/floride\" class=\"c-link c-link--is-underlined\" target=\"_blank\" rel=\"noopener\">Floride<\/a>. \u00ab\u00a0Aujourd\u2019hui, j\u2019ai le grand honneur d\u2019intenter une action en justice pour diffamation et calomnie de 15\u00a0milliards de dollars contre le New York Times\u00a0\u00bb, a affirm\u00e9 le pr\u00e9sident am\u00e9ricain.<\/p>\n<\/p>\n<p>Dans son message, le pr\u00e9sident qualifie le prestigieux quotidien de \u00ab\u00a0l\u2019un des pires et des plus d\u00e9g\u00e9n\u00e9r\u00e9s journaux de l\u2019histoire de notre pays\u00a0\u00bb. Il l\u2019accuse d\u2019\u00eatre \u00ab\u00a0un v\u00e9ritable porte-parole du parti d\u00e9mocrate de gauche radicale\u00a0\u00bb et d\u2019avoir soutenu <a href=\"https:\/\/www.20minutes.fr\/politique\/kamala-harris\/\" class=\"c-link c-link--is-underlined\" target=\"_blank\" rel=\"noopener\">Kamala Harris<\/a> durant la derni\u00e8re campagne pr\u00e9sidentielle. Le New York Times est \u00ab\u00a0engag\u00e9 depuis des d\u00e9cennies contre votre pr\u00e9sident pr\u00e9f\u00e9r\u00e9 (MOI\u00a0!), ma famille, mes affaires\u00a0\u00bb, \u00e9crit-il, modestement.<\/p>\n<p>Donald Trump n\u2019en est pas \u00e0 sa premi\u00e8re plainte contre des m\u00e9dias qu\u2019il estime hostiles. En juillet, il a ainsi r\u00e9clam\u00e9 au moins dix milliards de dollars pour diffamation au <a href=\"https:\/\/www.20minutes.fr\/dossier\/wall_street_journal\" class=\"c-link c-link--is-underlined\" target=\"_blank\" rel=\"noopener\">Wall Street Journal<\/a> apr\u00e8s la publication d\u2019un article lui attribuant une lettre salace adress\u00e9e au financier et d\u00e9linquant sexuel <a href=\"https:\/\/www.20minutes.fr\/societe\/affaire-epstein\/\" class=\"c-link c-link--is-underlined\" target=\"_blank\" rel=\"noopener\">Jeffrey Epstein<\/a>.<\/p>\n","protected":false},"excerpt":{"rendered":"Donald Trump n\u2019aime pas les m\u00e9dias. Enfin, pas ceux qui ne disent pas que du bien de lui.&hellip;\n","protected":false},"author":2,"featured_media":394857,"comment_status":"","ping_status":"","sticky":false,"template":"","format":"standard","meta":{"footnotes":""},"categories":[5],"tags":[47,11,14751,22016,75,73,1011,27,14,74,15789,12,22283,28],"class_list":{"0":"post-394856","1":"post","2":"type-post","3":"status-publish","4":"format-standard","5":"has-post-thumbnail","7":"category-international","8":"tag-actualite","9":"tag-actualites","10":"tag-affaire-epstein","11":"tag-diffamation","12":"tag-donald-trump","13":"tag-etats-unis","14":"tag-fr","15":"tag-france","16":"tag-international","17":"tag-monde","18":"tag-new-york-times","19":"tag-news","20":"tag-wall-street-journal","21":"tag-world"},"share_on_mastodon":{"url":"https:\/\/pubeurope.com\/@fr\/115213558444666844","error":""},"_links":{"self":[{"href":"https:\/\/www.europesays.com\/fr\/wp-json\/wp\/v2\/posts\/394856","targetHints":{"allow":["GET"]}}],"collection":[{"href":"https:\/\/www.europesays.com\/fr\/wp-json\/wp\/v2\/posts"}],"about":[{"href":"https:\/\/www.europesays.com\/fr\/wp-json\/wp\/v2\/types\/post"}],"author":[{"embeddable":true,"href":"https:\/\/www.europesays.com\/fr\/wp-json\/wp\/v2\/users\/2"}],"replies":[{"embeddable":true,"href":"https:\/\/www.europesays.com\/fr\/wp-json\/wp\/v2\/comments?post=394856"}],"version-history":[{"count":0,"href":"https:\/\/www.europesays.com\/fr\/wp-json\/wp\/v2\/posts\/394856\/revisions"}],"wp:featuredmedia":[{"embeddable":true,"href":"https:\/\/www.europesays.com\/fr\/wp-json\/wp\/v2\/media\/394857"}],"wp:attachment":[{"href":"https:\/\/www.europesays.com\/fr\/wp-json\/wp\/v2\/media?parent=394856"}],"wp:term":[{"taxonomy":"category","embeddable":true,"href":"https:\/\/www.europesays.com\/fr\/wp-json\/wp\/v2\/categories?post=394856"},{"taxonomy":"post_tag","embeddable":true,"href":"https:\/\/www.europesays.com\/fr\/wp-json\/wp\/v2\/tags?post=394856"}],"curies":[{"name":"wp","href":"https:\/\/api.w.org\/{rel}","templated":true}]}}