{"id":394862,"date":"2025-09-16T10:45:11","date_gmt":"2025-09-16T10:45:11","guid":{"rendered":"https:\/\/www.europesays.com\/fr\/394862\/"},"modified":"2025-09-16T10:45:11","modified_gmt":"2025-09-16T10:45:11","slug":"saint-etienne-un-homme-chute-de-plusieurs-etages-en-centre-ville-une-premiere-piste-se-degage","status":"publish","type":"post","link":"https:\/\/www.europesays.com\/fr\/394862\/","title":{"rendered":"Saint-\u00c9tienne. Un homme chute de plusieurs \u00e9tages en centre-ville, une premi\u00e8re piste se d\u00e9gage"},"content":{"rendered":"<p>            Par<br \/>\n        <strong><br \/>\n            <a href=\"https:\/\/actu.fr\/auteur\/julien-sournies\" title=\"Consulter tous les articles de Julien Sournies\" rel=\"nofollow noopener\" target=\"_blank\">Julien Sournies<\/a><br \/>\n        <\/strong><\/p>\n<p>        Publi\u00e9 le<\/p>\n<p>            16 sept. 2025 \u00e0 12h24        <\/p>\n<p>Les secours ont \u00e9t\u00e9 alert\u00e9s pour une <strong>terrible chute<\/strong> survenue ce mardi 16 septembre en plein centre-ville de <a href=\"https:\/\/actu.fr\/saint-etienne\/\" rel=\"nofollow noopener\" target=\"_blank\">Saint-\u00c9tienne<\/a>.<\/p>\n<p class=\" wall-content\">Peu avant 10 heures, les sapeurs-pompiers, alert\u00e9s par plusieurs t\u00e9moins, sont intervenus pour porter secours \u00e0 un homme de 46 ans.\u00a0<\/p>\n<p>L\u2019homme dans un \u00e9tat grave<\/p>\n<p class=\" wall-content\">Selon les informations transmises par les sapeurs-pompiers de la <a href=\"https:\/\/actu.fr\/auvergne-rhone-alpes\/loire_42\" rel=\"nofollow noopener\" target=\"_blank\">Loire<\/a> \u00e0 notre r\u00e9daction, le quadrag\u00e9naire, lequel serait par ailleurs coca\u00efnomane, a chut\u00e9 du 4e \u00e9tage d\u2019un immeuble situ\u00e9 rue de la R\u00e9sistance.<\/p>\n<p>    <a href=\"https:\/\/www.google.com\/maps\/embed?pb=!1m18!1m12!1m3!1d2799.5677531235992!2d4.383615974795573!3d45.438214035174255!2m3!1f0!2f0!3f0!3m2!1i1024!2i768!4f13.1!3m3!1m2!1s0x47f5aea8e3744ba7%3A0x8ea0225650ba8d1f!2sRue%20de%20la%20R%C3%A9sistance%2C%2042000%20Saint-%C3%89tienne!5e0!3m2!1sfr!2sfr!4v1758018000855!5m2!1sfr!2sfr\" title=\"Ouvrie le lien\" rel=\"nofollow noopener\" target=\"_blank\">Cliquez ici pour visualiser le contenu<\/a><\/p>\n<p class=\" wall-content\">Polytraumatis\u00e9, il a \u00e9t\u00e9 transport\u00e9 bless\u00e9 gravement au service d\u00e9chocage du CHU Nord de Saint-\u00c9tienne.<\/p>\n<p class=\" wall-content\">Selon nos informations, la victime \u00ab\u00a0a chut\u00e9 d\u2019un immeuble r\u00e9guli\u00e8rement fr\u00e9quent\u00e9 par des <strong>squatteurs<\/strong>\u00ab\u00a0, nous indique une source polici\u00e8re.<\/p>\n<p>Une tentative de suicide ?<\/p>\n<p class=\" wall-content\">Selon les t\u00e9moins, l\u2019homme de 46 ans se serait d\u00e9lib\u00e9r\u00e9ment jet\u00e9 dans le vide. La piste du <strong>suicide<\/strong> est donc actuellement privil\u00e9gi\u00e9e par les enqu\u00eateurs.<\/p>\n<p>Votre r\u00e9gion, votre actu !<\/p>\n<p>Recevez chaque jour les infos qui comptent pour vous.<\/p>\n<p>\t<a href=\"https:\/\/actu.fr\/newsletter\" class=\"ac-btn ac-btn--corner ac-btn--medium ac-btn--blue800\" rel=\"nofollow noopener\" target=\"_blank\">S&rsquo;incrire<\/a><\/p>\n<p class=\" wall-content\">Une enqu\u00eate est en cours pour d\u00e9terminer les circonstances exactes de la chute.<\/p>\n<p class=\" wall-content\">Personnalisez votre actualit\u00e9 en ajoutant vos villes et m\u00e9dias en favori avec <a href=\"https:\/\/moncompte.actu.fr\" title=\"D\u00e9couvez Mon Actu\" rel=\"nofollow noopener\" data-trk=\"{&quot;cta&quot;:{&quot;action&quot;:&quot;https:\\\/\\\/moncompte.actu.fr&quot;,&quot;category&quot;:&quot;mon compte&quot;,&quot;from&quot;:&quot;article footer&quot;,&quot;name&quot;:&quot;Mon actu&quot;,&quot;type&quot;:&quot;cta&quot;}}\" target=\"_blank\">Mon Actu<\/a>.<\/p>\n","protected":false},"excerpt":{"rendered":"Par Julien Sournies Publi\u00e9 le 16 sept. 2025 \u00e0 12h24 Les secours ont \u00e9t\u00e9 alert\u00e9s pour une terrible&hellip;\n","protected":false},"author":2,"featured_media":394863,"comment_status":"","ping_status":"","sticky":false,"template":"","format":"standard","meta":{"footnotes":""},"categories":[9653],"tags":[1111,11,2430,1777,674,118,1011,27,12,1311,25,4001],"class_list":{"0":"post-394862","1":"post","2":"type-post","3":"status-publish","4":"format-standard","5":"has-post-thumbnail","7":"category-saint-etienne","8":"tag-actu","9":"tag-actualites","10":"tag-auvergne-rhone-alpes","11":"tag-eu","12":"tag-europe","13":"tag-faits-divers","14":"tag-fr","15":"tag-france","16":"tag-news","17":"tag-pompiers","18":"tag-republique-francaise","19":"tag-saint-etienne"},"share_on_mastodon":{"url":"https:\/\/pubeurope.com\/@fr\/115213574191882017","error":""},"_links":{"self":[{"href":"https:\/\/www.europesays.com\/fr\/wp-json\/wp\/v2\/posts\/394862","targetHints":{"allow":["GET"]}}],"collection":[{"href":"https:\/\/www.europesays.com\/fr\/wp-json\/wp\/v2\/posts"}],"about":[{"href":"https:\/\/www.europesays.com\/fr\/wp-json\/wp\/v2\/types\/post"}],"author":[{"embeddable":true,"href":"https:\/\/www.europesays.com\/fr\/wp-json\/wp\/v2\/users\/2"}],"replies":[{"embeddable":true,"href":"https:\/\/www.europesays.com\/fr\/wp-json\/wp\/v2\/comments?post=394862"}],"version-history":[{"count":0,"href":"https:\/\/www.europesays.com\/fr\/wp-json\/wp\/v2\/posts\/394862\/revisions"}],"wp:featuredmedia":[{"embeddable":true,"href":"https:\/\/www.europesays.com\/fr\/wp-json\/wp\/v2\/media\/394863"}],"wp:attachment":[{"href":"https:\/\/www.europesays.com\/fr\/wp-json\/wp\/v2\/media?parent=394862"}],"wp:term":[{"taxonomy":"category","embeddable":true,"href":"https:\/\/www.europesays.com\/fr\/wp-json\/wp\/v2\/categories?post=394862"},{"taxonomy":"post_tag","embeddable":true,"href":"https:\/\/www.europesays.com\/fr\/wp-json\/wp\/v2\/tags?post=394862"}],"curies":[{"name":"wp","href":"https:\/\/api.w.org\/{rel}","templated":true}]}}