{"id":394878,"date":"2025-09-16T10:56:11","date_gmt":"2025-09-16T10:56:11","guid":{"rendered":"https:\/\/www.europesays.com\/fr\/394878\/"},"modified":"2025-09-16T10:56:11","modified_gmt":"2025-09-16T10:56:11","slug":"larmee-israelienne-lance-une-operation-terrestre-a-gaza-ville-une-boite-de-nuit-incendiee-a-rouen-la-france-en-retard-sur-sa-transition-ecologique-les-3-infos-a-retenir-a-la-mi-journee","status":"publish","type":"post","link":"https:\/\/www.europesays.com\/fr\/394878\/","title":{"rendered":"L\u2019arm\u00e9e isra\u00e9lienne lance une op\u00e9ration terrestre \u00e0 Gaza-ville, une bo\u00eete de nuit incendi\u00e9e \u00e0 Rouen, la France en retard sur sa transition \u00e9cologique&#8230; Les 3 infos \u00e0 retenir \u00e0 la mi-journ\u00e9e"},"content":{"rendered":"<p><strong>LE POINT DE MIDI &#8211;<\/strong> Retrouvez l\u2019essentiel de l\u2019actualit\u00e9 parue ce mardi 16 septembre au matin sur notre site.<\/p>\n<p><strong>Tsahal confirme le lancement d\u2019une op\u00e9ration terrestre \u00e0 Gaza<\/strong><\/p>\n<p>    Des unit\u00e9s d\u2019artillerie mobiles isra\u00e9liennes se tiennent pr\u00e8s de la fronti\u00e8re Isra\u00ebl-Gaza, en Isra\u00ebl, le 16 septembre 2025.<br \/>\n                Amir COHEN \/ REUTERS<\/p>\n<p class=\"fig-paragraph\">Le premier ministre Benyamin Netanyahou a \u00e9galement indiqu\u00e9 ce mardi qu\u2019Isra\u00ebl a lanc\u00e9\u00a0<a href=\"https:\/\/www.lefigaro.fr\/international\/en-direct-guerre-a-gaza-de-forts-bombardements-israeliens-dans-la-nuit-la-defense-civile-evoque-un-massacre-majeur-20250916\" data-fig-type=\"Live\" data-gtm-custom-categorie=\"navigation\" data-gtm-custom-action=\"crossclick\" data-gtm-custom-label=\"Contextuel\" data-gtm-event=\"customEventSPE\" data-fig-domain=\"LEFIGARO\" target=\"_blank\" rel=\"noopener\">\u00abune op\u00e9ration importante\u00bb \u00e0 Gaza<\/a>. La ville a \u00e9t\u00e9 touch\u00e9e par des bombardements forts et soutenus dans la nuit de lundi \u00e0 mardi.<\/p>\n<p><strong>Rouen\u00a0: la bo\u00eete de nuit le Moulin Rose d\u00e9vor\u00e9e par les flammes, une soixantaine de pompiers mobilis\u00e9s<\/strong><\/p>\n<p>    L\u2019origine du sinistre est pour l\u2019heure, inconnue. (Image d\u2019illustration)<br \/>\n                ADOBE STOCK<\/p>\n<p class=\"fig-paragraph\">Dans la nuit de lundi \u00e0 mardi,\u00a0<a href=\"http:\/\/www.lefigaro.fr\/faits-divers\/rouen-la-boite-de-nuit-le-moulin-rose-devoree-par-les-flammes-une-soixantaine-de-pompiers-mobilises-20250916\" data-fig-type=\"NewsFlash\" data-gtm-custom-categorie=\"navigation\" data-gtm-custom-action=\"crossclick\" data-gtm-custom-label=\"Contextuel\" data-gtm-event=\"customEventSPE\" data-fig-domain=\"LEFIGARO\" target=\"_blank\" rel=\"noopener\">un violent incendie s\u2019est d\u00e9clar\u00e9 \u00e0 la discoth\u00e8que le Moulin Rose<\/a>\u00a0situ\u00e9e \u00e0 Belbeuf pr\u00e8s de Rouen, a appris Le Figaro aupr\u00e8s du parquet de Rouen. Aucune victime n\u2019est \u00e0 d\u00e9plorer.<\/p>\n<p><strong>Transition \u00e9cologique\u00a0: son co\u00fbt est \u00abbien inf\u00e9rieur \u00e0 celui de l\u2019inaction\u00bb, affirme la Cour des comptes<\/strong><\/p>\n<p>    Les politiques publiques d\u00e9j\u00e0 engag\u00e9es en mati\u00e8re de transition \u00e9cologique \u00abproduisent des r\u00e9sultats positifs, mais encore fragiles et parfois insuffisants\u00bb, notent les magistrats.<br \/>\n                ADOBE STOCK<\/p>\n<p>                                    <a class=\"fig-a11y-skip a11y-hidden\" href=\"#fig-a11y-skip-main-inarticle\"><br \/>\n        Passer la publicit\u00e9<br \/>\n    <\/a><\/p>\n<p class=\"fig-paragraph\">Estimant les r\u00e9sultats de la France en la mati\u00e8re \u00abinsuffisants\u00bb,\u00a0<a href=\"http:\/\/www.lefigaro.fr\/conjoncture\/transition-ecologique-son-cout-est-bien-inferieur-a-celui-de-l-inaction-affirme-la-cour-des-comptes-20250916\" data-fig-type=\"NewsFlash\" data-gtm-custom-categorie=\"navigation\" data-gtm-custom-action=\"crossclick\" data-gtm-custom-label=\"Contextuel\" data-gtm-event=\"customEventSPE\" data-fig-domain=\"LEFIGARO\" target=\"_blank\" rel=\"noopener\">les Sages de la rue Cambon exhortent le gouvernement \u00e0 agir de mani\u00e8re \u00aburgente\u00bb<\/a>\u00a0pour combler \u00ables retards\u00bb et faire face \u00e0 l\u2019augmentation des co\u00fbts \u00e0 pr\u00e9voir.<\/p>\n<p>Le chiffre du jour\u00a0: 35<\/p>\n<p class=\"fig-paragraph\">La droite pourrait accepter de r\u00e9duire\u00a0l\u2019effort d\u2019\u00e9conomies\u00a0\u00e0 35 milliards d\u2019euros dans le budget 2026 mais s\u2019opposera \u00e0 une suspension de la r\u00e9forme des retraites comme \u00e0 la mise en place d\u2019une taxe sur les hauts patrimoines.<\/p>\n<p class=\"fig-body-cta-link\" data-module=\"fig-cta-link\" data-context=\"was @visible\">\n    <a class=\"fig-body-cta-link__link\" href=\"https:\/\/www.lefigaro.fr\/conjoncture\/ce-n-est-pas-un-totem-lr-pret-a-reduire-l-effort-d-economies-dans-le-budget-2026-a-35-milliards-20250916\" target=\"_self\" rel=\"follow noopener\" data-js-gtm=\"{&quot;event&quot;:&quot;customEventGA4&quot;,&quot;eventName&quot;:&quot;click_navigation&quot;,&quot;button_action&quot;:&quot;crossclick&quot;,&quot;feature&quot;:&quot;Contextuel_bouton&quot;,&quot;feature_details&quot;:&quot;NOTRE ARTICLE&quot;,&quot;link_url&quot;:&quot;https:\\\/\\\/www.lefigaro.fr\\\/conjoncture\\\/ce-n-est-pas-un-totem-lr-pret-a-reduire-l-effort-d-economies-dans-le-budget-2026-a-35-milliards-20250916&quot;}\"><br \/>\n                NOTRE ARTICLE<br \/>\n    <\/a>\n<\/p>\n<p>Notre reportage du jour\u00a0:<\/p>\n<p>20 millions d\u2019euros pour rien\u00a0: \u00e0 Noisy-le-Grand, le g\u00e2chis du mini-m\u00e9tro qui n\u2019a jamais transport\u00e9 personne<\/p>\n<p class=\"fig-paragraph\">Abandonn\u00e9e depuis plus de 25 ans, cette navette baptis\u00e9e SK devait relier la gare RER de la ville \u00e0 un quartier d\u2019affaires&#8230; qui n\u2019a jamais vu le jour. Elle a tourn\u00e9 \u00e0 vide pendant six ans avant d\u2019\u00eatre mise en sommeil.<\/p>\n<p class=\"fig-body-cta-link\" data-module=\"fig-cta-link\" data-context=\"was @visible\">\n    <a class=\"fig-body-cta-link__link\" href=\"https:\/\/www.lefigaro.fr\/conjoncture\/20-millions-d-euros-pour-rien-a-noisy-le-grand-le-gachis-du-mini-metro-qui-n-a-jamais-transporte-personne-20250916\" target=\"_self\" rel=\"follow noopener\" data-js-gtm=\"{&quot;event&quot;:&quot;customEventGA4&quot;,&quot;eventName&quot;:&quot;click_navigation&quot;,&quot;button_action&quot;:&quot;crossclick&quot;,&quot;feature&quot;:&quot;Contextuel_bouton&quot;,&quot;feature_details&quot;:&quot;NOTRE REPORTAGE&quot;,&quot;link_url&quot;:&quot;https:\\\/\\\/www.lefigaro.fr\\\/conjoncture\\\/20-millions-d-euros-pour-rien-a-noisy-le-grand-le-gachis-du-mini-metro-qui-n-a-jamais-transporte-personne-20250916&quot;}\"><br \/>\n                NOTRE REPORTAGE<br \/>\n    <\/a>\n<\/p>\n<p>La photo \u00e0 retenir<\/p>\n<p>    Des pluies diluviennes se sont abattues sur la ville de Dhaka, au Bangladesh. Les inondations qui suivent les pluies de mousson s\u2019aggravent chaque ann\u00e9e en raison du changement climatique.<br \/>\n                Habibur Rahman \/ ABACA<\/p>\n<p>La vid\u00e9o du jour<\/p>\n","protected":false},"excerpt":{"rendered":"LE POINT DE MIDI &#8211; Retrouvez l\u2019essentiel de l\u2019actualit\u00e9 parue ce mardi 16 septembre au matin sur notre&hellip;\n","protected":false},"author":2,"featured_media":394879,"comment_status":"","ping_status":"","sticky":false,"template":"","format":"standard","meta":{"footnotes":""},"categories":[9587],"tags":[1111,11,6627,1777,674,1011,27,665,664,12,5161,25,9590,16155],"class_list":{"0":"post-394878","1":"post","2":"type-post","3":"status-publish","4":"format-standard","5":"has-post-thumbnail","7":"category-rouen","8":"tag-actu","9":"tag-actualites","10":"tag-boite-de-nuit","11":"tag-eu","12":"tag-europe","13":"tag-fr","14":"tag-france","15":"tag-gaza","16":"tag-israel","17":"tag-news","18":"tag-normandie","19":"tag-republique-francaise","20":"tag-rouen","21":"tag-transition-ecologique"},"share_on_mastodon":{"url":"https:\/\/pubeurope.com\/@fr\/115213617330867950","error":""},"_links":{"self":[{"href":"https:\/\/www.europesays.com\/fr\/wp-json\/wp\/v2\/posts\/394878","targetHints":{"allow":["GET"]}}],"collection":[{"href":"https:\/\/www.europesays.com\/fr\/wp-json\/wp\/v2\/posts"}],"about":[{"href":"https:\/\/www.europesays.com\/fr\/wp-json\/wp\/v2\/types\/post"}],"author":[{"embeddable":true,"href":"https:\/\/www.europesays.com\/fr\/wp-json\/wp\/v2\/users\/2"}],"replies":[{"embeddable":true,"href":"https:\/\/www.europesays.com\/fr\/wp-json\/wp\/v2\/comments?post=394878"}],"version-history":[{"count":0,"href":"https:\/\/www.europesays.com\/fr\/wp-json\/wp\/v2\/posts\/394878\/revisions"}],"wp:featuredmedia":[{"embeddable":true,"href":"https:\/\/www.europesays.com\/fr\/wp-json\/wp\/v2\/media\/394879"}],"wp:attachment":[{"href":"https:\/\/www.europesays.com\/fr\/wp-json\/wp\/v2\/media?parent=394878"}],"wp:term":[{"taxonomy":"category","embeddable":true,"href":"https:\/\/www.europesays.com\/fr\/wp-json\/wp\/v2\/categories?post=394878"},{"taxonomy":"post_tag","embeddable":true,"href":"https:\/\/www.europesays.com\/fr\/wp-json\/wp\/v2\/tags?post=394878"}],"curies":[{"name":"wp","href":"https:\/\/api.w.org\/{rel}","templated":true}]}}