{"id":394923,"date":"2025-09-16T11:20:14","date_gmt":"2025-09-16T11:20:14","guid":{"rendered":"https:\/\/www.europesays.com\/fr\/394923\/"},"modified":"2025-09-16T11:20:14","modified_gmt":"2025-09-16T11:20:14","slug":"des-terroristes-menacent-la-cathedrale-notre-dame-de-paris-dans-une-vieille-video-truquee","status":"publish","type":"post","link":"https:\/\/www.europesays.com\/fr\/394923\/","title":{"rendered":"Des terroristes menacent la cath\u00e9drale Notre-Dame de Paris dans une vieille vid\u00e9o truqu\u00e9e"},"content":{"rendered":"<p class=\"mb-4 text-lg md:leading-8 break-words\">Une vid\u00e9o est devenue virale sur les m\u00e9dias sociaux, affirmant qu&rsquo;un groupe terroriste musulman a menac\u00e9 de br\u00fbler la cath\u00e9drale Notre-Dame de Paris, \u00e0 moins que les autorit\u00e9s fran\u00e7aises ne lib\u00e8rent Brahim Aouissaoui.<\/p>\n<p class=\"mb-4 text-lg md:leading-8 break-words\">Ce citoyen tunisien a tu\u00e9 trois personnes lors d&rsquo;un attentat terroriste dans une \u00e9glise <a href=\"https:\/\/fr.euronews.com\/2020\/10\/30\/attentat-djihadiste-de-nice-la-france-sous-le-choc\" rel=\"nofollow noopener\" target=\"_blank\" data-ylk=\"slk:\u00e0 Nice en 2020;elm:context_link;itc:0;sec:content-canvas\" class=\"link \"><strong>\u00e0 Nice en 2020<\/strong><\/a>.<\/p>\n<p class=\"mb-4 text-lg md:leading-8 break-words\">La vid\u00e9o montre trois hommes masqu\u00e9s lan\u00e7ant leur ultimatum avant de mettre le feu \u00e0 une maquette de Notre-Dame de Paris. .<\/p>\n<p class=\"mb-4 text-lg md:leading-8 break-words\">Ils portent tous un logo sur leurs manches qui ressemble \u00e0 celui de <strong>Hayat Tahrir al-Sham<\/strong> (HTS), un groupe islamiste anciennement dirig\u00e9 par le pr\u00e9sident syrien Ahmed al-Charaa.<\/p>\n<p class=\"mb-4 text-lg md:leading-8 break-words\">\u00ab\u00a0Vos \u00e9glises seront br\u00fbl\u00e9es par la volont\u00e9 de Dieu\u00a0\u00bb, d\u00e9clare l&rsquo;un des hommes masqu\u00e9s.<\/p>\n<p class=\"mb-4 text-lg md:leading-8 break-words\">La vid\u00e9o a \u00e9t\u00e9 partag\u00e9e par de nombreux comptes sur diff\u00e9rentes plateformes de r\u00e9seaux sociaux, y compris par des politiciens europ\u00e9ens tels que l&rsquo;eurod\u00e9put\u00e9 polonais populiste de droite <strong>Dominik Tarczy\u0144ski<\/strong>.<\/p>\n<p><img alt=\"Image du message partag\u00e9 par Dominik Tarczy\u0144ski\" loading=\"lazy\" width=\"808\" height=\"808\" decoding=\"async\" data-nimg=\"1\" class=\"rounded-lg\" style=\"color:transparent\" src=\"https:\/\/www.europesays.com\/fr\/wp-content\/uploads\/2025\/09\/e28eeb0c40cf2e8276950d9be5ff4c4c.jpeg\"\/><\/p>\n<p> Une image du message partag\u00e9 par Dominik Tarczy\u0144ski   &#8211; Euronews <\/p>\n<p class=\"mb-4 text-lg md:leading-8 break-words\">Cependant, la vid\u00e9o n&rsquo;est pas nouvelle &#8211; une recherche d&rsquo;images invers\u00e9es montre qu&rsquo;elle a commenc\u00e9 \u00e0 circuler en janvier 2025 et qu&rsquo;elle a \u00e9t\u00e9 rapidement d\u00e9mentie \u00e0 l&rsquo;\u00e9poque.<\/p>\n<p class=\"mb-4 text-lg md:leading-8 break-words\">Les v\u00e9rificateurs de faits de <a href=\"https:\/\/observers.france24.com\/fr\/moyen-orient\/20250129-notre-dame-menace-htc-syrie-faux-fake-news\" rel=\"nofollow noopener\" target=\"_blank\" data-ylk=\"slk:France24;elm:context_link;itc:0;sec:content-canvas\" class=\"link \"><strong>France24<\/strong><\/a> ont not\u00e9 \u00e0 l&rsquo;\u00e9poque que la vid\u00e9o avait \u00e9t\u00e9 diffus\u00e9e par des canaux anonymes et non par les moyens de communication habituels de HTS. Elle a probablement une origine pro-russe, selon le m\u00e9dia.<\/p>\n<p class=\"mb-4 text-lg md:leading-8 break-words\">Le logo de HTS figurant sur les manches ne correspond pas tout \u00e0 fait au logo r\u00e9el, et les hommes semblent parler avec un accent \u00e9gyptien en arabe plut\u00f4t que syrien.<\/p>\n<p class=\"mb-4 text-lg md:leading-8 break-words\">Certains organes de presse semblent avoir \u00e9t\u00e9 tromp\u00e9s par la r\u00e9apparition de la vid\u00e9o, et certains d&rsquo;entre eux ont depuis <a href=\"https:\/\/blogs.timesofisrael.com\/jihadists-threaten-france-and-demand-the-release-of-the-nice-cathedral-terrorist\/\" rel=\"nofollow noopener\" target=\"_blank\" data-ylk=\"slk:retir\u00e9 les;elm:context_link;itc:0;sec:content-canvas\" class=\"link \"><strong>retir\u00e9 les<\/strong><\/a> informations qu&rsquo;ils avaient publi\u00e9es \u00e0 son sujet.<\/p>\n<p><img alt=\"Certains messages sont toujours affich\u00e9s, tandis que d'autres ont \u00e9t\u00e9 supprim\u00e9s.\" loading=\"lazy\" width=\"808\" height=\"454\" decoding=\"async\" data-nimg=\"1\" class=\"rounded-lg\" style=\"color:transparent\" src=\"https:\/\/www.europesays.com\/fr\/wp-content\/uploads\/2025\/09\/fb0bc3331f465d40ba793732519d155a.jpeg\"\/><\/p>\n<p> Certains messages sont toujours en ligne tandis que d&rsquo;autres ont \u00e9t\u00e9 supprim\u00e9s.   &#8211; Euronews <\/p>\n<p class=\"mb-4 text-lg md:leading-8 break-words\">Sa r\u00e9apparition a \u00e9galement incit\u00e9 certains utilisateurs de m\u00e9dias sociaux \u00e0 partager d&rsquo;anciennes vid\u00e9os de Notre-Dame en flammes, affirmant que les terroristes avaient d\u00e9j\u00e0 perp\u00e9tr\u00e9 leur attaque. Or, la cath\u00e9drale a pris feu par accident en avril 2019, comme le montrent ces messages.<\/p>\n<p><img alt=\"La fausse vid\u00e9o sur les terroristes a fait ressurgir de vieilles images de l'incendie de Notre-Dame.\" loading=\"lazy\" width=\"808\" height=\"962\" decoding=\"async\" data-nimg=\"1\" class=\"rounded-lg\" style=\"color:transparent\" src=\"https:\/\/www.europesays.com\/fr\/wp-content\/uploads\/2025\/09\/36d887743dfa18930462d5872e302453.jpeg\"\/><\/p>\n<p> La fausse vid\u00e9o sur les terroristes a fait ressurgir d&rsquo;anciennes images de l&rsquo;incendie de Notre-Dame.   &#8211; Euronews <\/p>\n<p>Que s&rsquo;est-il pass\u00e9 lors de l&rsquo;attentat de Nice ?<\/p>\n<p class=\"mb-4 text-lg md:leading-8 break-words\">Le sujet de la fausse vid\u00e9o terroriste est Brahim Aouissaoui, qui a poignard\u00e9 \u00e0 mort trois personnes \u00e0 la basilique Notre-Dame de Nice le 29 octobre 2020, avant de menacer des policiers qui l&rsquo;ont ensuite neutralis\u00e9 et bless\u00e9 par balles.<\/p>\n<p class=\"mb-4 text-lg md:leading-8 break-words\">L&rsquo;une des victimes a \u00e9t\u00e9 retrouv\u00e9e avec une entaille \u00e0 la gorge si profonde qu&rsquo;il semblait s&rsquo;agir d&rsquo;une tentative de d\u00e9capitation, ont d\u00e9clar\u00e9 les autorit\u00e9s au lendemain de l&rsquo;attentat.<\/p>\n<p class=\"mb-4 text-lg md:leading-8 break-words\">Brahim Aouissaoui a \u00e9t\u00e9 reconnu coupable et condamn\u00e9 \u00e0 la prison \u00e0 vie en f\u00e9vrier de cette ann\u00e9e.<\/p>\n","protected":false},"excerpt":{"rendered":"Une vid\u00e9o est devenue virale sur les m\u00e9dias sociaux, affirmant qu&rsquo;un groupe terroriste musulman a menac\u00e9 de br\u00fbler&hellip;\n","protected":false},"author":2,"featured_media":394924,"comment_status":"","ping_status":"","sticky":false,"template":"","format":"standard","meta":{"footnotes":""},"categories":[1888],"tags":[1111,1928,11,1927,52691,8777,1777,674,1011,27,12,1926,52692,3341,626,1925,25,133],"class_list":{"0":"post-394923","1":"post","2":"type-post","3":"status-publish","4":"format-standard","5":"has-post-thumbnail","7":"category-paris","8":"tag-actu","9":"tag-actu-paris","10":"tag-actualites","11":"tag-actualites-paris","12":"tag-brahim","13":"tag-cathedrale-notre-dame-de-paris","14":"tag-eu","15":"tag-europe","16":"tag-fr","17":"tag-france","18":"tag-news","19":"tag-news-paris","20":"tag-notre-dame-de-nice","21":"tag-notre-dame-de-paris","22":"tag-paris","23":"tag-paris-news","24":"tag-republique-francaise","25":"tag-video"},"share_on_mastodon":{"url":"https:\/\/pubeurope.com\/@fr\/115213712204314968","error":""},"_links":{"self":[{"href":"https:\/\/www.europesays.com\/fr\/wp-json\/wp\/v2\/posts\/394923","targetHints":{"allow":["GET"]}}],"collection":[{"href":"https:\/\/www.europesays.com\/fr\/wp-json\/wp\/v2\/posts"}],"about":[{"href":"https:\/\/www.europesays.com\/fr\/wp-json\/wp\/v2\/types\/post"}],"author":[{"embeddable":true,"href":"https:\/\/www.europesays.com\/fr\/wp-json\/wp\/v2\/users\/2"}],"replies":[{"embeddable":true,"href":"https:\/\/www.europesays.com\/fr\/wp-json\/wp\/v2\/comments?post=394923"}],"version-history":[{"count":0,"href":"https:\/\/www.europesays.com\/fr\/wp-json\/wp\/v2\/posts\/394923\/revisions"}],"wp:featuredmedia":[{"embeddable":true,"href":"https:\/\/www.europesays.com\/fr\/wp-json\/wp\/v2\/media\/394924"}],"wp:attachment":[{"href":"https:\/\/www.europesays.com\/fr\/wp-json\/wp\/v2\/media?parent=394923"}],"wp:term":[{"taxonomy":"category","embeddable":true,"href":"https:\/\/www.europesays.com\/fr\/wp-json\/wp\/v2\/categories?post=394923"},{"taxonomy":"post_tag","embeddable":true,"href":"https:\/\/www.europesays.com\/fr\/wp-json\/wp\/v2\/tags?post=394923"}],"curies":[{"name":"wp","href":"https:\/\/api.w.org\/{rel}","templated":true}]}}