{"id":394991,"date":"2025-09-16T11:59:10","date_gmt":"2025-09-16T11:59:10","guid":{"rendered":"https:\/\/www.europesays.com\/fr\/394991\/"},"modified":"2025-09-16T11:59:10","modified_gmt":"2025-09-16T11:59:10","slug":"saint-etienne-un-homme-gravement-blesse-apres-une-chute-du-4e-etage","status":"publish","type":"post","link":"https:\/\/www.europesays.com\/fr\/394991\/","title":{"rendered":"Saint-\u00c9tienne : un homme gravement bless\u00e9 apr\u00e8s une chute du 4e \u00e9tage"},"content":{"rendered":"<p>Mardi 16 septembre, un homme a fait une chute depuis le 4e \u00e9tage d&rsquo;un immeuble \u00e0 Saint-\u00c9tienne. La victime est gravement bless\u00e9e.<\/p>\n<p>Les faits se sont d\u00e9roul\u00e9s rue de la R\u00e9sistance, \u00e0 <b>Saint-\u00c9tienne<\/b>, dans un b\u00e2timent. Mardi 16 septembre, dans la matin\u00e9e, <b>un homme de 46 ans serait tomb\u00e9 accidentellement du 4e \u00e9tage d&rsquo;un immeuble<\/b>.<\/p>\n<p>La victime aurait consomm\u00e9 de l&rsquo;alcool et des drogues<\/p>\n<p>Alert\u00e9s, les pompiers de la Loire sont intervenus sur place pour prendre en charge la victime gravement bless\u00e9e.<\/p>\n<p>Son \u00e9tat jug\u00e9 pr\u00e9occupant, elle a ensuite \u00e9t\u00e9 \u00e9vacu\u00e9e au centre hospitalier de Saint-Priest-en-Jarez.<\/p>\n<p>Selon nos confr\u00e8res du <a class=\"url\" href=\"https:\/\/www.leprogres.fr\/faits-divers-justice\/2025\/09\/16\/gravement-blesse-apres-avoir-chute-du-4e-etage-en-centre-ville-de-saint-etienne\" target=\"_blank\" rel=\"noopener\">Progr\u00e8s<\/a>, l&rsquo;homme aurait consomm\u00e9 de l&rsquo;alcool et des drogues avant sa chute de plusieurs m\u00e8tres de haut.<\/p>\n<p><img loading=\"lazy\" decoding=\"async\" src=\"https:\/\/www.europesays.com\/fr\/wp-content\/uploads\/2025\/09\/1758023950_47_img\" width=\"350\" height=\"200\" border=\"0\" title=\"Un v\u00c3\u00a9hicule de gendarmerie\"\/><\/p>\n<p>\u25baFaits divers<\/p>\n<p style=\"font-size: 22px;\"><b>\u00ab\u00a0Souriez, vous \u00eates film\u00e9s\u00a0\u00bb : le message de la gendarmerie de la Loire&#8230; aux cambrioleurs !<\/b><\/p>\n<p>Deux individus ont \u00e9t\u00e9 interpell\u00e9s en flagrant&#8230;<\/p>\n<p><\/p>\n","protected":false},"excerpt":{"rendered":"Mardi 16 septembre, un homme a fait une chute depuis le 4e \u00e9tage d&rsquo;un immeuble \u00e0 Saint-\u00c9tienne. La&hellip;\n","protected":false},"author":2,"featured_media":394992,"comment_status":"","ping_status":"","sticky":false,"template":"","format":"standard","meta":{"footnotes":""},"categories":[9653],"tags":[119,1111,11,2430,837,1777,674,6017,1011,27,12,1311,16338,25,9920,4001],"class_list":{"0":"post-394991","1":"post","2":"type-post","3":"status-publish","4":"format-standard","5":"has-post-thumbnail","7":"category-saint-etienne","8":"tag-accident","9":"tag-actu","10":"tag-actualites","11":"tag-auvergne-rhone-alpes","12":"tag-chute","13":"tag-eu","14":"tag-europe","15":"tag-fait-divers","16":"tag-fr","17":"tag-france","18":"tag-news","19":"tag-pompiers","20":"tag-radio-scoop","21":"tag-republique-francaise","22":"tag-saint-tienne","23":"tag-saint-etienne"},"share_on_mastodon":{"url":"https:\/\/pubeurope.com\/@fr\/115213865568886773","error":""},"_links":{"self":[{"href":"https:\/\/www.europesays.com\/fr\/wp-json\/wp\/v2\/posts\/394991","targetHints":{"allow":["GET"]}}],"collection":[{"href":"https:\/\/www.europesays.com\/fr\/wp-json\/wp\/v2\/posts"}],"about":[{"href":"https:\/\/www.europesays.com\/fr\/wp-json\/wp\/v2\/types\/post"}],"author":[{"embeddable":true,"href":"https:\/\/www.europesays.com\/fr\/wp-json\/wp\/v2\/users\/2"}],"replies":[{"embeddable":true,"href":"https:\/\/www.europesays.com\/fr\/wp-json\/wp\/v2\/comments?post=394991"}],"version-history":[{"count":0,"href":"https:\/\/www.europesays.com\/fr\/wp-json\/wp\/v2\/posts\/394991\/revisions"}],"wp:featuredmedia":[{"embeddable":true,"href":"https:\/\/www.europesays.com\/fr\/wp-json\/wp\/v2\/media\/394992"}],"wp:attachment":[{"href":"https:\/\/www.europesays.com\/fr\/wp-json\/wp\/v2\/media?parent=394991"}],"wp:term":[{"taxonomy":"category","embeddable":true,"href":"https:\/\/www.europesays.com\/fr\/wp-json\/wp\/v2\/categories?post=394991"},{"taxonomy":"post_tag","embeddable":true,"href":"https:\/\/www.europesays.com\/fr\/wp-json\/wp\/v2\/tags?post=394991"}],"curies":[{"name":"wp","href":"https:\/\/api.w.org\/{rel}","templated":true}]}}