{"id":395005,"date":"2025-09-16T12:06:10","date_gmt":"2025-09-16T12:06:10","guid":{"rendered":"https:\/\/www.europesays.com\/fr\/395005\/"},"modified":"2025-09-16T12:06:10","modified_gmt":"2025-09-16T12:06:10","slug":"on-nest-pas-completement-mort","status":"publish","type":"post","link":"https:\/\/www.europesays.com\/fr\/395005\/","title":{"rendered":"\u00ab On n&rsquo;est pas compl\u00e8tement mort \u00bb"},"content":{"rendered":"<p>            Par<br \/>\n        <strong><br \/>\n            <a href=\"https:\/\/actu.fr\/auteur\/jessie-leclerc\" title=\"Consulter tous les articles de Jessie Leclerc\" target=\"_blank\" rel=\"noopener\">Jessie Leclerc<\/a><br \/>\n        <\/strong><\/p>\n<p>        Publi\u00e9 le<\/p>\n<p>            16 sept. 2025 \u00e0 8h08        <\/p>\n<p>\u00ab\u2009En quoi<strong> la ville<\/strong> est attractive si ses commerces disparaissent\u2009?\u2009\u00bb C\u2019est le triste questionnement de Franck Vattier-Croissant, g\u00e9rant de la librairie Le Lotus situ\u00e9e dans le quartier Saint-Marc <a href=\"https:\/\/actu.fr\/normandie\/rouen_76540\" target=\"_blank\" rel=\"noopener\">de Rouen (Seine-Maritime)<\/a>. Le 1\u1d49\u02b3 septembre 2025, il tirait la sonnette d\u2019alarme via un post sur les r\u00e9seaux sociaux. <strong>Sa librairie est en danger<\/strong> et selon lui, elle est loin d\u2019\u00eatre le seul commerce dans ce cas dans en ville. Explications.<\/p>\n<p>R\u00e9sister face aux g\u00e9ants de l\u2019e-commerce<\/p>\n<p class=\" wall-content\">La librairie Le Lotus, sp\u00e9cialis\u00e9e dans l\u2019\u00e9sot\u00e9risme et le bien-\u00eatre, est implant\u00e9 dans le paysage rouennais depuis plus de 40 ans. Avec <strong>autant d\u2019ann\u00e9es au compteur<\/strong>, elle a vu la vie commer\u00e7ante de la ville \u00e9voluer. Mais comme beaucoup <a href=\"https:\/\/actu.fr\/normandie\/rouen_76540\/mon-commerce-est-en-danger-a-rouen-cette-libraire-lance-un-appel-a-l-aide_61949196.html\" target=\"_blank\" rel=\"noopener\">d\u2019autres librairies ind\u00e9pendantes<\/a>, elle fait face \u00e0 une situation \u00e9conomique pr\u00e9occupante.<\/p>\n<p class=\" wall-content\">\u00ab\u2009Nous r\u00e9sistons tant bien que mal, mais c\u2019est <strong>de la survie<\/strong>\u2009\u00bb, regrette Franck Vattier-Croissant. La faute, selon lui, aux \u00ab\u2009grandes enseignes comme Cultura ou Amazon qui font beaucoup de mal\u2009\u00bb. <strong>La concurrence<\/strong> de ces plateformes p\u00e8se lourd.<\/p>\n<blockquote class=\"ac-article-quote wall-content\">\n<p>Les librairies \u00e9taient d\u00e9clar\u00e9es commerces essentiels lors de la crise du Covid-19. Je me demande ce qu&rsquo;il en reste&#8230;<\/p>\n<p>    <strong>Franck Vattier-Croissant<\/strong><br \/>\n        G\u00e9rant de la librairie Le Lotus, \u00e0 Rouen.    <\/p><\/blockquote>\n<p class=\" wall-content\">Pourtant, comme le rappelle le libraire, <a href=\"https:\/\/actu.fr\/normandie\/rouen_76540\/a-rouen-une-association-va-ouvrir-une-librairie-dediee-exclusivement-a-la-litterature-jeunesse_62425081.html\" target=\"_blank\" rel=\"noopener\">la force des petites librairies<\/a> r\u00e9side ailleurs\u2009: \u00ab\u2009Le prix du livre est unique depuis 1981. Ici, ce qui fait la diff\u00e9rence, ce sont <strong>l\u2019accueil, la qualit\u00e9 du conseil<\/strong> et le lien humain avec les clients\u2009\u00bb, insiste le g\u00e9rant.<\/p>\n<p>Une faiblesse g\u00e9n\u00e9rale chez les commer\u00e7ants de Rouen\u2009?<\/p>\n<p class=\" wall-content\">La fragilit\u00e9 du Lotus est aussi celle du <strong>tissu commercial Rouennais<\/strong>. \u00ab\u2009Rien que cet \u00e9t\u00e9, j\u2019ai vu six boutiques baisser le rideau <a href=\"https:\/\/actu.fr\/normandie\/rouen_76540\/comment-se-porte-le-commerce-rue-de-la-republique-a-rouen-cette-rue-mal-aimee-de-la-rive-droite_62949148.html\" target=\"_blank\" rel=\"noopener\">dans la rue de la R\u00e9publique<\/a>\u2009\u00bb, s\u2019attriste Franck. \u00ab\u2009Une ville sans commer\u00e7ants est une ville qui se meurt\u2009\u00bb, alerte-t-il.<\/p>\n<blockquote class=\"ac-article-quote wall-content\">\n<p>Je ne suis pas que Le Lotus, je suis une partie de Rouen.<\/p>\n<p>    <strong>Franck Vattier-Croissant<\/strong><br \/>\n        G\u00e9rant de la librairie Le Lotus, \u00e0 Rouen.    <\/p><\/blockquote>\n<p class=\" wall-content\">Il n\u2019est donc pas qu\u2019inquiet pour son commerce, mais pour ceux de son quartier en g\u00e9n\u00e9ral.<\/p>\n<p>Votre r\u00e9gion, votre actu !<\/p>\n<p>Recevez chaque jour les infos qui comptent pour vous.<\/p>\n<p>\t<a href=\"https:\/\/actu.fr\/newsletter\" class=\"ac-btn ac-btn--corner ac-btn--medium ac-btn--blue800\" target=\"_blank\" rel=\"noopener\">S&rsquo;incrire<\/a><br \/>\nIl interpelle les \u00e9lus<\/p>\n<p class=\" wall-content\">Franck n\u2019annonce pas sa fermeture dans l\u2019imm\u00e9diat, mais <strong>donne l\u2019alerte<\/strong>\u2009: \u00ab\u2009On n\u2019est pas compl\u00e8tement mort, mais la politique de l\u2019autruche, ce n\u2019est pas pour moi. Il faut un sursaut\u2009\u00bb. D\u2019autres commerces lui auraient fait part de leur d\u00e9tresse\u2009: \u00ab\u2009plusieurs me disent que \u00e7a va devenir compliqu\u00e9.\u2009\u00bb<\/p>\n<p class=\" wall-content\">Il appelle \u00e0 une mobilisation collective, tant du c\u00f4t\u00e9 des clients que <strong>des \u00e9lus locaux<\/strong>. \u00ab\u2009Je veux provoquer un \u00e9change avec nos responsables, dont monsieur Nicolas Mayer-Rossignol, que l\u2019on se mette autour d\u2019une table pour<strong> trouver une solution de mani\u00e8re coll\u00e9giale<\/strong>\u2009\u00bb, affirme-t-il. Pour lui, c\u2019est la seule solution pour \u00ab\u2009construire l\u2019avenir du commerce\u2009\u00bb.<\/p>\n<p class=\" wall-content\">Le libraire se d\u00e9sole \u00e9galement de la mauvaise r\u00e9partition des actions men\u00e9es en ville. \u00ab\u2009Les animations se concentrent dans la rue du Gros-Horloge, mais <a href=\"https:\/\/actu.fr\/normandie\/rouen_76540\/pourquoi-le-marche-saint-marc-de-rouen-fait-vibrer-la-ville-chaque-allee-a-son-atmosphere_62574139.html\" target=\"_blank\" rel=\"noopener\">nous \u00e0 Saint-Marc<\/a>, on\u00a0est un peu excentr\u00e9s. On doit s\u2019occuper nous-m\u00eame des d\u00e9corations de No\u00ebl\u2026\u2009\u00bb<\/p>\n<p>Capter la client\u00e8le<\/p>\n<p class=\" wall-content\">De son c\u00f4t\u00e9, le g\u00e9rant <strong>innove \u00e0 son \u00e9chelle\u2009<\/strong>: ouverture sur la pause du midi, \u00e9tendre sa librairie \u00e9sot\u00e9rique \u00e0 <a href=\"https:\/\/actu.fr\/normandie\/le-havre_76351\/ces-livres-qui-se-passent-au-havre-nos-recommandations-de-lecture-pour-cet-ete_62880823.html\" target=\"_blank\" rel=\"noopener\">la litt\u00e9rature g\u00e9n\u00e9raliste<\/a>, animations, ateliers, rencontres\u2026<\/p>\n<p class=\" wall-content\">Suite \u00e0 sa publication, de nombreuses personnes sont venues dans sa boutique, dont de nouvelles t\u00eates. \u00ab\u2009On me dit que c\u2019est impensable que \u00e7a ferme\u2009\u00bb, assure Franck. Certains lui ont propos\u00e9 d\u2019ouvrir une <strong>cagnotte en ligne<\/strong>, mais pour lui, ce n\u2019est pas la solution. \u00ab\u2009Ce n\u2019est qu\u2019un pansement sur une h\u00e9morragie\u2026 d\u00e9plore-t-il.<\/p>\n<p class=\" wall-content\">\u00ab\u2009Je dis toujours\u2009: la vie est belle, mais pour qu\u2019elle le reste, il faut que les clients jouent le jeu. Venir, revenir, choisir la librairie plut\u00f4t que les commandes en un clic.\u2009\u00bb<\/p>\n<p>Suivez l\u2019actualit\u00e9 de Rouen <a href=\"https:\/\/www.whatsapp.com\/channel\/0029VaKfnf99hXF2ddApFB1D\" target=\"_blank\" rel=\"noopener\">sur notre cha\u00eene WhatsApp<\/a> et <a href=\"https:\/\/www.tiktok.com\/@76actu.fr?lang=fr\" target=\"_blank\" rel=\"noopener\">sur notre compte TikTok<\/a><\/p>\n<p class=\" wall-content\">Personnalisez votre actualit\u00e9 en ajoutant vos villes et m\u00e9dias en favori avec <a href=\"https:\/\/moncompte.actu.fr\" title=\"D\u00e9couvez Mon Actu\" rel=\"nofollow noopener\" data-trk=\"{&quot;cta&quot;:{&quot;action&quot;:&quot;https:\\\/\\\/moncompte.actu.fr&quot;,&quot;category&quot;:&quot;mon compte&quot;,&quot;from&quot;:&quot;article footer&quot;,&quot;name&quot;:&quot;Mon actu&quot;,&quot;type&quot;:&quot;cta&quot;}}\" target=\"_blank\">Mon Actu<\/a>.<\/p>\n<p>                    <script async src=\"\/\/www.tiktok.com\/embed.js\"><\/script><\/p>\n","protected":false},"excerpt":{"rendered":"Par Jessie Leclerc Publi\u00e9 le 16 sept. 2025 \u00e0 8h08 \u00ab\u2009En quoi la ville est attractive si ses&hellip;\n","protected":false},"author":2,"featured_media":395006,"comment_status":"","ping_status":"","sticky":false,"template":"","format":"standard","meta":{"footnotes":""},"categories":[9587],"tags":[1111,11,4983,215,1777,674,1011,27,1380,12,5161,25,9590,104],"class_list":{"0":"post-395005","1":"post","2":"type-post","3":"status-publish","4":"format-standard","5":"has-post-thumbnail","7":"category-rouen","8":"tag-actu","9":"tag-actualites","10":"tag-bien-etre","11":"tag-commerce","12":"tag-eu","13":"tag-europe","14":"tag-fr","15":"tag-france","16":"tag-livres","17":"tag-news","18":"tag-normandie","19":"tag-republique-francaise","20":"tag-rouen","21":"tag-societe"},"share_on_mastodon":{"url":"https:\/\/pubeurope.com\/@fr\/115213892628252487","error":""},"_links":{"self":[{"href":"https:\/\/www.europesays.com\/fr\/wp-json\/wp\/v2\/posts\/395005","targetHints":{"allow":["GET"]}}],"collection":[{"href":"https:\/\/www.europesays.com\/fr\/wp-json\/wp\/v2\/posts"}],"about":[{"href":"https:\/\/www.europesays.com\/fr\/wp-json\/wp\/v2\/types\/post"}],"author":[{"embeddable":true,"href":"https:\/\/www.europesays.com\/fr\/wp-json\/wp\/v2\/users\/2"}],"replies":[{"embeddable":true,"href":"https:\/\/www.europesays.com\/fr\/wp-json\/wp\/v2\/comments?post=395005"}],"version-history":[{"count":0,"href":"https:\/\/www.europesays.com\/fr\/wp-json\/wp\/v2\/posts\/395005\/revisions"}],"wp:featuredmedia":[{"embeddable":true,"href":"https:\/\/www.europesays.com\/fr\/wp-json\/wp\/v2\/media\/395006"}],"wp:attachment":[{"href":"https:\/\/www.europesays.com\/fr\/wp-json\/wp\/v2\/media?parent=395005"}],"wp:term":[{"taxonomy":"category","embeddable":true,"href":"https:\/\/www.europesays.com\/fr\/wp-json\/wp\/v2\/categories?post=395005"},{"taxonomy":"post_tag","embeddable":true,"href":"https:\/\/www.europesays.com\/fr\/wp-json\/wp\/v2\/tags?post=395005"}],"curies":[{"name":"wp","href":"https:\/\/api.w.org\/{rel}","templated":true}]}}