{"id":395007,"date":"2025-09-16T12:07:20","date_gmt":"2025-09-16T12:07:20","guid":{"rendered":"https:\/\/www.europesays.com\/fr\/395007\/"},"modified":"2025-09-16T12:07:20","modified_gmt":"2025-09-16T12:07:20","slug":"la-boite-de-nuit-le-moulin-rose-devoree-par-les-flammes-une-soixantaine-de-pompiers-mobilises","status":"publish","type":"post","link":"https:\/\/www.europesays.com\/fr\/395007\/","title":{"rendered":"la bo\u00eete de nuit le Moulin Rose d\u00e9vor\u00e9e par les flammes, une soixantaine de pompiers mobilis\u00e9s"},"content":{"rendered":"<p>Le sinistre s\u2019est d\u00e9clar\u00e9 dans la nuit de lundi \u00e0 mardi, \u00e0 Belbeuf, pr\u00e8s de Rouen. Une enqu\u00eate a \u00e9t\u00e9 ouverte notamment pour d\u00e9terminer si cet incendie \u00e9tait volontaire.<\/p>\n<p class=\"fig-paragraph\">Dans la nuit de lundi \u00e0 mardi, un violent incendie s\u2019est d\u00e9clar\u00e9 \u00e0 la discoth\u00e8que le Moulin Rose situ\u00e9e \u00e0 Belbeuf pr\u00e8s de\u00a0<a href=\"http:\/\/www.lefigaro.fr\/faits-divers\/rouen-braquage-dans-un-bureau-de-poste-de-la-ville-deux-employes-legerement-blesses-20250211\" data-fig-type=\"NewsFlash\" data-gtm-custom-categorie=\"navigation\" data-gtm-custom-action=\"crossclick\" data-gtm-custom-label=\"Contextuel\" data-gtm-event=\"customEventSPE\" data-fig-domain=\"LEFIGARO\" rel=\"nofollow noopener\" target=\"_blank\">Rouen<\/a>, a appris Le Figaro aupr\u00e8s du parquet de Rouen, confirmant des informations de\u00a0<a href=\"https:\/\/www.francebleu.fr\/infos\/faits-divers-justice\/la-discotheque-le-moulin-rose-a-belbeuf-en-feu-61-pompiers-mobilises-sur-place-1744869\" target=\"_blank\" rel=\"sponsored noopener nofollow\" data-gtm-custom-categorie=\"navigation\" data-gtm-custom-action=\"crossclick\" data-gtm-custom-label=\"Contextuel\" data-gtm-event=\"customEventSPE\">France Bleu<\/a> . Aucune victime n\u2019est \u00e0 d\u00e9plorer.<\/p>\n<p class=\"fig-paragraph\">Pour l\u2019heure, l\u2019origine du sinistre est inconnue, mais une enqu\u00eate a \u00e9t\u00e9 ouverte sous l\u2019autorit\u00e9 du procureur de la R\u00e9publique de Rouen, indique la pr\u00e9fecture de Seine-Maritime. Le parquet a pr\u00e9cis\u00e9 de son c\u00f4t\u00e9 que \u00abl\u2019incendie \u00e9tant encore en cours et les lieux inaccessibles, aucune communication\u00bb ne pourrait \u00eatre fait \u00e0 ce stade.<\/p>\n<p>                                    <a class=\"fig-a11y-skip a11y-hidden\" href=\"#fig-a11y-skip-main-inarticle\"><br \/>\n        Passer la publicit\u00e9<br \/>\n    <\/a><\/p>\n<p>68 sapeurs-pompiers et 36 v\u00e9hicules<\/p>\n<p class=\"fig-paragraph\">D\u2019apr\u00e8s les \u00e9l\u00e9ments de la pr\u00e9fecture, le sinistre s\u2019est d\u00e9clar\u00e9 aux alentours 3h15. \u00abRapidement, le b\u00e2timent de 900 m2 s\u2019est enti\u00e8rement embras\u00e9, malgr\u00e9 le d\u00e9ploiement de moyens cons\u00e9quents du Sdis de la Seine-Maritime, allant jusqu\u2019\u00e0 68 sapeurs-pompiers et 36 v\u00e9hicules\u00bb, d\u00e9taille le cabinet du pr\u00e9fet qui ajoute que le feu a \u00e9t\u00e9 ma\u00eetris\u00e9 vers 6 heures. Les sapeurs-pompiers se trouvent toujours sur place afin d\u2019\u00e9viter tout nouveau d\u00e9part de feu.<\/p>\n<p class=\"fig-paragraph\">Cr\u00e9\u00e9 en 1927, le Moulin Rose serait le plus ancien \u00abdancing\u00bb de France, indique l\u2019office de tourisme de\u00a0<a href=\"http:\/\/www.lefigaro.fr\/faits-divers\/il-y-avait-du-sang-partout-un-enigmatique-tortionnaire-de-chevaux-plonge-la-campagne-normande-dans-l-angoisse-20250809\" data-fig-type=\"Article\" data-gtm-custom-categorie=\"navigation\" data-gtm-custom-action=\"crossclick\" data-gtm-custom-label=\"Contextuel\" data-gtm-event=\"customEventSPE\" data-fig-domain=\"LEFIGARO\" rel=\"nofollow noopener\" target=\"_blank\">Normandie\u00a0<\/a>sur son site internet. Ouvert du jeudi au dimanche, le club amasse des centaines de personnes chaque semaine. Sur les r\u00e9seaux, les internautes d\u00e9plorent cette trag\u00e9die\u00a0: \u00abune vieille demeure de spectacle que j\u2019ai toujours connue. C\u2019est triste\u00bb, regrette l\u2019un d\u2019eux. \u00abNos bons moments d\u2019amiti\u00e9 et de rire s\u2019envolent en fum\u00e9e\u00bb, t\u00e9moigne une autre.<\/p>\n<p>    La discoth\u00e8que le Moulin Rose, vers 11 heures.<br \/>\n                Facebook \/ Kevin Hecq<\/p>\n<p class=\"fig-paragraph\">D\u2019apr\u00e8s les informations de France Bleu, les riverains domicili\u00e9s pr\u00e8s du club ont \u00e9t\u00e9 confin\u00e9s mais pas \u00e9vacu\u00e9s. La d\u00e9partementale 6015 est coup\u00e9e dans les deux sens, du c\u00f4t\u00e9 du rond-point du centre nautique de Belbeuf et c\u00f4t\u00e9 rond-point de Gouy, d\u00e9taillent nos confr\u00e8res.<\/p>\n","protected":false},"excerpt":{"rendered":"Le sinistre s\u2019est d\u00e9clar\u00e9 dans la nuit de lundi \u00e0 mardi, \u00e0 Belbeuf, pr\u00e8s de Rouen. Une enqu\u00eate&hellip;\n","protected":false},"author":2,"featured_media":395008,"comment_status":"","ping_status":"","sticky":false,"template":"","format":"standard","meta":{"footnotes":""},"categories":[9587],"tags":[1111,11,7124,1777,674,1011,27,1310,12,5161,25,9590],"class_list":{"0":"post-395007","1":"post","2":"type-post","3":"status-publish","4":"format-standard","5":"has-post-thumbnail","7":"category-rouen","8":"tag-actu","9":"tag-actualites","10":"tag-discotheque","11":"tag-eu","12":"tag-europe","13":"tag-fr","14":"tag-france","15":"tag-incendie","16":"tag-news","17":"tag-normandie","18":"tag-republique-francaise","19":"tag-rouen"},"share_on_mastodon":{"url":"https:\/\/pubeurope.com\/@fr\/115213896432949801","error":""},"_links":{"self":[{"href":"https:\/\/www.europesays.com\/fr\/wp-json\/wp\/v2\/posts\/395007","targetHints":{"allow":["GET"]}}],"collection":[{"href":"https:\/\/www.europesays.com\/fr\/wp-json\/wp\/v2\/posts"}],"about":[{"href":"https:\/\/www.europesays.com\/fr\/wp-json\/wp\/v2\/types\/post"}],"author":[{"embeddable":true,"href":"https:\/\/www.europesays.com\/fr\/wp-json\/wp\/v2\/users\/2"}],"replies":[{"embeddable":true,"href":"https:\/\/www.europesays.com\/fr\/wp-json\/wp\/v2\/comments?post=395007"}],"version-history":[{"count":0,"href":"https:\/\/www.europesays.com\/fr\/wp-json\/wp\/v2\/posts\/395007\/revisions"}],"wp:featuredmedia":[{"embeddable":true,"href":"https:\/\/www.europesays.com\/fr\/wp-json\/wp\/v2\/media\/395008"}],"wp:attachment":[{"href":"https:\/\/www.europesays.com\/fr\/wp-json\/wp\/v2\/media?parent=395007"}],"wp:term":[{"taxonomy":"category","embeddable":true,"href":"https:\/\/www.europesays.com\/fr\/wp-json\/wp\/v2\/categories?post=395007"},{"taxonomy":"post_tag","embeddable":true,"href":"https:\/\/www.europesays.com\/fr\/wp-json\/wp\/v2\/tags?post=395007"}],"curies":[{"name":"wp","href":"https:\/\/api.w.org\/{rel}","templated":true}]}}