{"id":395009,"date":"2025-09-16T12:10:15","date_gmt":"2025-09-16T12:10:15","guid":{"rendered":"https:\/\/www.europesays.com\/fr\/395009\/"},"modified":"2025-09-16T12:10:15","modified_gmt":"2025-09-16T12:10:15","slug":"les-sommets-antonin-guy-rejoint-le-gf38","status":"publish","type":"post","link":"https:\/\/www.europesays.com\/fr\/395009\/","title":{"rendered":"Les Sommets : Antonin Guy rejoint le GF38"},"content":{"rendered":"<p>Le Grenoble Foot 38 est fier d\u2019annoncer l\u2019arriv\u00e9e d\u2019Antonin Guy au sein de son projet <b data-ogsc=\"\">Les Sommets,<\/b>\u00a0une initiative qui a pour ambition de mettre en lumi\u00e8re les sportifs grenoblois et de renforcer le r\u00f4le du club comme acteur incontournable du sport sur le territoire.<\/p>\n<p>\u00c0 seulement 19 ans, Antonin, pur Dauphinois, s\u2019impose d\u00e9j\u00e0 comme l\u2019un des plus grands espoirs du biathlon fran\u00e7ais. N\u00e9 \u00e0 Gap, il prend sa premi\u00e8re licence au sein Grenoble Universit\u00e9 Club (GUC).<\/p>\n<p>Sa carri\u00e8re est jalonn\u00e9e de performances exceptionnelles o\u00f9 il a notamment fait sensation lors des Jeux Olympiques de la Jeunesse 2024, en Cor\u00e9e du Sud, en remportant trois m\u00e9dailles d\u2019or, devenant ainsi le premier athl\u00e8te fran\u00e7ais \u00e0 r\u00e9aliser un tel exploit (\u00e9t\u00e9 et hiver confondu).<\/p>\n<p>Peu apr\u00e8s, il confirme son talent sur la sc\u00e8ne mondiale en d\u00e9crochant deux titres aux Championnats du Monde Jeunes, et a r\u00e9cidiv\u00e9 l\u2019ann\u00e9e suivante en remportant un nouveau titre individuel lors des Championnats du Monde Jeunes 2025.<\/p>\n<p>Apr\u00e8s quelques mois de pr\u00e9parations, Antonin reprend la comp\u00e9tition ce week-end (20 et 21 septembre 2025) l\u2019occasion des Championnats de France de Biathlon d\u2019\u00e9t\u00e9 avant de se concentrer sur les premi\u00e8res courses de s\u00e9lections pour les \u00e9preuves internationales mi-novembre.<\/p>\n<p>En parall\u00e8le, Antonin, \u00e9tudie au sein de la pr\u00e9pa int\u00e9gr\u00e9 de Polytech Grenoble.<\/p>\n<p>En rejoignant Les Sommets, il devient un membre\u00a0\u00e0 part enti\u00e8re du club ainsi qu\u2019un v\u00e9ritable ambassadeur du Grenoble Foot 38.<\/p>\n<p>Antonin portera les couleurs du GF38 sur les pistes, incarnant plus que jamais notre devise : Ensemble gagnons les sommets<\/p>\n<p>\u00a0<\/p>\n<p>\u00a0<\/p>\n","protected":false},"excerpt":{"rendered":"Le Grenoble Foot 38 est fier d\u2019annoncer l\u2019arriv\u00e9e d\u2019Antonin Guy au sein de son projet Les Sommets,\u00a0une initiative&hellip;\n","protected":false},"author":2,"featured_media":395010,"comment_status":"","ping_status":"","sticky":false,"template":"","format":"standard","meta":{"footnotes":""},"categories":[9566],"tags":[1111,11,2430,1777,674,1011,27,2731,12,25],"class_list":{"0":"post-395009","1":"post","2":"type-post","3":"status-publish","4":"format-standard","5":"has-post-thumbnail","7":"category-grenoble","8":"tag-actu","9":"tag-actualites","10":"tag-auvergne-rhone-alpes","11":"tag-eu","12":"tag-europe","13":"tag-fr","14":"tag-france","15":"tag-grenoble","16":"tag-news","17":"tag-republique-francaise"},"share_on_mastodon":{"url":"https:\/\/pubeurope.com\/@fr\/115213908591888122","error":""},"_links":{"self":[{"href":"https:\/\/www.europesays.com\/fr\/wp-json\/wp\/v2\/posts\/395009","targetHints":{"allow":["GET"]}}],"collection":[{"href":"https:\/\/www.europesays.com\/fr\/wp-json\/wp\/v2\/posts"}],"about":[{"href":"https:\/\/www.europesays.com\/fr\/wp-json\/wp\/v2\/types\/post"}],"author":[{"embeddable":true,"href":"https:\/\/www.europesays.com\/fr\/wp-json\/wp\/v2\/users\/2"}],"replies":[{"embeddable":true,"href":"https:\/\/www.europesays.com\/fr\/wp-json\/wp\/v2\/comments?post=395009"}],"version-history":[{"count":0,"href":"https:\/\/www.europesays.com\/fr\/wp-json\/wp\/v2\/posts\/395009\/revisions"}],"wp:featuredmedia":[{"embeddable":true,"href":"https:\/\/www.europesays.com\/fr\/wp-json\/wp\/v2\/media\/395010"}],"wp:attachment":[{"href":"https:\/\/www.europesays.com\/fr\/wp-json\/wp\/v2\/media?parent=395009"}],"wp:term":[{"taxonomy":"category","embeddable":true,"href":"https:\/\/www.europesays.com\/fr\/wp-json\/wp\/v2\/categories?post=395009"},{"taxonomy":"post_tag","embeddable":true,"href":"https:\/\/www.europesays.com\/fr\/wp-json\/wp\/v2\/tags?post=395009"}],"curies":[{"name":"wp","href":"https:\/\/api.w.org\/{rel}","templated":true}]}}