{"id":395011,"date":"2025-09-16T12:11:21","date_gmt":"2025-09-16T12:11:21","guid":{"rendered":"https:\/\/www.europesays.com\/fr\/395011\/"},"modified":"2025-09-16T12:11:21","modified_gmt":"2025-09-16T12:11:21","slug":"a-vern-sur-seiche-lassociation-le-patis-fraux-a-un-nouveau-directeur-general","status":"publish","type":"post","link":"https:\/\/www.europesays.com\/fr\/395011\/","title":{"rendered":"\u00c0 Vern-sur-Seiche, l\u2019association Le Patis Fraux a un nouveau directeur g\u00e9n\u00e9ral"},"content":{"rendered":"<p>Depuis le 1er\u00a0septembre 2025, Laurent Stawski a pris la direction g\u00e9n\u00e9rale de l\u2019association Le Patis Fraux, \u00e0 Vern-sur-Seiche.<\/p>\n<p>Titulaire du CAFDES (Certificat d\u2019aptitude aux fonctions de directeur d\u2019\u00e9tablissement ou de service d\u2019intervention sociale), Laurent Stawski a acquis, en une trentaine d\u2019ann\u00e9es, une exp\u00e9rience et une connaissance approfondies du secteur sanitaire et m\u00e9dico-social, qui seront des atouts pour poursuivre le d\u00e9veloppement de l\u2019association.<\/p>\n<p><strong>\u00ab\u00a0Nous lui accordons toute notre confiance pour travailler avec l\u2019ensemble des salari\u00e9s et des administrateurs, afin de servir au mieux les usagers,<\/strong> d\u00e9clare Matthieu Dubois, pr\u00e9sident de l\u2019association Le Patis Fraux, qui parle au nom du conseil d\u2019administration.\u00a0<strong>Notre ambition reste inchang\u00e9e\u00a0: \u00eatre un acteur majeur sur notre territoire dans l\u2019accompagnement des personnes en situation de handicap et des personnes \u00e2g\u00e9es, en leur offrant les meilleurs services et une prise en charge individualis\u00e9e, adapt\u00e9e \u00e0 leurs besoins et \u00e0 leurs attentes.\u00a0\u00bb<\/strong><\/p>\n<p><strong>\u00ab\u00a0Am\u00e9liorer les prestations aupr\u00e8s des personnes accueillies\u00a0\u00bb<\/strong><\/p>\n<p>Le nouveau directeur dit avoir pris ses fonctions avec plaisir, enthousiasme et d\u00e9termination. <strong>\u00ab\u00a0Je t\u00e2cherai de m\u2019inscrire dans la dynamique et l\u2019esprit innovant de l\u2019association dans le seul but de faciliter le d\u00e9ploiement, au plus pr\u00e8s des usagers, des politiques publiques et d\u2019am\u00e9liorer ainsi les prestations aupr\u00e8s des personnes accueillies. Je sais d\u00e9j\u00e0 pouvoir compter sur l\u2019implication et la rigueur des professionnels ainsi que du soutien des administrateurs.\u00a0\u00bb<\/strong><\/p>\n<p>Acteur du priv\u00e9 solidaire, l\u2019association Le Patis Fraux g\u00e8re des \u00e9tablissements et services sanitaires et m\u00e9dico-sociaux sur le champ du handicap et des personnes \u00e2g\u00e9es.  Elle existe depuis plus de quarante ans et compte 170\u00a0professionnels. <\/p>\n<p>L\u2019association, pr\u00e9sente sur deux sites situ\u00e9s \u00e0 Vern, g\u00e8re\u00a0un \u00e9tablissement de sant\u00e9 priv\u00e9 d\u2019int\u00e9r\u00eat collectif (ESPIC) de soins m\u00e9dicaux et de r\u00e9adaptation et six \u00e9tablissements et services m\u00e9dico-sociaux, <a href=\"https:\/\/rennes.maville.com\/actu\/actudet_-l-ehpad-du-clos-d-orriere-et-le-patis-fraux-se-rapprochent-a-vern-_7-6037821_actu.Htm\" target=\"_blank\" rel=\"noopener\">dont l\u2019Ehpad Le Clos d\u2019Orri\u00e8re <\/a>depuis 2023.<\/p>\n<p> <strong>Le Patis Fraux,<\/strong>  2,\u00a0all\u00e9e Salvador-Dali \u00e0 Vern-sur-Seiche. T\u00e9l.\u00a002\u00a099\u00a004\u00a083\u00a083<\/p>\n<p>\u00a0<\/p>\n","protected":false},"excerpt":{"rendered":"Depuis le 1er\u00a0septembre 2025, Laurent Stawski a pris la direction g\u00e9n\u00e9rale de l\u2019association Le Patis Fraux, \u00e0 Vern-sur-Seiche.&hellip;\n","protected":false},"author":2,"featured_media":395012,"comment_status":"","ping_status":"","sticky":false,"template":"","format":"standard","meta":{"footnotes":""},"categories":[2821],"tags":[1111,11,4077,829,7889,1777,674,1011,27,52697,6556,12,4565,52696,3086,584,25,9310],"class_list":{"0":"post-395011","1":"post","2":"type-post","3":"status-publish","4":"format-standard","5":"has-post-thumbnail","7":"category-rennes","8":"tag-actu","9":"tag-actualites","10":"tag-association","11":"tag-bretagne","12":"tag-directeur","13":"tag-eu","14":"tag-europe","15":"tag-fr","16":"tag-france","17":"tag-fraux","18":"tag-general","19":"tag-news","20":"tag-nouveau","21":"tag-patis","22":"tag-redon","23":"tag-rennes","24":"tag-republique-francaise","25":"tag-vern-sur-seiche"},"share_on_mastodon":{"url":"https:\/\/pubeurope.com\/@fr\/115213912312698181","error":""},"_links":{"self":[{"href":"https:\/\/www.europesays.com\/fr\/wp-json\/wp\/v2\/posts\/395011","targetHints":{"allow":["GET"]}}],"collection":[{"href":"https:\/\/www.europesays.com\/fr\/wp-json\/wp\/v2\/posts"}],"about":[{"href":"https:\/\/www.europesays.com\/fr\/wp-json\/wp\/v2\/types\/post"}],"author":[{"embeddable":true,"href":"https:\/\/www.europesays.com\/fr\/wp-json\/wp\/v2\/users\/2"}],"replies":[{"embeddable":true,"href":"https:\/\/www.europesays.com\/fr\/wp-json\/wp\/v2\/comments?post=395011"}],"version-history":[{"count":0,"href":"https:\/\/www.europesays.com\/fr\/wp-json\/wp\/v2\/posts\/395011\/revisions"}],"wp:featuredmedia":[{"embeddable":true,"href":"https:\/\/www.europesays.com\/fr\/wp-json\/wp\/v2\/media\/395012"}],"wp:attachment":[{"href":"https:\/\/www.europesays.com\/fr\/wp-json\/wp\/v2\/media?parent=395011"}],"wp:term":[{"taxonomy":"category","embeddable":true,"href":"https:\/\/www.europesays.com\/fr\/wp-json\/wp\/v2\/categories?post=395011"},{"taxonomy":"post_tag","embeddable":true,"href":"https:\/\/www.europesays.com\/fr\/wp-json\/wp\/v2\/tags?post=395011"}],"curies":[{"name":"wp","href":"https:\/\/api.w.org\/{rel}","templated":true}]}}