{"id":395013,"date":"2025-09-16T12:12:11","date_gmt":"2025-09-16T12:12:11","guid":{"rendered":"https:\/\/www.europesays.com\/fr\/395013\/"},"modified":"2025-09-16T12:12:11","modified_gmt":"2025-09-16T12:12:11","slug":"carrefour-rennes-cesson-accueillera-un-immense-complexe-de-loisirs-au-printemps-2026","status":"publish","type":"post","link":"https:\/\/www.europesays.com\/fr\/395013\/","title":{"rendered":"Carrefour Rennes Cesson accueillera un immense complexe de loisirs au printemps 2026"},"content":{"rendered":"<p>&#13;<br \/>\n        &#13;<br \/>\n&#13;<br \/>\n    &#13;<br \/>\n&#13;<\/p>\n<p>            <a href=\"https:\/\/unidivers.fr\/wp-content\/uploads\/2025\/09\/centre-commercial-rennes-cesson.jpg\" data-caption=\"\" rel=\"nofollow noopener\" target=\"_blank\"><\/p>\n<p><img loading=\"lazy\" decoding=\"async\" class=\"lazy\" width=\"696\" height=\"392\" src=\"https:\/\/www.europesays.com\/fr\/wp-content\/uploads\/2025\/09\/centre-commercial-rennes-cesson-696x392.jpg\"  data- alt=\"centre commercial rennes cesson\"\/><\/p>\n<p><\/a><\/p>\n<p>Au printemps 2026, le <strong>centre commercial Carrefour Rennes Cesson<\/strong> inaugurera, pour un public familial et interg\u00e9n\u00e9rationnel, un immense complexe de 7 000 m\u00b2 d\u00e9di\u00e9 au divertissement et aux sensations fortes. Une exp\u00e9rience fa\u00e7on Fort Boyard vous est aussi promise\u2026<\/p>\n<p>Sous le<strong> centre commercial<\/strong> <strong>Carrefour Rennes Cesson<\/strong> na\u00eetra prochainement un futur complexe multi-activit\u00e9s, port\u00e9 par Hadrena, entreprise sp\u00e9cialis\u00e9e dans les loisirs d\u2019int\u00e9rieur. Premi\u00e8re dans la m\u00e9tropole rennaise, le projet r\u00e9pond \u00e0 la demande croissante de loisirs dans le quartier et s\u2019adresse autant \u00e0 un public familial que d\u2019entreprises. <\/p>\n<p><img loading=\"lazy\" class=\"lazy\" decoding=\"async\" width=\"949\" height=\"597\" src=\"https:\/\/www.europesays.com\/fr\/wp-content\/uploads\/2025\/09\/complexe-loisirs-carrefour-rennes-cesson.png\" alt=\"complexe loisirs carrefour rennes cesson\"  data-\/><\/p>\n<p>(c) Adventure Line Productions<\/p>\n<p>Les 7000m2 seront r\u00e9partis en deux grands p\u00f4les : le centre multi-activit\u00e9s <strong>Speed Park<\/strong> habitera 6000m2. Au menu : un circuit de karting de 205 m\u00e8tres, un laser game, des jeux d\u2019arcade, les incontournables billards et fl\u00e9chettes bien entendu et des salles de karaok\u00e9 pour les plus chanteurs et chanteuses qui s\u2019ignorent (encore). Les fans de bowling seront aussi rassur\u00e9s : 20 pistes de bowling sont attendus et remplaceront <a href=\"https:\/\/unidivers.fr\/rennes-lincendie-du-bowling-alma-est-criminel\/\" target=\"_blank\" rel=\"noreferrer noopener nofollow\">le d\u00e9funt bowling du centre Alma, incendi\u00e9 en janvier 2025<\/a>. Un bar est aussi pr\u00e9vu afin de s\u2019abreuver apr\u00e8s les efforts.<\/p>\n<p>Les 1000m2 restants seront d\u00e9di\u00e9s \u00e0 l\u2019<strong>exp\u00e9rience Fort Boyard Aventures<\/strong>, con\u00e7u avec les producteurs de la c\u00e9l\u00e8bre \u00e9mission t\u00e9l\u00e9vision. Pas moins de 20 cellules \u00e0 l\u2019image de l\u2019\u00e9mission ont \u00e9t\u00e9 pens\u00e9es pour satisfaire le public en recherche de sensations fortes. <\/p>\n<p>        &#13;<br \/>\n&#13;<br \/>\n        &#13;<br \/>\n                        &#13;<br \/>\n            &#13;<br \/>\n\t\t\t&#13;<br \/>\n                        <a href=\"https:\/\/unidivers.fr\/author\/volage\/\" aria-label=\"author-photo\" rel=\"nofollow noopener\" target=\"_blank\"><\/p>\n<p><img loading=\"lazy\" decoding=\"async\" class=\"lazy\" src=\"https:\/\/www.europesays.com\/fr\/wp-content\/uploads\/2025\/09\/emmanuelle-volage.jpeg\" width=\"96\" height=\"96\"  alt=\"Emmanuelle Volage\"\/><\/p>\n<p><\/a>                    &#13;<br \/>\n&#13;<\/p>\n","protected":false},"excerpt":{"rendered":"&#13; &#13; &#13; &#13; &#13; Au printemps 2026, le centre commercial Carrefour Rennes Cesson inaugurera, pour un public&hellip;\n","protected":false},"author":2,"featured_media":395014,"comment_status":"","ping_status":"","sticky":false,"template":"","format":"standard","meta":{"footnotes":""},"categories":[2821],"tags":[1111,11,829,1777,674,1011,27,12,584,25],"class_list":{"0":"post-395013","1":"post","2":"type-post","3":"status-publish","4":"format-standard","5":"has-post-thumbnail","7":"category-rennes","8":"tag-actu","9":"tag-actualites","10":"tag-bretagne","11":"tag-eu","12":"tag-europe","13":"tag-fr","14":"tag-france","15":"tag-news","16":"tag-rennes","17":"tag-republique-francaise"},"share_on_mastodon":{"url":"https:\/\/pubeurope.com\/@fr\/115213916711367794","error":""},"_links":{"self":[{"href":"https:\/\/www.europesays.com\/fr\/wp-json\/wp\/v2\/posts\/395013","targetHints":{"allow":["GET"]}}],"collection":[{"href":"https:\/\/www.europesays.com\/fr\/wp-json\/wp\/v2\/posts"}],"about":[{"href":"https:\/\/www.europesays.com\/fr\/wp-json\/wp\/v2\/types\/post"}],"author":[{"embeddable":true,"href":"https:\/\/www.europesays.com\/fr\/wp-json\/wp\/v2\/users\/2"}],"replies":[{"embeddable":true,"href":"https:\/\/www.europesays.com\/fr\/wp-json\/wp\/v2\/comments?post=395013"}],"version-history":[{"count":0,"href":"https:\/\/www.europesays.com\/fr\/wp-json\/wp\/v2\/posts\/395013\/revisions"}],"wp:featuredmedia":[{"embeddable":true,"href":"https:\/\/www.europesays.com\/fr\/wp-json\/wp\/v2\/media\/395014"}],"wp:attachment":[{"href":"https:\/\/www.europesays.com\/fr\/wp-json\/wp\/v2\/media?parent=395013"}],"wp:term":[{"taxonomy":"category","embeddable":true,"href":"https:\/\/www.europesays.com\/fr\/wp-json\/wp\/v2\/categories?post=395013"},{"taxonomy":"post_tag","embeddable":true,"href":"https:\/\/www.europesays.com\/fr\/wp-json\/wp\/v2\/tags?post=395013"}],"curies":[{"name":"wp","href":"https:\/\/api.w.org\/{rel}","templated":true}]}}