{"id":395015,"date":"2025-09-16T12:13:09","date_gmt":"2025-09-16T12:13:09","guid":{"rendered":"https:\/\/www.europesays.com\/fr\/395015\/"},"modified":"2025-09-16T12:13:09","modified_gmt":"2025-09-16T12:13:09","slug":"plusieurs-rues-interdites-a-la-circulation-ce-week-end-voici-lesquelles","status":"publish","type":"post","link":"https:\/\/www.europesays.com\/fr\/395015\/","title":{"rendered":"plusieurs rues interdites \u00e0 la circulation ce week-end, voici lesquelles"},"content":{"rendered":"<p>            Par<br \/>\n        <strong><br \/>\n            <a href=\"https:\/\/actu.fr\/auteur\/ivan-capecchi\" title=\"Consulter tous les articles de Ivan CAPECCHI\" target=\"_blank\" rel=\"noopener\">Ivan CAPECCHI<\/a><br \/>\n        <\/strong><\/p>\n<p>        Publi\u00e9 le<\/p>\n<p>            16 sept. 2025 \u00e0 13h56        <\/p>\n<p>\u00c0 l\u2019occasion de la r\u00e9ouverture du <a href=\"https:\/\/actu.fr\/grand-est\/strasbourg_67482\/en-images-decouvez-le-musee-zoologique-de-strasbourg-renove-avant-sa-reouverture-le-19-septembre-2025_63167322.html\" target=\"_blank\" rel=\"noopener\">mus\u00e9e zoologique<\/a> et des <strong>Journ\u00e9es europ\u00e9ennes du patrimoine<\/strong>, des mesures de <strong>circulation<\/strong> et de <strong>stationnement<\/strong> seront mises en place \u00e0 <strong>Strasbourg<\/strong> du vendredi 19 au dimanche 21 septembre 2025.<\/p>\n<p>Journ\u00e9e du patrimoine \u00e0 Strasbourg : la circulation interdite dans plusieurs rues<\/p>\n<p class=\" wall-content\">Conform\u00e9ment aux recommandations de la pr\u00e9fecture du Bas-Rhin, la circulation sera interdite aux v\u00e9hicules motoris\u00e9s <strong>rue de l\u2019Universit\u00e9 (entre la rue Blessig et Lobstein)<\/strong>, <strong>rue Lobstein<\/strong> et<strong> sur une portion du boulevard de la Victoire<\/strong>, le vendredi 19 de 13h \u00e0 minuit, puis les samedi 20 et dimanche 21 septembre, de 9h \u00e0 19h.<\/p>\n<p class=\" wall-content\">Le <a href=\"https:\/\/actu.fr\/tag\/stationnement\" target=\"_blank\" rel=\"noopener\">stationnement<\/a> y sera \u00e9galement interdit du vendredi 13h au dimanche 19h.<\/p>\n<p>Assurer la s\u00e9curit\u00e9 en vue de l\u2019affluence de ce week-end<\/p>\n<p class=\" wall-content\">Une signalisation indiquera les <strong>itin\u00e9raires de d\u00e9viation<\/strong>.<\/p>\n<p class=\" wall-content\">Ces mesures, lev\u00e9es le dimanche soir, visent \u00e0 assurer la s\u00e9curit\u00e9 lors d\u2019un week-end marqu\u00e9 par une forte affluence.\u00a0<\/p>\n<p class=\" wall-content\">Personnalisez votre actualit\u00e9 en ajoutant vos villes et m\u00e9dias en favori avec <a href=\"https:\/\/moncompte.actu.fr\" title=\"D\u00e9couvez Mon Actu\" rel=\"nofollow noopener\" data-trk=\"{&quot;cta&quot;:{&quot;action&quot;:&quot;https:\\\/\\\/moncompte.actu.fr&quot;,&quot;category&quot;:&quot;mon compte&quot;,&quot;from&quot;:&quot;article footer&quot;,&quot;name&quot;:&quot;Mon actu&quot;,&quot;type&quot;:&quot;cta&quot;}}\" target=\"_blank\">Mon Actu<\/a>.<\/p>\n","protected":false},"excerpt":{"rendered":"Par Ivan CAPECCHI Publi\u00e9 le 16 sept. 2025 \u00e0 13h56 \u00c0 l\u2019occasion de la r\u00e9ouverture du mus\u00e9e zoologique&hellip;\n","protected":false},"author":2,"featured_media":395016,"comment_status":"","ping_status":"","sticky":false,"template":"","format":"standard","meta":{"footnotes":""},"categories":[2820],"tags":[1111,11,3542,1777,674,1011,27,775,12,25,104,6173,640],"class_list":{"0":"post-395015","1":"post","2":"type-post","3":"status-publish","4":"format-standard","5":"has-post-thumbnail","7":"category-strasbourg","8":"tag-actu","9":"tag-actualites","10":"tag-circulation","11":"tag-eu","12":"tag-europe","13":"tag-fr","14":"tag-france","15":"tag-grand-est","16":"tag-news","17":"tag-republique-francaise","18":"tag-societe","19":"tag-stationnement","20":"tag-strasbourg"},"share_on_mastodon":{"url":"https:\/\/pubeurope.com\/@fr\/115213920064050498","error":""},"_links":{"self":[{"href":"https:\/\/www.europesays.com\/fr\/wp-json\/wp\/v2\/posts\/395015","targetHints":{"allow":["GET"]}}],"collection":[{"href":"https:\/\/www.europesays.com\/fr\/wp-json\/wp\/v2\/posts"}],"about":[{"href":"https:\/\/www.europesays.com\/fr\/wp-json\/wp\/v2\/types\/post"}],"author":[{"embeddable":true,"href":"https:\/\/www.europesays.com\/fr\/wp-json\/wp\/v2\/users\/2"}],"replies":[{"embeddable":true,"href":"https:\/\/www.europesays.com\/fr\/wp-json\/wp\/v2\/comments?post=395015"}],"version-history":[{"count":0,"href":"https:\/\/www.europesays.com\/fr\/wp-json\/wp\/v2\/posts\/395015\/revisions"}],"wp:featuredmedia":[{"embeddable":true,"href":"https:\/\/www.europesays.com\/fr\/wp-json\/wp\/v2\/media\/395016"}],"wp:attachment":[{"href":"https:\/\/www.europesays.com\/fr\/wp-json\/wp\/v2\/media?parent=395015"}],"wp:term":[{"taxonomy":"category","embeddable":true,"href":"https:\/\/www.europesays.com\/fr\/wp-json\/wp\/v2\/categories?post=395015"},{"taxonomy":"post_tag","embeddable":true,"href":"https:\/\/www.europesays.com\/fr\/wp-json\/wp\/v2\/tags?post=395015"}],"curies":[{"name":"wp","href":"https:\/\/api.w.org\/{rel}","templated":true}]}}