{"id":395017,"date":"2025-09-16T12:14:12","date_gmt":"2025-09-16T12:14:12","guid":{"rendered":"https:\/\/www.europesays.com\/fr\/395017\/"},"modified":"2025-09-16T12:14:12","modified_gmt":"2025-09-16T12:14:12","slug":"strasbourg-conference-sur-la-fibromyalgie-samedi-20-septembre-a-la-clinique-sainte-barbe","status":"publish","type":"post","link":"https:\/\/www.europesays.com\/fr\/395017\/","title":{"rendered":"Strasbourg. Conf\u00e9rence sur la fibromyalgie samedi 20\u00a0septembre \u00e0 la clinique Sainte-Barbe"},"content":{"rendered":"<p>L\u2019association des Fibromyalgiques d\u2019Alsace organise une conf\u00e9rence samedi 20\u00a0septembre \u00e0 Strasbourg. L\u2019intervenante sera la docteure Anna Simon, sur le th\u00e8me douleur et attachement, mieux comprendre les liens entre le d\u00e9veloppement de l\u2019enfant et une \u00e9ventuelle disposition ult\u00e9rieure de souffrir d\u2019une affection m\u00e9dicale chronique (hypertension, diab\u00e8te, ob\u00e9sit\u00e9, douleur chronique).<\/p>\n<p class=\"note\">Clinique Sainte-Barbe (salle de conf\u00e9rences), 29 rue du Faubourg national \u00e0 Strasbourg, samedi 20\u00a0septembre \u00e0 14\u00a0h\u00a030. Ouvert \u00e0 tous, gratuit, inscription souhait\u00e9e par courriel\u00a0: fibroalsace@gmail.com ou au 03\u00a089\u00a048\u00a057\u00a022.<\/p>\n","protected":false},"excerpt":{"rendered":"L\u2019association des Fibromyalgiques d\u2019Alsace organise une conf\u00e9rence samedi 20\u00a0septembre \u00e0 Strasbourg. L\u2019intervenante sera la docteure Anna Simon, sur&hellip;\n","protected":false},"author":2,"featured_media":395018,"comment_status":"","ping_status":"","sticky":false,"template":"","format":"standard","meta":{"footnotes":""},"categories":[2820],"tags":[1111,11,2389,2649,2880,1777,674,107,1011,27,775,12,25,71,640,2879],"class_list":{"0":"post-395017","1":"post","2":"type-post","3":"status-publish","4":"format-standard","5":"has-post-thumbnail","7":"category-strasbourg","8":"tag-actu","9":"tag-actualites","10":"tag-alsace","11":"tag-bas-rhin","12":"tag-edition-strasbourg","13":"tag-eu","14":"tag-europe","15":"tag-fil-info","16":"tag-fr","17":"tag-france","18":"tag-grand-est","19":"tag-news","20":"tag-republique-francaise","21":"tag-sante","22":"tag-strasbourg","23":"tag-strasbourg-ville"},"share_on_mastodon":{"url":"https:\/\/pubeurope.com\/@fr\/115213924014636371","error":""},"_links":{"self":[{"href":"https:\/\/www.europesays.com\/fr\/wp-json\/wp\/v2\/posts\/395017","targetHints":{"allow":["GET"]}}],"collection":[{"href":"https:\/\/www.europesays.com\/fr\/wp-json\/wp\/v2\/posts"}],"about":[{"href":"https:\/\/www.europesays.com\/fr\/wp-json\/wp\/v2\/types\/post"}],"author":[{"embeddable":true,"href":"https:\/\/www.europesays.com\/fr\/wp-json\/wp\/v2\/users\/2"}],"replies":[{"embeddable":true,"href":"https:\/\/www.europesays.com\/fr\/wp-json\/wp\/v2\/comments?post=395017"}],"version-history":[{"count":0,"href":"https:\/\/www.europesays.com\/fr\/wp-json\/wp\/v2\/posts\/395017\/revisions"}],"wp:featuredmedia":[{"embeddable":true,"href":"https:\/\/www.europesays.com\/fr\/wp-json\/wp\/v2\/media\/395018"}],"wp:attachment":[{"href":"https:\/\/www.europesays.com\/fr\/wp-json\/wp\/v2\/media?parent=395017"}],"wp:term":[{"taxonomy":"category","embeddable":true,"href":"https:\/\/www.europesays.com\/fr\/wp-json\/wp\/v2\/categories?post=395017"},{"taxonomy":"post_tag","embeddable":true,"href":"https:\/\/www.europesays.com\/fr\/wp-json\/wp\/v2\/tags?post=395017"}],"curies":[{"name":"wp","href":"https:\/\/api.w.org\/{rel}","templated":true}]}}