{"id":395021,"date":"2025-09-16T12:16:15","date_gmt":"2025-09-16T12:16:15","guid":{"rendered":"https:\/\/www.europesays.com\/fr\/395021\/"},"modified":"2025-09-16T12:16:15","modified_gmt":"2025-09-16T12:16:15","slug":"ben-raconte-dans-un-documentaire-inedit-a-decouvrir-ce-vendredi-a-nice-a-lartistique","status":"publish","type":"post","link":"https:\/\/www.europesays.com\/fr\/395021\/","title":{"rendered":"Ben racont\u00e9 dans un documentaire in\u00e9dit \u00e0 d\u00e9couvrir ce vendredi \u00e0 Nice \u00e0 L\u2019Artistique"},"content":{"rendered":"<p>C\u2019\u00e9tait il y a plus d\u2019un an d\u00e9j\u00e0. Le 5 juin 2024, fou de chagrin \u00e0 l\u2019id\u00e9e d\u2019avoir perdu Annie, sa muse, son \u00e9pouse, Ben avait d\u00e9cid\u00e9 de la rejoindre en se donnant la mort dans leur demeure de Saint-Pancrace, \u00e0 Nice. Suscitant une vive \u00e9motion chez les artistes, politiques ou admirateurs anonymes. Qui avaient fait fleurir moult messages dans la cour de l\u2019h\u00f4tel de ville ni\u00e7ois. Une onde de choc ressentie au-del\u00e0 de nos fronti\u00e8res, puisque les \u0153uvres de ce repr\u00e9sentant de l\u2019Avant-garde artistique post-moderne qu\u2019\u00e9tait Ben figurent \u00e9galement dans les plus grandes collections priv\u00e9es et publiques du monde, de New York \u00e0 Sydney. Cet esprit provocateur et subversif n\u2019\u00e9tait cependant pas toujours pris au s\u00e9rieux par certains critiques d\u2019art. Comme le rappelle la r\u00e9alisatrice Sylvie Boulloud dans un film intitul\u00e9 Mais, qui est Ben? qui sera projet\u00e9 pour la premi\u00e8re fois \u00e0 l\u2019Artistique, \u00e0 Nice, ce vendredi 19 septembre.<\/p>\n<p><strong>Bien avant Warhol<\/strong><\/p>\n<p>En ce lieu-m\u00eame investi par le mouvement Fluxus auquel il appartenait. Et o\u00f9 des performances de Benjamin Vautier dit Ben, avaient \u00e9t\u00e9 film\u00e9es par Jean Ferrero. \u00ab\u00a0Ben, souligne Sylvie Boulloud jointe au t\u00e9l\u00e9phone, avait tendance \u00e0 s\u2019autoflageller. Pourtant il a non seulement \u00e9t\u00e9 un artiste d\u00e9terminant de l\u2019\u00e9cole de Nice, mais l\u2019initiateur d\u2019un nombre consid\u00e9rable de mouvements, bien avant Warhol.\u00a0\u00bb<\/p>\n<p>La rencontre de la r\u00e9alisatrice avec lui remonte au d\u00e9but des ann\u00e9es 90. \u00ab\u00a0J\u2019ai commenc\u00e9 \u00e0 travailler dans le domaine de l\u2019art lorsque j\u2019avais une vingtaine d\u2019ann\u00e9es. Pour la galerie Tam\u00e9naga \u00e0 Paris, sp\u00e9cialis\u00e9e dans les tableaux impressionnistes, modernes et contemporains. Pour Drouot, aussi. En me rendant un jour \u00e0 une \u2018\u2018anti-FIAC\u2019\u2019 [Foire internationale d\u2019art contemporain, ndlr] qui se tenait \u00e0 la Bastille, j\u2019aper\u00e7ois Ben sur un stand. Il pr\u00e9sentait une r\u00e9\u00e9dition de ses Blagues art de 1979 \u00e0 1988, un coffret qui devait peser dans les trois kilos! Dans l\u2019esprit Hara-kiri de l\u2019\u00e9poque, que j\u2019adorais. Je lui ai demand\u00e9 de me le d\u00e9dicacer pour ma fille. Nous avons ensuite poursuivi notre conversation \u00e0 chaque fois que je descendais sur Nice ou que lui venait \u00e0 Paris.\u00a0\u00bb<\/p>\n<p><strong>Un film \u00ab\u00a0\u00e0 la Agn\u00e8s Varda\u00a0\u00bb<\/strong><\/p>\n<p>Rattrap\u00e9e en 91 par la crise \u00e9conomique cons\u00e9cutive \u00e0 la guerre du Golfe, Sylvie Boulloud a alors l\u2019id\u00e9e de monter une \u00e9mission, Paris Zapping, devenue Art city TV, diffus\u00e9e dans des h\u00f4tels tels que le Plaza Ath\u00e9n\u00e9e, le Meurice ou le Bristol. \u00ab\u00a0\u00c0 l\u2019\u00e9poque, c\u2019\u00e9tait des VHS. J\u2019ai r\u00e9alis\u00e9 un programme de 20 minutes en anglais, chinois, fran\u00e7ais et russe sur la culture \u00e0 Paris et j\u2019ai propos\u00e9 \u00e0 Ben de le filmer. Gr\u00e2ce \u00e0 lui j\u2019ai pu en faire autant avec Bernar Venet quand il a expos\u00e9 sur le Champ-de-Mars, C\u00e9sar, Arman et bien d\u2019autres, une centaine au total.\u00a0\u00bb<\/p>\n<p>D\u2019inestimables archives dont elle fait don au Centre Pompidou, \u00e0 la biblioth\u00e8que Kandinsky. D\u2019o\u00f9 cette suite logique: \u00ab\u00a0En 2009, Ben me dit: \u2018\u2018Sylvie, tu n\u2019arr\u00eates pas de me filmer. Il faut que tu fasses un film \u00e0 la Agn\u00e8s Varda\u2019\u2019. C\u2019est ainsi que j\u2019ai fait Ben par Ben, avec une premi\u00e8re production, gr\u00e2ce \u00e0 lui, qui m\u2019a pr\u00e9sent\u00e9e \u00e0 [l\u2019\u00e9diteur] Flammarion, lui-m\u00eame m\u2019ayant fait rencontrer [la productrice] Sophie Goupil. Un objet presque exp\u00e9rimental de six heures!\u00a0\u00bb<\/p>\n<p>Il y a un peu plus de deux ans, Ben fait suivre \u00e0 Sylvie Boulloud un message des \u00e9ditions Montparnasse, qui souhaitent lui confier un nouveau projet de film sur l\u2019artiste. R\u00e9solue \u00e0 ancrer toujours plus l\u2019auteur de la th\u00e9orie de l\u2019ego dans l\u2019histoire de l\u2019art, Sylvie Boulloud s\u2019en empare et accomplit un travail de titan. Un montage fait d\u2019archives d\u2019artistes rencontr\u00e9s pendant trente ans et de s\u00e9quences plus r\u00e9centes, notamment au mus\u00e9e d\u2019art na\u00eff Anatole Jakovsky \u00e0 Nice, port\u00e9es par la parole brute de l\u2019artiste. Qui ne verra h\u00e9las jamais le r\u00e9sultat, puisqu\u2019il nous quittera avant.<\/p>\n<p><strong>Un travail de titan<\/strong><\/p>\n<p>Le documentaire lui-m\u00eame a failli ne jamais voir le jour: deux jours apr\u00e8s avoir appris, de la bouche d\u2019Eva Vautier, leur fille, la disparition d\u2019Annie et Ben, Sylvie Boulloud, sous le choc, fait tomber le disque dur de son ordinateur, qui ne r\u00e9pond plus. \u00ab\u00a0Il est rest\u00e9 en salle blanche, pendant deux mois, sans que je sache si le travail de montage d\u2019un an et demi \u00e9tait r\u00e9duit \u00e0 n\u00e9ant ou pas.\u00a0\u00bb Au terme d\u2019efforts inou\u00efs, Mais, qui est Ben? est remont\u00e9. Un film de 78 minutes en forme de r\u00e9flexion sur le r\u00f4le de l\u2019artiste dans la soci\u00e9t\u00e9 qui d\u00e9fie, questionne et transforme notre perception du monde.<\/p>\n<p>Dr\u00f4le, insolent, \u00e9mouvant, ce film regorgeant de t\u00e9moignages, qui met notamment en exergue l\u2019amiti\u00e9 et les d\u00e9fis que se lan\u00e7aient les artistes de l\u2019\u00e9cole de Nice, a beaucoup plu \u00e0 Eva Vautier. Et r\u00e9v\u00e8le Ben comme un artiste majeur, qui a hiss\u00e9 la vie au niveau de l\u2019art. Au-del\u00e0 de ses c\u00e9l\u00e8bres \u00e9critures blanches sur fond noir.<\/p>\n<p>Vendredi 19 septembre \u00e0 18h. \u00c0 L\u2019Artistique, 27 boulevard Dubouchage \u00e0 Nice. Rens. 04.97.13.47.70.<\/p>\n<p>            De Nice \u00e0 New York, Ben encore mis \u00e0 l\u2019honneur<\/p>\n<p>Tandis qu\u2019une expo collective, La Fabrique du temps, mettant notamment Ben \u00e0 l\u2019honneur, se tiendra au Mus\u00e9e de la Poste \u00e0 Paris jusqu\u2019au 3 novembre, une autre intitul\u00e9e A bas l\u2019imp\u00e9rialisme, en r\u00e9f\u00e9rence \u00e0 plusieurs de ses tableaux-\u00e9critures, lui sera consacr\u00e9e \u00e0 Blois, \u00e0 la Fondation du doute, du 4 octobre au 14 d\u00e9cembre (www.fondationdudoute.fr). Une \u0153uvre de Ben fait aussi partie d\u2019un nouveau parcours, The Art of Assemblage, au MoMA de New York\u2026<\/p>\n<p><strong>\u00ab\u00a0Dans la t\u00eate de Ben\u00a0\u00bb \u00e0 la Villa Arson<\/strong><\/p>\n<p>\u00c0 Nice, dans le cadre de la programmation hors-les-murs du Mus\u00e9e d\u2019art moderne et d\u2019art contemporain (Mamac, ferm\u00e9 pour travaux), sera pr\u00e9sent\u00e9 Dans la t\u00eate de Ben, de Jonathan Gensburger, Sophie de Montgolfier et Guillaume Geoffroy de la Compagnie du Dire Dire (samedi 20 septembre \u00e0 15 h et 17 h \u00e0 la Villa Arson). Le pitch : \u00ab Quelques mois apr\u00e8s la disparition de Ben, nous sommes partis \u00e0 la rencontre de ses proches avec un micro. Quel angle choisir ? Comment parler de lui ? Avait-il d\u00e9j\u00e0 tout dit, rien dit ? Un peu sceptiques, nous avons enregistr\u00e9, \u00e9cout\u00e9 et lu. Puis nous avons d\u00e9cid\u00e9 de sauter \u00e0 pieds joints et sans \u00e9lastique dans la t\u00eate de Ben. \u00bb Sous l\u2019\u0153il de Jonathan Gensburger, les com\u00e9diens Guillaume Geoffroy et Sophie de Montgolfier s\u2019emparent de mat\u00e9riaux r\u00e9colt\u00e9s lors de recherches et d\u2019interviews et plongent avec le public dans la t\u00eate de Ben. Lequel pr\u00e9pare une performance intitul\u00e9e Dans la t\u00eate de Ben. Il parlera de v\u00e9rit\u00e9, d\u2019art, des peuples, de p\u00e2tes au pistou et peut-\u00eatre, de lui. Ses obsessions, ses inqui\u00e9tudes, son accent, des listes et un petit tas de poussi\u00e8re. Un sujet d\u2019exposition o\u00f9 vie et art sont indissociables, un autre personnage : assistante, alter ego, amie, Annie ? Et le public aussi, comme autant de pi\u00e8ces de Lego \u00e0 bouger, classer, d\u00e9ranger\u2026<\/p>\n<p><strong>Un \u00ab\u00a0speed dating\u00a0\u00bb artistique<\/strong><\/p>\n<p>Sur les Terrasses des Ponchettes \u00e0 Nice, dimanche, place \u00e0 un Speed art dating \u00e0 l\u2019occasion des Journ\u00e9es europ\u00e9ennes du patrimoine (dimanche 21 septembre \u00e0 14 h, 15 h, 16 h et 17 h). Invit\u00e9 par le Mamac et le Service Ville d\u2019art et d\u2019histoire de Nice, le public pourra participer \u00e0 un face-\u00e0-face insolite : surplombant la mer, il pourra partager cinq minutes ultimes avec des figures embl\u00e9matiques, du pass\u00e9 et du pr\u00e9sent, de la sc\u00e8ne artistique, culturelle et patrimoniale de Nice. Ben, Yves Klein, Niki de Saint Phalle, des \u00e9tudiants de la villa Arson, les \u00e9quipes du Mamac, une \u00e9crivaine, un arch\u00e9ologue, Emmanuel R\u00e9gent, Garibaldi et Lucia de Lammermoor\u2026<\/p>\n","protected":false},"excerpt":{"rendered":"C\u2019\u00e9tait il y a plus d\u2019un an d\u00e9j\u00e0. Le 5 juin 2024, fou de chagrin \u00e0 l\u2019id\u00e9e d\u2019avoir&hellip;\n","protected":false},"author":2,"featured_media":395022,"comment_status":"","ping_status":"","sticky":false,"template":"","format":"standard","meta":{"footnotes":""},"categories":[2819],"tags":[1111,11,251,1777,674,1011,27,12,2401,882,25],"class_list":{"0":"post-395021","1":"post","2":"type-post","3":"status-publish","4":"format-standard","5":"has-post-thumbnail","7":"category-nice","8":"tag-actu","9":"tag-actualites","10":"tag-culture","11":"tag-eu","12":"tag-europe","13":"tag-fr","14":"tag-france","15":"tag-news","16":"tag-nice","17":"tag-provence-alpes-cote-dazur","18":"tag-republique-francaise"},"share_on_mastodon":{"url":"https:\/\/pubeurope.com\/@fr\/115213932139549142","error":""},"_links":{"self":[{"href":"https:\/\/www.europesays.com\/fr\/wp-json\/wp\/v2\/posts\/395021","targetHints":{"allow":["GET"]}}],"collection":[{"href":"https:\/\/www.europesays.com\/fr\/wp-json\/wp\/v2\/posts"}],"about":[{"href":"https:\/\/www.europesays.com\/fr\/wp-json\/wp\/v2\/types\/post"}],"author":[{"embeddable":true,"href":"https:\/\/www.europesays.com\/fr\/wp-json\/wp\/v2\/users\/2"}],"replies":[{"embeddable":true,"href":"https:\/\/www.europesays.com\/fr\/wp-json\/wp\/v2\/comments?post=395021"}],"version-history":[{"count":0,"href":"https:\/\/www.europesays.com\/fr\/wp-json\/wp\/v2\/posts\/395021\/revisions"}],"wp:featuredmedia":[{"embeddable":true,"href":"https:\/\/www.europesays.com\/fr\/wp-json\/wp\/v2\/media\/395022"}],"wp:attachment":[{"href":"https:\/\/www.europesays.com\/fr\/wp-json\/wp\/v2\/media?parent=395021"}],"wp:term":[{"taxonomy":"category","embeddable":true,"href":"https:\/\/www.europesays.com\/fr\/wp-json\/wp\/v2\/categories?post=395021"},{"taxonomy":"post_tag","embeddable":true,"href":"https:\/\/www.europesays.com\/fr\/wp-json\/wp\/v2\/tags?post=395021"}],"curies":[{"name":"wp","href":"https:\/\/api.w.org\/{rel}","templated":true}]}}