{"id":395042,"date":"2025-09-16T12:28:10","date_gmt":"2025-09-16T12:28:10","guid":{"rendered":"https:\/\/www.europesays.com\/fr\/395042\/"},"modified":"2025-09-16T12:28:10","modified_gmt":"2025-09-16T12:28:10","slug":"pourquoi-les-ongleries-ont-pris-dassaut-le-cours-lafayette","status":"publish","type":"post","link":"https:\/\/www.europesays.com\/fr\/395042\/","title":{"rendered":"pourquoi les ongleries ont pris d\u2019assaut le cours Lafayette"},"content":{"rendered":"<p>Ongles de r\u00eave (2015), Sweet Nails (2022), VY Ongles (2018), King Nails (2019)\u2026 Depuis quelques ann\u00e9es, le nombre d\u2019ongleries a explos\u00e9, cours Lafayette, dans le 3e\u00a0 arrondissement, o\u00f9 d\u00e9sormais, une quinzaine de salons proposent des manucures et p\u00e9dicures \u00e0 la cha\u00eene.<\/p>\n<p>Si l\u2019art\u00e8re est vaste, la plupart de ces instituts se concentrent au nord du centre commercial Westfield La Part-Dieu\u00a0: \u00e0 ce niveau, on en d\u00e9compte pas moins de 12 sur une portion\u2026 de 200 m\u00e8tres. Une agglom\u00e9ration qui interpelle.<\/p>\n<p><strong>&gt;&gt; <a href=\"https:\/\/www.leprogres.fr\/rhone-69-edition-lyon-metropole\/2019\/11\/12\/soin-des-ongles-derriere-le-vernis-d-un-business-florissant\" target=\"_blank\" rel=\"noopener\">Soin des ongles\u00a0: derri\u00e8re le vernis d\u2019un business florissant<\/a><\/strong><\/p>\n<p>\u00ab\u00a0Des mains et&#8230;<\/p>\n","protected":false},"excerpt":{"rendered":"Ongles de r\u00eave (2015), Sweet Nails (2022), VY Ongles (2018), King Nails (2019)\u2026 Depuis quelques ann\u00e9es, le nombre&hellip;\n","protected":false},"author":2,"featured_media":395043,"comment_status":"","ping_status":"","sticky":false,"template":"","format":"standard","meta":{"footnotes":""},"categories":[1889],"tags":[1111,11,2430,4406,33,2757,1777,674,107,1011,27,2428,2756,12,25,2429,3151],"class_list":{"0":"post-395042","1":"post","2":"type-post","3":"status-publish","4":"format-standard","5":"has-post-thumbnail","7":"category-lyon","8":"tag-actu","9":"tag-actualites","10":"tag-auvergne-rhone-alpes","11":"tag-commerce-et-services","12":"tag-economie","13":"tag-edition-lyon-villeurbanne","14":"tag-eu","15":"tag-europe","16":"tag-fil-info","17":"tag-fr","18":"tag-france","19":"tag-lyon","20":"tag-lyon-bassin","21":"tag-news","22":"tag-republique-francaise","23":"tag-rhone","24":"tag-selection-de-la-redaction-69"},"share_on_mastodon":{"url":"https:\/\/pubeurope.com\/@fr\/115213979153832041","error":""},"_links":{"self":[{"href":"https:\/\/www.europesays.com\/fr\/wp-json\/wp\/v2\/posts\/395042","targetHints":{"allow":["GET"]}}],"collection":[{"href":"https:\/\/www.europesays.com\/fr\/wp-json\/wp\/v2\/posts"}],"about":[{"href":"https:\/\/www.europesays.com\/fr\/wp-json\/wp\/v2\/types\/post"}],"author":[{"embeddable":true,"href":"https:\/\/www.europesays.com\/fr\/wp-json\/wp\/v2\/users\/2"}],"replies":[{"embeddable":true,"href":"https:\/\/www.europesays.com\/fr\/wp-json\/wp\/v2\/comments?post=395042"}],"version-history":[{"count":0,"href":"https:\/\/www.europesays.com\/fr\/wp-json\/wp\/v2\/posts\/395042\/revisions"}],"wp:featuredmedia":[{"embeddable":true,"href":"https:\/\/www.europesays.com\/fr\/wp-json\/wp\/v2\/media\/395043"}],"wp:attachment":[{"href":"https:\/\/www.europesays.com\/fr\/wp-json\/wp\/v2\/media?parent=395042"}],"wp:term":[{"taxonomy":"category","embeddable":true,"href":"https:\/\/www.europesays.com\/fr\/wp-json\/wp\/v2\/categories?post=395042"},{"taxonomy":"post_tag","embeddable":true,"href":"https:\/\/www.europesays.com\/fr\/wp-json\/wp\/v2\/tags?post=395042"}],"curies":[{"name":"wp","href":"https:\/\/api.w.org\/{rel}","templated":true}]}}