{"id":395060,"date":"2025-09-16T12:37:12","date_gmt":"2025-09-16T12:37:12","guid":{"rendered":"https:\/\/www.europesays.com\/fr\/395060\/"},"modified":"2025-09-16T12:37:12","modified_gmt":"2025-09-16T12:37:12","slug":"ukraine-deux-morts-dans-des-attaques-russes-vaste-incendie-a-zaporijjia-16-09-2025-a-1222","status":"publish","type":"post","link":"https:\/\/www.europesays.com\/fr\/395060\/","title":{"rendered":"Ukraine, deux morts dans des attaques russes, vaste incendie \u00e0 Zaporijjia &#8211; 16\/09\/2025 \u00e0 12:22"},"content":{"rendered":"<p>        <img fetchpriority=\"high\" decoding=\"async\" src=\"https:\/\/www.europesays.com\/fr\/wp-content\/uploads\/2025\/09\/9bfe6dd32334ca56248e70ce395725f4-760x570.jpg\" alt=\"Cons\u00e9quences d'une attaque russe \u00e0 Zaporizhzhia\" loading=\"eager\" width=\"760\" height=\"570\" style=\"max-width: 100%!important; height: auto;\"\/><\/p>\n<p class=\"c-image-news__legend\">Cons\u00e9quences d&rsquo;une attaque russe \u00e0 Zaporizhzhia<\/p>\n<p>\n Les forces russes ont lanc\u00e9 mardi matin une attaque de grande envergure contre la ville ukrainienne de Zaporijjia tuant un homme de 41 ans, blessant au moins 18 personnes et provoquant des incendies, a d\u00e9clar\u00e9 le gouverneur r\u00e9gional.\n<\/p>\n<p>\n D&rsquo;autres villes ukrainiennes dans le centre, le sud et l&rsquo;est de l&rsquo;Ukraine ont \u00e9galement \u00e9t\u00e9 attaqu\u00e9es. Une personne a \u00e9t\u00e9 tu\u00e9e dans la r\u00e9gion de Mykola\u00efv, a fait savoir le pr\u00e9sident ukrainien Volodimir Zelensky, tandis que deux autres ont \u00e9t\u00e9 bless\u00e9es dans la ville de Kharkiv, selon des responsables locaux.\n<\/p>\n<p>\n Au total, les troupes russes ont lanc\u00e9 plus d&rsquo;une centaine de drones et environ 150 bombes planantes pendant la nuit, a d\u00e9clar\u00e9 Volodimir Zelensky.\n<\/p>\n<p>\n \u00c0 Zaporijjia, les services d&rsquo;urgence ukrainiens ont signal\u00e9 un incendie couvrant une superficie de 350 m\u00e8tres carr\u00e9s dans trois immeubles r\u00e9sidentiels et une station-service.\n<\/p>\n<p>\n Selon les rapports pr\u00e9liminaires, les forces russes ont men\u00e9 10 frappes \u00e0 partir de plusieurs syst\u00e8mes de lancement de roquettes, endommageant 10 immeubles d&rsquo;habitation et 12 maisons, a-t-il d\u00e9clar\u00e9 le gouverneur r\u00e9gional Ivan Fedorov.\n<\/p>\n<p>\n Deux enfants figurent parmi les bless\u00e9s, a-t-il pr\u00e9cis\u00e9.\n<\/p>\n<p>\n \u00ab\u00a0J&rsquo;ai entendu des explosions lointaines, tr\u00e8s lointaines, alors nous sommes all\u00e9s nous coucher. Puis il y a eu une explosion tr\u00e8s forte qui a fait voler nos fen\u00eatres en \u00e9clats\u00a0\u00bb, a d\u00e9clar\u00e9 \u00e0 Reuters un habitant de Zaporijjia, Oleksii, 35 ans.\n<\/p>\n<p>\n \u00ab\u00a0Je suis imm\u00e9diatement sorti et j&rsquo;ai couru chez mes voisins pour \u00e9teindre le feu. J&rsquo;\u00e9tais tellement inquiet pour eux\u00a0\u00bb, a-t-il ajout\u00e9.\n<\/p>\n<p>\n Dans la r\u00e9gion centrale de Kyiv, un grand centre logistique de vente au d\u00e9tail a \u00e9t\u00e9 touch\u00e9 par les attaques russes, provoquant un incendie avec d&rsquo;\u00e9paisses colonnes de fum\u00e9e noire.\n<\/p>\n<p>\n \u00ab\u00a0C&rsquo;est pr\u00e9cis\u00e9ment le type de terreur a\u00e9rienne contre lequel l&rsquo;Ukraine appelle \u00e0 une d\u00e9fense commune\u00a0\u00bb, a d\u00e9clar\u00e9 Volodimir Zelensky dans un message publi\u00e9 sur X.\n<\/p>\n<p>\n \u00ab\u00a0Le moment est venu de mettre en \u0153uvre la protection commune de notre ciel europ\u00e9en avec un syst\u00e8me de d\u00e9fense a\u00e9rienne \u00e0 plusieurs niveaux\u00a0\u00bb, a-t-il ajout\u00e9.\n<\/p>\n<p>\n Depuis le d\u00e9but du mois, la Russie a lanc\u00e9 plus de 3.500 drones de diff\u00e9rents types, pr\u00e8s de 190 missiles et plus de 2.500 bombes a\u00e9riennes, a d\u00e9clar\u00e9 le pr\u00e9sident ukrainien.\n<\/p>\n<p>\n (Reportage de Sergiy Chalyi \u00e0 Zaporizhzhia et Anastasiia Malenko \u00e0 Kyiv, r\u00e9dig\u00e9 par Olena Harmash ; version fran\u00e7aise Coralie Lamarque ; \u00e9dit\u00e9 par Blandine H\u00e9nault)<\/p>\n","protected":false},"excerpt":{"rendered":"Cons\u00e9quences d&rsquo;une attaque russe \u00e0 Zaporizhzhia Les forces russes ont lanc\u00e9 mardi matin une attaque de grande envergure&hellip;\n","protected":false},"author":2,"featured_media":395061,"comment_status":"","ping_status":"","sticky":false,"template":"","format":"standard","meta":{"footnotes":""},"categories":[1590],"tags":[400,11,398,408,405,1777,674,403,402,399,404,12,401,406,220,407],"class_list":{"0":"post-395060","1":"post","2":"type-post","3":"status-publish","4":"format-standard","5":"has-post-thumbnail","7":"category-ukraine","8":"tag-action-cac-40","9":"tag-actualites","10":"tag-bourse-de-paris","11":"tag-boursorama","12":"tag-cotations","13":"tag-eu","14":"tag-europe","15":"tag-indices-devises","16":"tag-investir","17":"tag-investissement","18":"tag-marche-boursier","19":"tag-news","20":"tag-sicav","21":"tag-trackers","22":"tag-ukraine","23":"tag-warrants"},"share_on_mastodon":{"url":"https:\/\/pubeurope.com\/@fr\/115214014740800824","error":""},"_links":{"self":[{"href":"https:\/\/www.europesays.com\/fr\/wp-json\/wp\/v2\/posts\/395060","targetHints":{"allow":["GET"]}}],"collection":[{"href":"https:\/\/www.europesays.com\/fr\/wp-json\/wp\/v2\/posts"}],"about":[{"href":"https:\/\/www.europesays.com\/fr\/wp-json\/wp\/v2\/types\/post"}],"author":[{"embeddable":true,"href":"https:\/\/www.europesays.com\/fr\/wp-json\/wp\/v2\/users\/2"}],"replies":[{"embeddable":true,"href":"https:\/\/www.europesays.com\/fr\/wp-json\/wp\/v2\/comments?post=395060"}],"version-history":[{"count":0,"href":"https:\/\/www.europesays.com\/fr\/wp-json\/wp\/v2\/posts\/395060\/revisions"}],"wp:featuredmedia":[{"embeddable":true,"href":"https:\/\/www.europesays.com\/fr\/wp-json\/wp\/v2\/media\/395061"}],"wp:attachment":[{"href":"https:\/\/www.europesays.com\/fr\/wp-json\/wp\/v2\/media?parent=395060"}],"wp:term":[{"taxonomy":"category","embeddable":true,"href":"https:\/\/www.europesays.com\/fr\/wp-json\/wp\/v2\/categories?post=395060"},{"taxonomy":"post_tag","embeddable":true,"href":"https:\/\/www.europesays.com\/fr\/wp-json\/wp\/v2\/tags?post=395060"}],"curies":[{"name":"wp","href":"https:\/\/api.w.org\/{rel}","templated":true}]}}