{"id":39510,"date":"2025-04-20T18:24:08","date_gmt":"2025-04-20T18:24:08","guid":{"rendered":"https:\/\/www.europesays.com\/fr\/39510\/"},"modified":"2025-04-20T18:24:08","modified_gmt":"2025-04-20T18:24:08","slug":"brest-lens-pourquoi-lexpulsion-dabdoulaye-ndiaye-peut-paraitre-tres-severe","status":"publish","type":"post","link":"https:\/\/www.europesays.com\/fr\/39510\/","title":{"rendered":"Brest &#8211; Lens\u00a0: pourquoi l\u2019expulsion d\u2019Abdoulaye Ndiaye peut para\u00eetre tr\u00e8s s\u00e9v\u00e8re"},"content":{"rendered":"<p>Ligue 1 (30e journ\u00e9e). Stade Brestois &#8211; RC Lens<\/p>\n<p>Le fait de jeu, non siffl\u00e9 \u00e0 l\u2019\u0153il nu, pourrait bien constituer le tournant du match. Dans le temps additionnel de la premi\u00e8re p\u00e9riode du match Brest &#8211; Lens, <a href=\"https:\/\/www.letelegramme.fr\/sports\/football\/stade-brestois\/brest-lens-la-patience-est-la-cle-de-la-reussite-abdoulaye-ndiaye-se-confie-sur-son-ascension-au-stade-brestois-6801877.php\" target=\"_blank\" rel=\"noopener\">Abdoulaye Ndiaye<\/a> est c\u00e9l\u00e9br\u00e9 par le public pour un sauvetage devant sa ligne sur un tir de Thomasson, alors que Marco Bizot \u00e9tait battu (45\u2019+ 1).<\/p>\n<p>Alors que le RC Lens s\u2019appr\u00eate \u00e0 tirer le corner, M. Millot est appel\u00e9 \u00e0 consulter les images par ses assistants de la vid\u00e9o. Avec l\u2019appui de plusieurs ralentis, l\u2019arbitre estime que le d\u00e9fenseur s\u00e9n\u00e9galais a touch\u00e9 le ballon de la main, apr\u00e8s un rebond sur la hanche. Avant de prononcer une double sanction contre le Stade Brestois : un penalty, accompagn\u00e9 d\u2019un carton rouge pour le joueur pr\u00eat\u00e9 par Troyes.<\/p>\n<p>Ndiaye aurait probablement d\u00fb prendre un carton jaune<\/p>\n<p>Sur ce point-l\u00e0, l\u2019Ifab, garant des lois du football, semble pourtant claire. \u00ab Si un joueur emp\u00eache l\u2019\u00e9quipe adverse de marquer ou annihile une occasion de but manifeste en commettant une main non d\u00e9lib\u00e9r\u00e9e et que l\u2019arbitre accorde un penalty, le joueur fautif doit \u00eatre averti \u00bb, est-il inscrit dans l\u2019article 12.3.<\/p>\n<p>L\u2019arbitre a donc, a priori, jug\u00e9 comme d\u00e9lib\u00e9r\u00e9e la main d\u2019Abdoulaye Ndiaye, situ\u00e9 \u00e0 deux m\u00e8tres du d\u00e9part du ballon. Une d\u00e9cision sujette \u00e0 interpr\u00e9tation, susceptible d\u2019influer sur la deuxi\u00e8me p\u00e9riode. \u00c0 la 19e minute de jeu, le Var \u00e9tait d\u00e9j\u00e0 intervenu pour annuler, plut\u00f4t logiquement, un penalty siffl\u00e9 pour Brest apr\u00e8s un contact sur Sima.<\/p>\n","protected":false},"excerpt":{"rendered":"Ligue 1 (30e journ\u00e9e). Stade Brestois &#8211; RC Lens Le fait de jeu, non siffl\u00e9 \u00e0 l\u2019\u0153il nu,&hellip;\n","protected":false},"author":2,"featured_media":39511,"comment_status":"","ping_status":"","sticky":false,"template":"","format":"standard","meta":{"footnotes":""},"categories":[2],"tags":[11,3450,3166,63,1011,27,12,60,4449],"class_list":{"0":"post-39510","1":"post","2":"type-post","3":"status-publish","4":"format-standard","5":"has-post-thumbnail","7":"category-actualites","8":"tag-actualites","9":"tag-brest","10":"tag-en-continu-sports","11":"tag-football","12":"tag-fr","13":"tag-france","14":"tag-news","15":"tag-sports","16":"tag-stade-brestois"},"share_on_mastodon":{"url":"https:\/\/pubeurope.com\/@fr\/114371694643662362","error":""},"_links":{"self":[{"href":"https:\/\/www.europesays.com\/fr\/wp-json\/wp\/v2\/posts\/39510","targetHints":{"allow":["GET"]}}],"collection":[{"href":"https:\/\/www.europesays.com\/fr\/wp-json\/wp\/v2\/posts"}],"about":[{"href":"https:\/\/www.europesays.com\/fr\/wp-json\/wp\/v2\/types\/post"}],"author":[{"embeddable":true,"href":"https:\/\/www.europesays.com\/fr\/wp-json\/wp\/v2\/users\/2"}],"replies":[{"embeddable":true,"href":"https:\/\/www.europesays.com\/fr\/wp-json\/wp\/v2\/comments?post=39510"}],"version-history":[{"count":0,"href":"https:\/\/www.europesays.com\/fr\/wp-json\/wp\/v2\/posts\/39510\/revisions"}],"wp:featuredmedia":[{"embeddable":true,"href":"https:\/\/www.europesays.com\/fr\/wp-json\/wp\/v2\/media\/39511"}],"wp:attachment":[{"href":"https:\/\/www.europesays.com\/fr\/wp-json\/wp\/v2\/media?parent=39510"}],"wp:term":[{"taxonomy":"category","embeddable":true,"href":"https:\/\/www.europesays.com\/fr\/wp-json\/wp\/v2\/categories?post=39510"},{"taxonomy":"post_tag","embeddable":true,"href":"https:\/\/www.europesays.com\/fr\/wp-json\/wp\/v2\/tags?post=39510"}],"curies":[{"name":"wp","href":"https:\/\/api.w.org\/{rel}","templated":true}]}}