{"id":395109,"date":"2025-09-16T13:08:12","date_gmt":"2025-09-16T13:08:12","guid":{"rendered":"https:\/\/www.europesays.com\/fr\/395109\/"},"modified":"2025-09-16T13:08:12","modified_gmt":"2025-09-16T13:08:12","slug":"la-petition-de-philippe-de-villiers-sur-limmigration-a-encore-plus-de-failles-que-ce-quon-pensait","status":"publish","type":"post","link":"https:\/\/www.europesays.com\/fr\/395109\/","title":{"rendered":"La \u00ab\u00a0p\u00e9tition\u00a0\u00bb de Philippe de Villiers sur l\u2019immigration a encore plus de failles que ce qu\u2019on pensait"},"content":{"rendered":"<p>        <img decoding=\"async\" loading=\"lazy\" src=\"https:\/\/www.europesays.com\/fr\/wp-content\/uploads\/2025\/09\/9ef876a_1658618714630-60a3d6002600000b82b43490.jpeg\"  width=\"728\" height=\"410\" alt=\"Les failles de la \u00ab\u00a0p\u00e9tition\u00a0\u00bb de de Villiers sont encore pires ce qu\u2019on pensait (illustration)\"\/>  <\/p>\n<p>BERTRAND GUAY via Getty Images<\/p>\n<p>Les failles de la \u00ab\u00a0p\u00e9tition\u00a0\u00bb de de Villiers sont encore pires ce qu\u2019on pensait (illustration)<\/p>\n<p class=\"asset asset-text\">POLITIQUE &#8211; Branle-bas de combat dans les m\u00e9dias de Vincent Bollor\u00e9. Ses t\u00eates de gondole, Pascal Praud en t\u00eate, hurlent au scandale d\u00e9mocratique. La raison\u00a0? Le peu d\u2019\u00e9cho m\u00e9diatique que rencontre la p\u00e9tition mise en ligne par Philippe de Villiers r\u00e9clamant un r\u00e9f\u00e9rendum sur l\u2019immigration, et dont Le HuffPost avait d\u00e9j\u00e0 r\u00e9v\u00e9l\u00e9 les (<a href=\"https:\/\/www.huffingtonpost.fr\/politique\/article\/pourquoi-cette-petition-de-philippe-de-villiers-n-a-pas-la-meme-valeur-que-celle-contre-la-loi-duplomb_254747.html\" rel=\"nofollow noopener\" target=\"_blank\">multiples<\/a>) d\u00e9fauts la semaine derni\u00e8re.<\/p>\n<p class=\"asset asset-text\">\u00c0 mesure que le compteur de signatures enfle sur la page d\u2019accueil du site lanc\u00e9 par le fondateur du Puy de Fou (la barre du million est tr\u00e8s largement franchie ce mardi \u00e0 la mi-journ\u00e9e), de nombreuses bizarreries apparaissent au sujet de cet objet de marketing mediatico-politique.<\/p>\n<p class=\"asset asset-text\">Ce vendredi, Le HuffPost avait montr\u00e9 que l\u2019on pouvait voter \u00e0 plusieurs reprises, en entrant diff\u00e9rentes adresses valides. Or, comme le souligne <a href=\"https:\/\/x.com\/GrablyR\/status\/1967883058729848942\" target=\"_blank\" rel=\"noopener nofollow\" title=\"Nouvelle fen\u00eatre\">BFMTV<\/a> ce mardi 16\u00a0septembre, il est m\u00eame possible de signer virtuellement cette p\u00e9tition via des adresses fictives (en changeant simplement une lettre dans son adresse), puisqu\u2019il n\u2019existe aucun syst\u00e8me de v\u00e9rification. Un boulevard pour ceux qui auraient l\u2019id\u00e9e de faire gonfler artificiellement le nombre de signataires, ou pour des puissances \u00e9trang\u00e8res d\u00e9sireuses de parasiter notre d\u00e9bat public. D\u2019autant qu\u2019il existe des services de bots sp\u00e9cialement con\u00e7us pour ce genre de manipulation.<\/p>\n<p>    Soi-disant sign\u00e9e par\u2026 M\u00e9lenchon    <\/p>\n<p class=\"asset asset-text\">Autre d\u00e9faut soulign\u00e9 par nos confr\u00e8res\u00a0: le fait que l\u2019on puisse v\u00e9rifier si une personne a d\u00e9j\u00e0 sign\u00e9 (ou non) en entrant son adresse. Ce qui, au-del\u00e0 du fait que cela pose un s\u00e9rieux probl\u00e8me de confidentialit\u00e9, donne lieu \u00e0 des situations plus que loufoques. Comme celle rep\u00e9r\u00e9e par un journaliste de L\u2019Opinion, qui a montr\u00e9 sur le r\u00e9seau social X qu\u2019une adresse attribu\u00e9e \u00e0\u2026 Jean-Luc M\u00e9lenchon avait apport\u00e9 sa signature \u00e0 la p\u00e9tition. Ce qui illustre au passage que l\u2019on peut signer la p\u00e9tition pour d\u2019autres, sans qu\u2019ils soient au courant.<\/p>\n<p> La lecture de ce contenu est susceptible d\u2019entra\u00eener un d\u00e9p\u00f4t de cookies de la part de l\u2019op\u00e9rateur tiers qui l\u2019h\u00e9berge. Compte-tenu des choix que vous avez exprim\u00e9s en mati\u00e8re de d\u00e9p\u00f4t de cookies, nous avons bloqu\u00e9 l\u2019affichage de ce contenu. Si vous souhaitez y acc\u00e9der, vous devez accepter la cat\u00e9gorie de cookies \u201cContenus tiers\u201d en cliquant sur le bouton ci-dessous. <\/p>\n<p> Lire la Vid\u00e9o        <\/p>\n<p class=\"asset asset-text\">Ainsi, des internautes s\u2019amusent \u00e0 signer avec des noms farfelus, comme \u00ab<a href=\"https:\/\/x.com\/cox_steeve\/status\/1967879955183813056\" target=\"_blank\" rel=\"noopener nofollow\" title=\"Nouvelle fen\u00eatre\">\u00a0Arnaque de Villiers<\/a>\u00a0\u00bb, quand d\u2019autres le font avec <a href=\"https:\/\/x.com\/p_duval\/status\/1967568524294885385\/photo\/1\" target=\"_blank\" rel=\"noopener nofollow\" title=\"Nouvelle fen\u00eatre\">les adresses mails de personnalit\u00e9s de CNews<\/a>. Un d\u00e9faut majeur et surtout une h\u00e9r\u00e9sie pour les p\u00e9titions en lignes. \u00c0 titre d\u2019exemple, il est impossible de faire de telles man\u0153uvres sur le site sp\u00e9cialis\u00e9 Change.org\u00a0: puisqu\u2019un<a href=\"https:\/\/help.change.org\/fr_FR\/authors\/1028990\" target=\"_blank\" rel=\"noopener nofollow\" title=\"Nouvelle fen\u00eatre\"> e-mail de v\u00e9rification<\/a> est envoy\u00e9 au signataire afin de confirmer qu\u2019il s\u2019agit bien d\u2019une initiative de sa part.<\/p>\n<p class=\"asset asset-text\">Par ailleurs, la dimension marketing de l\u2019objet mis en ligne par le pol\u00e9miste d\u2019extr\u00eame droite commence \u00e0 \u00eatre mise en \u00e9vidence. Notamment la coche que le signataire est invit\u00e9 \u00e0 signer, et qui indique\u00a0: \u00ab\u00a0Je consens \u00e0 ce que Philippe de Villiers communique mon adresse e-mail \u00e0 la soci\u00e9t\u00e9 Lagard\u00e8re Media News afin qu\u2019elle m\u2019adresse des informations, offres, bons plans et avantages promotionnels pour les titres JDD et JDNews\u00a0\u00bb.<\/p>\n<p class=\"asset asset-text\">On est ici plus proche de la campagne d\u2019abonnements que de la requ\u00eate initiale, consistant \u00e0 r\u00e9clamer un r\u00e9f\u00e9rendum sur l\u2019immigration. D\u2019autant que le site mis en ligne par Philippe de Villiers est situ\u00e9 2\u00a0rue des C\u00e9vennes\u2026 Soit le si\u00e8ge de Lagard\u00e8re Media News, sous contr\u00f4le de Vincent Bollor\u00e9.<\/p>\n<p>                     \u00ab\u00a0Une pseudo-p\u00e9tition politique\u00a0\u00bb    <\/p>\n<p class=\"asset asset-text\">\u00c0 gauche, certains commencent \u00e0 d\u00e9noncer de cette manipulation politique. \u00ab\u00a0Donc un groupe de presse qui touche de l\u2019argent public est derri\u00e8re une pseudo-p\u00e9tition politique (sans aucune v\u00e9rification des adresses par ailleurs)\u00a0? Et \u00e7a ne d\u00e9range personne\u00a0? \u00c0 quand la fin de la collusion avec l\u2019empire m\u00e9diatique de l\u2019extr\u00eame droite\u00a0?\u00a0\u00bb, d\u00e9nonce Manuel Bompard, coordinateur national de la France insoumise.<\/p>\n<p class=\"asset asset-text\">D\u2019autres, au contraire, soutiennent l\u2019initiative. \u00c0 l\u2019image du RN, qui dit partager le combat men\u00e9 par l\u2019ex-eurod\u00e9put\u00e9, ou le chef des d\u00e9put\u00e9s LR Laurent Wauquiez, qui a indiqu\u00e9 sur le r\u00e9seau social X <a href=\"https:\/\/x.com\/laurentwauquiez\/status\/1967300007792631868\" target=\"_blank\" rel=\"noopener nofollow\" title=\"Nouvelle fen\u00eatre\">avoir sign\u00e9 la p\u00e9tition<\/a>. Peut-\u00eatre que le d\u00e9put\u00e9 de Haute-Loire voulait seulement profiter des op\u00e9rations promotionnelles du JDD\u2026<\/p>\n","protected":false},"excerpt":{"rendered":"BERTRAND GUAY via Getty Images Les failles de la \u00ab\u00a0p\u00e9tition\u00a0\u00bb de de Villiers sont encore pires ce qu\u2019on&hellip;\n","protected":false},"author":2,"featured_media":395110,"comment_status":"","ping_status":"","sticky":false,"template":"","format":"standard","meta":{"footnotes":""},"categories":[4],"tags":[11,1076,1011,27,1061,12,41410,316,25,1022],"class_list":{"0":"post-395109","1":"post","2":"type-post","3":"status-publish","4":"format-standard","5":"has-post-thumbnail","7":"category-france","8":"tag-actualites","9":"tag-extreme-droite","10":"tag-fr","11":"tag-france","12":"tag-immigration","13":"tag-news","14":"tag-philippe-de-villiers","15":"tag-politique","16":"tag-republique-francaise","17":"tag-vincent-bollore"},"share_on_mastodon":{"url":"https:\/\/pubeurope.com\/@fr\/115214136870540817","error":""},"_links":{"self":[{"href":"https:\/\/www.europesays.com\/fr\/wp-json\/wp\/v2\/posts\/395109","targetHints":{"allow":["GET"]}}],"collection":[{"href":"https:\/\/www.europesays.com\/fr\/wp-json\/wp\/v2\/posts"}],"about":[{"href":"https:\/\/www.europesays.com\/fr\/wp-json\/wp\/v2\/types\/post"}],"author":[{"embeddable":true,"href":"https:\/\/www.europesays.com\/fr\/wp-json\/wp\/v2\/users\/2"}],"replies":[{"embeddable":true,"href":"https:\/\/www.europesays.com\/fr\/wp-json\/wp\/v2\/comments?post=395109"}],"version-history":[{"count":0,"href":"https:\/\/www.europesays.com\/fr\/wp-json\/wp\/v2\/posts\/395109\/revisions"}],"wp:featuredmedia":[{"embeddable":true,"href":"https:\/\/www.europesays.com\/fr\/wp-json\/wp\/v2\/media\/395110"}],"wp:attachment":[{"href":"https:\/\/www.europesays.com\/fr\/wp-json\/wp\/v2\/media?parent=395109"}],"wp:term":[{"taxonomy":"category","embeddable":true,"href":"https:\/\/www.europesays.com\/fr\/wp-json\/wp\/v2\/categories?post=395109"},{"taxonomy":"post_tag","embeddable":true,"href":"https:\/\/www.europesays.com\/fr\/wp-json\/wp\/v2\/tags?post=395109"}],"curies":[{"name":"wp","href":"https:\/\/api.w.org\/{rel}","templated":true}]}}