{"id":395132,"date":"2025-09-16T13:21:14","date_gmt":"2025-09-16T13:21:14","guid":{"rendered":"https:\/\/www.europesays.com\/fr\/395132\/"},"modified":"2025-09-16T13:21:14","modified_gmt":"2025-09-16T13:21:14","slug":"asse-grenoble-un-immense-scandale-denonce-par-les-supporters","status":"publish","type":"post","link":"https:\/\/www.europesays.com\/fr\/395132\/","title":{"rendered":"ASSE &#8211; Grenoble : un immense scandale d\u00e9nonc\u00e9 par les supporters !\u00a0"},"content":{"rendered":"<p><strong>Un simple d\u00e9placement \u00e0 Saint-\u00c9tienne pour assister au match contre l\u2019<a href=\"https:\/\/www.butfootballclub.fr\/618762-asse-stade-de-reims-horneland-pret-a-tout-changer-dans-le-onze-des-verts\/\" target=\"_blank\" rel=\"noopener\">ASSE<\/a> a vir\u00e9 au v\u00e9ritable scandale pour les supporters grenoblois. Les Red Kaos 1994 d\u00e9noncent des conditions jug\u00e9es humiliantes et violentes lors de leur venue dans le Forez.<\/strong><\/p>\n<p>Si l\u2019<a href=\"https:\/\/www.butfootballclub.fr\/618743-asse-un-cauchemar-pour-arbitrer-le-match-contre-reims\/\" target=\"_blank\" rel=\"noopener\">ASSE<\/a> reste solide leader de Ligue 2, un scandale est pass\u00e9 sous silence en ce d\u00e9but de saison. Celui-ci aurait eu lieu lors de la r\u00e9ception de Grenoble. Selon les t\u00e9moignages relay\u00e9s par <a href=\"https:\/\/www.instagram.com\/p\/DOnxxC_DWUn\/?igsh=aXBxbGhpOG5uNzht\" target=\"_blank\" rel=\"noopener\">Peuple Vert<\/a>, apr\u00e8s plusieurs contr\u00f4les classiques, une troisi\u00e8me fouille impos\u00e9e par la SIR (Section d\u2019Intervention Rapide) a provoqu\u00e9 une vive col\u00e8re parmi les supporters. L\u2019un d\u2019eux affirme avoir \u00e9t\u00e9 victime d\u2019une fouille \u00ab manifestement abusive \u00bb, \u00e9voquant des attouchements d\u00e9plac\u00e9s de la part d\u2019un agent.<\/p>\n<p>La situation a d\u00e9g\u00e9n\u00e9r\u00e9 lorsque le responsable du groupe, intervenu pour calmer les tensions, a \u00e9t\u00e9 projet\u00e9 violemment au sol puis rou\u00e9 de coups. Il a \u00e9t\u00e9 transf\u00e9r\u00e9 au CHU o\u00f9 il a re\u00e7u une ITT de 7 jours pour plusieurs contusions et une atteinte \u00e0 la colonne vert\u00e9brale.<\/p>\n<p>Les Red Kaos 1994 d\u00e9noncent une violence \u00ab totalement disproportionn\u00e9e \u00bb et appellent les instances \u00e0 enqu\u00eater. Ce d\u00e9placement laisse un go\u00fbt amer et risque de raviver les tensions entre supporters et forces de l\u2019ordre dans le football fran\u00e7ais. Reste \u00e0 savoir si ces tristes \u00e9v\u00e9nements auront des suites\u2026<\/p>\n<blockquote class=\"instagram-media\" data-instgrm-captioned=\"\" data-instgrm-permalink=\"https:\/\/www.instagram.com\/p\/DOnxxC_DWUn\/?utm_source=ig_embed&amp;utm_campaign=loading\" data-instgrm-version=\"14\" style=\"background:#FFF;border:0;border-radius:3px;box-shadow:0 0 1px 0 rgba(0,0,0,0.5),0 1px 10px 0 rgba(0,0,0,0.15);margin:1px;max-width:540px;min-width:326px;padding:0;width:calc(100% - 2px)\"\/>\n<p><script async src=\"\/\/www.instagram.com\/embed.js\"><\/script><\/p>\n","protected":false},"excerpt":{"rendered":"Un simple d\u00e9placement \u00e0 Saint-\u00c9tienne pour assister au match contre l\u2019ASSE a vir\u00e9 au v\u00e9ritable scandale pour les&hellip;\n","protected":false},"author":2,"featured_media":395133,"comment_status":"","ping_status":"","sticky":false,"template":"","format":"standard","meta":{"footnotes":""},"categories":[9566],"tags":[1111,11,2430,448,1777,674,63,1011,27,2731,66,3388,12,25,10662],"class_list":{"0":"post-395132","1":"post","2":"type-post","3":"status-publish","4":"format-standard","5":"has-post-thumbnail","7":"category-grenoble","8":"tag-actu","9":"tag-actualites","10":"tag-auvergne-rhone-alpes","11":"tag-champions-league","12":"tag-eu","13":"tag-europe","14":"tag-football","15":"tag-fr","16":"tag-france","17":"tag-grenoble","18":"tag-ligue-1","19":"tag-matchs","20":"tag-news","21":"tag-republique-francaise","22":"tag-transferts"},"share_on_mastodon":{"url":"https:\/\/pubeurope.com\/@fr\/115214187509670520","error":""},"_links":{"self":[{"href":"https:\/\/www.europesays.com\/fr\/wp-json\/wp\/v2\/posts\/395132","targetHints":{"allow":["GET"]}}],"collection":[{"href":"https:\/\/www.europesays.com\/fr\/wp-json\/wp\/v2\/posts"}],"about":[{"href":"https:\/\/www.europesays.com\/fr\/wp-json\/wp\/v2\/types\/post"}],"author":[{"embeddable":true,"href":"https:\/\/www.europesays.com\/fr\/wp-json\/wp\/v2\/users\/2"}],"replies":[{"embeddable":true,"href":"https:\/\/www.europesays.com\/fr\/wp-json\/wp\/v2\/comments?post=395132"}],"version-history":[{"count":0,"href":"https:\/\/www.europesays.com\/fr\/wp-json\/wp\/v2\/posts\/395132\/revisions"}],"wp:featuredmedia":[{"embeddable":true,"href":"https:\/\/www.europesays.com\/fr\/wp-json\/wp\/v2\/media\/395133"}],"wp:attachment":[{"href":"https:\/\/www.europesays.com\/fr\/wp-json\/wp\/v2\/media?parent=395132"}],"wp:term":[{"taxonomy":"category","embeddable":true,"href":"https:\/\/www.europesays.com\/fr\/wp-json\/wp\/v2\/categories?post=395132"},{"taxonomy":"post_tag","embeddable":true,"href":"https:\/\/www.europesays.com\/fr\/wp-json\/wp\/v2\/tags?post=395132"}],"curies":[{"name":"wp","href":"https:\/\/api.w.org\/{rel}","templated":true}]}}