{"id":395136,"date":"2025-09-16T13:23:14","date_gmt":"2025-09-16T13:23:14","guid":{"rendered":"https:\/\/www.europesays.com\/fr\/395136\/"},"modified":"2025-09-16T13:23:14","modified_gmt":"2025-09-16T13:23:14","slug":"rennes-nantes-toulouse-lyon-ces-villes-ou-la-situation-risque-de-degenerer","status":"publish","type":"post","link":"https:\/\/www.europesays.com\/fr\/395136\/","title":{"rendered":"Rennes, Nantes, Toulouse, Lyon\u2026 ces villes o\u00f9 la situation risque de d\u00e9g\u00e9n\u00e9rer"},"content":{"rendered":"<p>            Par<br \/>\n        <strong><br \/>\n            <a href=\"https:\/\/actu.fr\/auteur\/redaction-actu\" title=\"Consulter tous les articles de R\u00e9daction Actu\" rel=\"nofollow noopener\" target=\"_blank\">R\u00e9daction Actu<\/a><br \/>\n        <\/strong><\/p>\n<p>        Publi\u00e9 le<\/p>\n<p>            16 sept. 2025 \u00e0 14h45        <\/p>\n<p>\u200bVers une deuxi\u00e8me <a href=\"https:\/\/actu.fr\/tag\/greve\" rel=\"nofollow noopener\" target=\"_blank\">gr\u00e8ve<\/a> plus massive que la pr\u00e9c\u00e9dente\u2009? C\u2019est en tout cas l\u2019avis des autorit\u00e9s, qui s\u2019attendent \u00e0 <strong>une mobilisation plus importante<\/strong> pour la journ\u00e9e d\u2019action intersyndicale pr\u00e9vue jeudi 18\u00a0septembre 2025 que lors du <a href=\"https:\/\/actu.fr\/tag\/mouvement-du-10-septembre\" rel=\"nofollow noopener\" target=\"_blank\">mouvement \u00ab\u2009Bloquons tout\u2009\u00bb du 10\u00a0septembre<\/a>.<\/p>\n<p class=\" wall-content\"><a href=\"https:\/\/www.instagram.com\/p\/DObHaOkCLct\/embed\" title=\"Ouvrir le lien sur Instagram\" rel=\"nofollow noopener\" target=\"_blank\">Visualiser le contenu sur Instagram<\/a><\/p>\n<p class=\" wall-content\">Les forces de l\u2019ordre craignent par ailleurs la pr\u00e9sence de plusieurs centaines de <strong>manifestants radicaux<\/strong> dans les cort\u00e8ges des grandes villes, ont rapport\u00e9 lundi 15\u00a0septembre 2025 des sources proches du dossier \u00e0 l\u2019AFP.<\/p>\n<p class=\" wall-content\">Au regard des premiers \u00e9l\u00e9ments recueillis, <a href=\"https:\/\/actu.fr\/societe\/greve-du-18-septembre-dans-les-transports-jeudi-noir-redoute-dans-les-trains-bus-metros-ce-qui-nous-attend_63163738.html\" rel=\"nofollow noopener\" target=\"_blank\">les perturbations dans les transports<\/a> en commun pourraient \u00eatre plus fortes que mercredi dernier, selon un participant.\u00a0Voici <strong>o\u00f9 \u00e7a risque particuli\u00e8rement de s\u2019enflammer<\/strong> ce 18\u00a0septembre en France.<\/p>\n<p>Jusqu\u2019\u00e0 400\u2009000 manifestants attendus<\/p>\n<p class=\" wall-content\">Pour cette journ\u00e9e de mobilisation, les services de renseignement \u00e9voquent une \u00ab\u2009menace hybride\u2009\u00bb, c\u2019est-\u00e0-dire des <strong>actions coups de poing<\/strong> d\u00e8s la veille au soir ou t\u00f4t le matin, une partie syndicale constitu\u00e9e des cort\u00e8ges classiques et <strong>une s\u00e9quence \u00ab\u2009plus politique\u2009\u00bb<\/strong> emmen\u00e9e par des \u00ab\u2009militants de <a href=\"https:\/\/actu.fr\/tag\/la-france-insoumise-lfi\" rel=\"nofollow noopener\" target=\"_blank\">La France insoumise\u2009\u00bb<\/a> (LFI) notamment.<\/p>\n<p class=\" wall-content\">Lundi, <strong>40 cort\u00e8ges<\/strong> ont d\u00e9j\u00e0 \u00e9t\u00e9 d\u00e9clar\u00e9s et d\u2019autres devraient l\u2019\u00eatre d\u2019ici \u00e0 jeudi. Les services estiment que la participation sera nettement plus \u00e9lev\u00e9e que le 10\u00a0septembre, avec <strong>jusqu\u2019\u00e0 400\u2009000\u00a0personnes<\/strong>, contre 200\u2009000 recens\u00e9es par le minist\u00e8re de l\u2019Int\u00e9rieur mercredi dernier.<\/p>\n<p class=\" wall-content\"><a href=\"https:\/\/www.instagram.com\/p\/DObOESHiGCA\/embed\" title=\"Ouvrir le lien sur Instagram\" rel=\"nofollow noopener\" target=\"_blank\">Visualiser le contenu sur Instagram<\/a><\/p>\n<p class=\" wall-content\"><a href=\"https:\/\/actu.fr\/ile-de-france\/paris_75056\/greve-du-18-septembre-a-quoi-doit-on-s-attendre-a-paris-pour-cette-nouvelle-journee-de-mobilisation_63164133.html\" rel=\"nofollow noopener\" target=\"_blank\">\u00c0 Paris<\/a>, les estimations vont de \u00ab\u200930\u2009000 \u00e0 60\u2009000 personnes\u2009\u00bb, \u00ab\u2009100\u2009000\u2009\u00bb dans le Grand Ouest. Les points d\u2019attention pour les forces de l\u2019ordre restent, comme mercredi, outre Paris, les villes de <a href=\"https:\/\/actu.fr\/bretagne\/rennes_35238\/greve-du-18-septembre-blocages-manifestation-a-quoi-s-attendre-pour-la-suite-de-la-mobilisation_63162028.html\" rel=\"nofollow noopener\" target=\"_blank\">Rennes<\/a>, Nantes, <a href=\"https:\/\/actu.fr\/occitanie\/toulouse_31555\/greve-du-18-septembre-trace-horaires-organisation-tout-savoir-sur-la-manif-a-toulouse_63161881.html\" rel=\"nofollow noopener\" target=\"_blank\">Toulouse<\/a>, <a href=\"https:\/\/actu.fr\/bourgogne-franche-comte\/dijon_21231\/bloquons-tout-a-dijon-ce-qui-se-dessine-pour-le-18-septembre_63149990.html\" rel=\"nofollow noopener\" target=\"_blank\">Dijon<\/a>, <a href=\"https:\/\/actu.fr\/auvergne-rhone-alpes\/lyon_69123\/greve-du-18-septembre-trace-horaires-parcours-tout-savoir-sur-la-manif-a-lyon_63165942.html\" rel=\"nofollow noopener\" target=\"_blank\">Lyon<\/a>, <a href=\"https:\/\/actu.fr\/societe\/18-septembre-blocages-manifestations-voila-les-principaux-rendez-vous-en-occitanie_63161477.html\" rel=\"nofollow noopener\" target=\"_blank\">Montpellier<\/a> et Bordeaux.<\/p>\n<p class=\" wall-content\">\u00ab\u2009Entre 150 et 300 \u00e9l\u00e9ments radicaux du <strong>type Black Block\u2009\u00bb<\/strong> pourraient \u00eatre pr\u00e9sents dans les manifestations dans les grandes villes, selon les services qui envisagent en outre des actions coups de poing \u00e0 l\u2019appel du <a href=\"https:\/\/actu.fr\/tag\/bloquons-tout\" rel=\"nofollow noopener\" target=\"_blank\">mouvement \u00ab\u2009Bloquons tout\u2009\u00bb<\/a>.<\/p>\n<p>Votre r\u00e9gion, votre actu !<\/p>\n<p>Recevez chaque jour les infos qui comptent pour vous.<\/p>\n<p>\t<a href=\"https:\/\/actu.fr\/newsletter\" class=\"ac-btn ac-btn--corner ac-btn--medium ac-btn--blue800\" rel=\"nofollow noopener\" target=\"_blank\">S&rsquo;incrire<\/a><br \/>\n80 000 policiers et gendarmes d\u00e9ploy\u00e9s<\/p>\n<p class=\" wall-content\">Le <strong>dispositif de s\u00e9curit\u00e9<\/strong> sera du m\u00eame ordre que celui mis en place le 10\u00a0septembre, soit environ 80\u2009000 policiers et <a href=\"https:\/\/actu.fr\/tag\/gendarmerie\" rel=\"nofollow noopener\" target=\"_blank\">gendarmes<\/a> accompagn\u00e9s du d\u00e9ploiement <a href=\"https:\/\/actu.fr\/societe\/manifestations-catastrophes-terrorisme-decouvrez-centaure-le-nouveau-blinde-de-la-gendarmerie_60239511.html\" rel=\"nofollow noopener\" target=\"_blank\">des engins blind\u00e9s Centaure de la gendarmerie<\/a> et de canons \u00e0 eau, selon des participants \u00e0 cette r\u00e9union interrog\u00e9s par l\u2019AFP.<\/p>\n<p>    <img   decoding=\"async\" loading=\"lazy\" src=\"https:\/\/www.europesays.com\/fr\/wp-content\/uploads\/2025\/09\/bad226a4b6586bed226a4b65892e22v-1-960x640.jpg\" alt=\"Parmi les mat\u00e9riels engag\u00e9s, on retrouve le Centaure, un v\u00e9hicule d'intervention polyvalent blind\u00e9, qui peut pousser jusqu'\u00e0 12 tonnes.\" width=\"960\" height=\"640\"\/><br \/>\n    Parmi les mat\u00e9riels engag\u00e9s par les forces de l\u2019ordre, on retrouve le Centaure, un v\u00e9hicule d\u2019intervention polyvalent blind\u00e9, qui p\u00e8se 14\u00a0tonnes. (\u00a9PV\/RSM77)<\/p>\n<p class=\" wall-content\"><a href=\"https:\/\/actu.fr\/tag\/bruno-retailleau\" rel=\"nofollow noopener\" target=\"_blank\">Le ministre de l\u2019Int\u00e9rieur Bruno Retailleau<\/a> a d\u2019ailleurs pr\u00e9sid\u00e9 lundi apr\u00e8s-midi une r\u00e9union de travail en pr\u00e9vision de cette journ\u00e9e d\u2019action \u00e0 laquelle les pr\u00e9fets ont particip\u00e9 ainsi que les responsables de forces de l\u2019ordre.<\/p>\n<p class=\" wall-content\">Les services ont relev\u00e9 \u00e9galement <strong>une \u00ab\u2009mont\u00e9e en tension des discours\u2009\u00bb<\/strong> dont certains avec \u00ab\u2009une tonalit\u00e9 insurrectionnelle\u2009\u00bb, ce qui leur fait craindre des d\u00e9bordements. Dans la capitale (comme lors de chaque journ\u00e9e d\u2019action d\u2019ampleur), les lieux embl\u00e9matiques du pouvoir tels que <a href=\"https:\/\/actu.fr\/tag\/elysee\" rel=\"nofollow noopener\" target=\"_blank\">l\u2019\u00c9lys\u00e9e<\/a>, <a href=\"https:\/\/actu.fr\/ile-de-france\/paris_75056\/pourquoi-a-paris-matignon-est-il-la-residence-du-premier-ministre_50962275.html\" rel=\"nofollow noopener\" target=\"_blank\">Matignon<\/a>, <a href=\"https:\/\/actu.fr\/tag\/assemblee-nationale\" rel=\"nofollow noopener\" target=\"_blank\">l\u2019Assembl\u00e9e nationale<\/a> ou le <a href=\"https:\/\/actu.fr\/tag\/senat\" rel=\"nofollow noopener\" target=\"_blank\">S\u00e9nat<\/a> feront l\u2019objet d\u2019une <strong>protection renforc\u00e9e<\/strong>.<\/p>\n<p class=\" wall-content\">Source\u2009: AFP.<\/p>\n<p class=\" wall-content\">Personnalisez votre actualit\u00e9 en ajoutant vos villes et m\u00e9dias en favori avec <a href=\"https:\/\/moncompte.actu.fr\" title=\"D\u00e9couvez Mon Actu\" rel=\"nofollow noopener\" data-trk=\"{&quot;cta&quot;:{&quot;action&quot;:&quot;https:\\\/\\\/moncompte.actu.fr&quot;,&quot;category&quot;:&quot;mon compte&quot;,&quot;from&quot;:&quot;article footer&quot;,&quot;name&quot;:&quot;Mon actu&quot;,&quot;type&quot;:&quot;cta&quot;}}\" target=\"_blank\">Mon Actu<\/a>.<\/p>\n<p>                    <script async src=\"\/\/www.instagram.com\/embed.js\"><\/script><\/p>\n","protected":false},"excerpt":{"rendered":"Par R\u00e9daction Actu Publi\u00e9 le 16 sept. 2025 \u00e0 14h45 \u200bVers une deuxi\u00e8me gr\u00e8ve plus massive que la&hellip;\n","protected":false},"author":2,"featured_media":380759,"comment_status":"","ping_status":"","sticky":false,"template":"","format":"standard","meta":{"footnotes":""},"categories":[2821],"tags":[1111,11,47212,829,1777,674,1011,27,52713,1272,12,584,25,104],"class_list":{"0":"post-395136","1":"post","2":"type-post","3":"status-publish","4":"format-standard","5":"has-post-thumbnail","7":"category-rennes","8":"tag-actu","9":"tag-actualites","10":"tag-bloquons-tout","11":"tag-bretagne","12":"tag-eu","13":"tag-europe","14":"tag-fr","15":"tag-france","16":"tag-greve-du-18-septembre","17":"tag-manifestations","18":"tag-news","19":"tag-rennes","20":"tag-republique-francaise","21":"tag-societe"},"share_on_mastodon":{"url":"https:\/\/pubeurope.com\/@fr\/115214195426130539","error":""},"_links":{"self":[{"href":"https:\/\/www.europesays.com\/fr\/wp-json\/wp\/v2\/posts\/395136","targetHints":{"allow":["GET"]}}],"collection":[{"href":"https:\/\/www.europesays.com\/fr\/wp-json\/wp\/v2\/posts"}],"about":[{"href":"https:\/\/www.europesays.com\/fr\/wp-json\/wp\/v2\/types\/post"}],"author":[{"embeddable":true,"href":"https:\/\/www.europesays.com\/fr\/wp-json\/wp\/v2\/users\/2"}],"replies":[{"embeddable":true,"href":"https:\/\/www.europesays.com\/fr\/wp-json\/wp\/v2\/comments?post=395136"}],"version-history":[{"count":0,"href":"https:\/\/www.europesays.com\/fr\/wp-json\/wp\/v2\/posts\/395136\/revisions"}],"wp:featuredmedia":[{"embeddable":true,"href":"https:\/\/www.europesays.com\/fr\/wp-json\/wp\/v2\/media\/380759"}],"wp:attachment":[{"href":"https:\/\/www.europesays.com\/fr\/wp-json\/wp\/v2\/media?parent=395136"}],"wp:term":[{"taxonomy":"category","embeddable":true,"href":"https:\/\/www.europesays.com\/fr\/wp-json\/wp\/v2\/categories?post=395136"},{"taxonomy":"post_tag","embeddable":true,"href":"https:\/\/www.europesays.com\/fr\/wp-json\/wp\/v2\/tags?post=395136"}],"curies":[{"name":"wp","href":"https:\/\/api.w.org\/{rel}","templated":true}]}}