{"id":395143,"date":"2025-09-16T13:27:11","date_gmt":"2025-09-16T13:27:11","guid":{"rendered":"https:\/\/www.europesays.com\/fr\/395143\/"},"modified":"2025-09-16T13:27:11","modified_gmt":"2025-09-16T13:27:11","slug":"greve-du-18-septembre-le-stationnement-sera-gratuit-a-nice","status":"publish","type":"post","link":"https:\/\/www.europesays.com\/fr\/395143\/","title":{"rendered":"Gr\u00e8ve du 18 septembre: le stationnement sera gratuit \u00e0 Nice"},"content":{"rendered":"<p>\u00c0 deux jours d&rsquo;une nouvelle mobilisation d&rsquo;ampleur, la Ville de <strong>Nice<\/strong> anticipe.<\/p>\n<p>Si le r\u00e9seau Lignes d&rsquo;Azur, qui assure les bus et tramway dans la m\u00e9tropole, ne s&rsquo;est pas encore prononc\u00e9 quant \u00e0 la <a href=\"https:\/\/www.nicematin.com\/sujet\/greve-18-septembre\" target=\"_blank\" rel=\"noopener\">gr\u00e8ve du 18 septembre<\/a>, la municipalit\u00e9 a d&rsquo;ores et d\u00e9j\u00e0 annonc\u00e9 la <strong>gratuit\u00e9 du stationnement de 9h \u00e0 20h<\/strong>.\u00a0<\/p>\n<p>Une mesure prise \u00e0 chaque \u00ab\u00a0gr\u00e8ve des transports en commun\u00a0\u00bb depuis le 7 juin 2018.<\/p>\n<p><strong style=\"font-size: 19px;\">Mobilisation plus importante que pour \u00ab\u00a0Bloquons tout\u00a0\u00bb<\/strong><\/p>\n<p>\u00c0 l&rsquo;\u00e9chelle nationale, les autorit\u00e9s s&rsquo;attendent \u00e0 un <a href=\"https:\/\/www.nicematin.com\/greve-mouvements-sociaux\/greve-du-18-septembre-les-autorites-s-attendent-a-une-forte-participation-et-des-centaines-de-radicaux-dans-les-differents-corteges-1002002\" target=\"_blank\" rel=\"noopener\">mouvement plus important<\/a> pour la journ\u00e9e d&rsquo;action intersyndicale pr\u00e9vue ce jeudi que lors du mouvement \u00ab\u00a0Bloquons tout\u00a0\u00bb du 10 septembre.\u00a0<\/p>\n<p>Quelque quarante cort\u00e8ges se sont d\u00e9j\u00e0 d\u00e9clar\u00e9s ce lundi et\u00a0d&rsquo;autres devraient l&rsquo;\u00eatre d&rsquo;ici-l\u00e0.<\/p>\n<p>Les services estiment que la participation pourrait atteindre <strong>plus de 400.000 personnes<\/strong>, contre 200.000 recens\u00e9es par le minist\u00e8re de l&rsquo;Int\u00e9rieur mercredi dernier.<\/p>\n<p>Le dispositif de s\u00e9curit\u00e9 sera du m\u00eame ordre, soit environ 80.000 policiers et gendarmes accompagn\u00e9s du d\u00e9ploiement des engins blind\u00e9s Centaure de la gendarmerie et de canons \u00e0 eau.<\/p>\n","protected":false},"excerpt":{"rendered":"\u00c0 deux jours d&rsquo;une nouvelle mobilisation d&rsquo;ampleur, la Ville de Nice anticipe. Si le r\u00e9seau Lignes d&rsquo;Azur, qui&hellip;\n","protected":false},"author":2,"featured_media":395144,"comment_status":"","ping_status":"","sticky":false,"template":"","format":"standard","meta":{"footnotes":""},"categories":[2819],"tags":[1111,11,1777,674,1011,27,802,803,12,2401,882,25,801],"class_list":{"0":"post-395143","1":"post","2":"type-post","3":"status-publish","4":"format-standard","5":"has-post-thumbnail","7":"category-nice","8":"tag-actu","9":"tag-actualites","10":"tag-eu","11":"tag-europe","12":"tag-fr","13":"tag-france","14":"tag-greves-et-mouvements-sociaux","15":"tag-info-trafic","16":"tag-news","17":"tag-nice","18":"tag-provence-alpes-cote-dazur","19":"tag-republique-francaise","20":"tag-social"},"share_on_mastodon":{"url":"https:\/\/pubeurope.com\/@fr\/115214211033267613","error":""},"_links":{"self":[{"href":"https:\/\/www.europesays.com\/fr\/wp-json\/wp\/v2\/posts\/395143","targetHints":{"allow":["GET"]}}],"collection":[{"href":"https:\/\/www.europesays.com\/fr\/wp-json\/wp\/v2\/posts"}],"about":[{"href":"https:\/\/www.europesays.com\/fr\/wp-json\/wp\/v2\/types\/post"}],"author":[{"embeddable":true,"href":"https:\/\/www.europesays.com\/fr\/wp-json\/wp\/v2\/users\/2"}],"replies":[{"embeddable":true,"href":"https:\/\/www.europesays.com\/fr\/wp-json\/wp\/v2\/comments?post=395143"}],"version-history":[{"count":0,"href":"https:\/\/www.europesays.com\/fr\/wp-json\/wp\/v2\/posts\/395143\/revisions"}],"wp:featuredmedia":[{"embeddable":true,"href":"https:\/\/www.europesays.com\/fr\/wp-json\/wp\/v2\/media\/395144"}],"wp:attachment":[{"href":"https:\/\/www.europesays.com\/fr\/wp-json\/wp\/v2\/media?parent=395143"}],"wp:term":[{"taxonomy":"category","embeddable":true,"href":"https:\/\/www.europesays.com\/fr\/wp-json\/wp\/v2\/categories?post=395143"},{"taxonomy":"post_tag","embeddable":true,"href":"https:\/\/www.europesays.com\/fr\/wp-json\/wp\/v2\/tags?post=395143"}],"curies":[{"name":"wp","href":"https:\/\/api.w.org\/{rel}","templated":true}]}}