{"id":395159,"date":"2025-09-16T13:35:15","date_gmt":"2025-09-16T13:35:15","guid":{"rendered":"https:\/\/www.europesays.com\/fr\/395159\/"},"modified":"2025-09-16T13:35:15","modified_gmt":"2025-09-16T13:35:15","slug":"apprenons-a-partager-la-rue-actualites","status":"publish","type":"post","link":"https:\/\/www.europesays.com\/fr\/395159\/","title":{"rendered":"Apprenons \u00e0 partager la rue \/ Actualit\u00e9s"},"content":{"rendered":"<p>\u00c0 Lille, la rentr\u00e9e se place sous le signe du partage\u2026 de l\u2019espace public !<\/p>\n<p>            <img loading=\"lazy\" decoding=\"async\" src=\"\/var\/www\/storage\/images\/mediatheque\/mairie-de-lille\/actualites\/images\/2025\/septembre-2025\/partage-espace-public-campagne\/3849238-1-fre-FR\/Partage-espace-public-campagne_news_image_top.jpg\" width=\"779\" height=\"518\" alt=\"\"\/><br \/>\n    \tUne rentr\u00e9e 2025 sous le sigtne du partage&#8230; de l&rsquo;espace public !<\/p>\n<p><strong>Cyclistes, pi\u00e9tons, automobilistes, usagers de trottinettes : nous partageons tous les m\u00eames rues.<\/strong><\/p>\n<p>Chaque jour, elles se transforment : de nouveaux am\u00e9nagements cyclables, des trottoirs \u00e9largis, des zones apais\u00e9es et des secteurs pi\u00e9tons redessinent notre ville. Ces \u00e9volutions facilitent la marche, le v\u00e9lo et les mobilit\u00e9s durables, mais elles modifient aussi nos habitudes et peuvent parfois cr\u00e9er des frictions entre usagers.<\/p>\n<p>Pour aider chacun \u00e0 trouver sa place et circuler en toute s\u00e9curit\u00e9, la Ville propose une <strong>campagne de sensibilisation<\/strong>, inspir\u00e9e des applications de rencontre. Son objectif : rappeler avec humour quelques r\u00e8gles simples et encourager plus de respect entre tous les modes de d\u00e9placement.<\/p>\n<p>Des messages pour faire sourire et r\u00e9fl\u00e9chir<\/p>\n<p>Dans les rues, vous croiserez des slogans qui interpellent :<\/p>\n<ul class=\"listPuce\">\n<li><strong>\u00ab Pour que \u00e7a matche, on \u00e9vite le rentre-dedans ! \u00bb<\/strong><\/li>\n<li><strong>\u00ab On veut du crush, pas du crash ! \u00bb<\/strong><\/li>\n<li><strong>\u00ab Flirtez, mais pas avec le danger. Ralentissez ! \u00bb<\/strong><\/li>\n<\/ul>\n<p>Le message est clair : mieux partager l\u2019espace public, c\u2019est plus de s\u00e9curit\u00e9, de s\u00e9r\u00e9nit\u00e9\u2026 et de convivialit\u00e9 pour tous.<\/p>\n<p>Code de la rue : le guide des bons r\u00e9flexes<\/p>\n<p>Pour accompagner cette campagne, le\u00a0<strong>Code de la rue,<\/strong>\u00a0mis \u00e0 disposition par la Ville, propose des conseils adapt\u00e9s \u00e0 chaque usager :<\/p>\n<ul class=\"listPuce\">\n<li><strong>Pour les cyclistes et trottinettistes<\/strong>\u00a0: voir et \u00eatre vu, \u00e9viter les angles morts, bien s\u2019\u00e9quiper, utiliser les am\u00e9nagements d\u00e9di\u00e9s (pistes cyclables, sas v\u00e9lo, v\u00e9lorues).<\/li>\n<li><strong>Pour les pi\u00e9tons<\/strong>\u00a0: utiliser les trottoirs et passages pi\u00e9tons, respecter les feux, \u00e9viter les zones r\u00e9serv\u00e9es aux cycles.<\/li>\n<li><strong>Pour les automobilistes et deux-roues motoris\u00e9s<\/strong>\u00a0: rester attentif aux usagers vuln\u00e9rables et conna\u00eetre les sanctions en cas d\u2019infraction.<\/li>\n<\/ul>\n<p>Ce guide illustr\u00e9 est un outil simple pour adopter de bonnes pratiques, mieux comprendre les r\u00e8gles et se rappeler que la priorit\u00e9 va toujours aux plus vuln\u00e9rables.<\/p>\n<p>Code de la rue                <\/p>\n<p>Si vous ne parvenez pas \u00e0 consulter le document, connectez-vous depuis un ordinateur de bureau.<\/p>\n<p>Tous acteurs d&rsquo;une rue plus sereine<\/p>\n<p>La s\u00e9curit\u00e9 et l\u2019apaisement de la rue d\u00e9pendent de chacun de nous. En adoptant les bons r\u00e9flexes, en restant attentifs et en respectant les r\u00e8gles, nous contribuons \u00e0 faire de l\u2019espace public un lieu plus s\u00fbr, plus apais\u00e9 et agr\u00e9able pour tous.<\/p>\n<p>Des conseils adapt\u00e9s \u00e0 votre pratiquePour<strong>\u00a0les cyclistes \/ trottinettistes<\/strong><\/p>\n<p>Une r\u00e8gle d\u2019or : voir et \u00eatre vu !<\/p>\n<ul class=\"listPuce\">\n<li><a href=\"https:\/\/www.lille.fr\/Mairie-de-Lille\/Lille-a-velo\/Code-de-la-rue\/Voir-et-etre-vu\" target=\"_self\" class=\"lien_interne\" rel=\"noopener\">Conseils<\/a>\u00a0pour \u00e9viter les dangers\u00a0des angles morts<\/li>\n<li><a href=\"https:\/\/www.lille.fr\/Mairie-de-Lille\/Lille-a-velo\/Code-de-la-rue\/Etre-bien-equipe\" target=\"_self\" class=\"lien_interne\" rel=\"noopener\">Comment s&rsquo;\u00e9quiper<\/a>\u00a0pour prendre la route (avec un focus sur les \u00e9quipements pour les enfants)<\/li>\n<li><a href=\"https:\/\/www.lille.fr\/Lille-a-velo\/La-Ville-agit\/De-nouveaux-amenagements-cyclables\" target=\"_self\" class=\"lien_interne\" rel=\"noopener\">Tous les am\u00e9nagements<\/a>\u00a0d\u00e9di\u00e9s \u00e0 votre pratique : les pistes cyclables, la voie verte, la v\u00e9lorue, le sas v\u00e9lo&#8230;<\/li>\n<\/ul>\n<p><strong>Pour les pi\u00e9tons<\/strong><\/p>\n<p><strong>Pour les voitures et les deux-roues<\/strong><\/p>\n<ul class=\"listPuce\">\n<li>Gr\u00e2ce \u00e0 des situations de la vie de tous les jours illustr\u00e9es,\u00a0<a href=\"https:\/\/www.lille.fr\/Mairie-de-Lille\/Vivre-a-Lille\/Me-deplacer\/En-voiture\/Apprenons-a-partager-la-rue\" target=\"_self\" class=\"lien_interne\" rel=\"noopener\">des conseils<\/a>\u00a0pour \u00eatre attentif\u00a0aux plus vuln\u00e9rables<\/li>\n<li>Mais aussi\u00a0<a href=\"https:\/\/www.lille.fr\/Mairie-de-Lille\/Vivre-a-Lille\/Me-deplacer\/En-voiture\/Apprenons-a-partager-la-rue\" target=\"_self\" class=\"lien_interne\" rel=\"noopener\">les amendes que l&rsquo;on risque<\/a>\u00a0en fonction de nos infractions<\/li>\n<\/ul>\n<p>Partout : faisons preuve de respect<\/p>\n<ul class=\"listPuce\">\n<li><strong>Respectons tous\u00a0le code de la route<\/strong>\u00a0en toute\u00a0circonstance<\/li>\n<\/ul>\n<ul class=\"listPuce\">\n<li><strong>Gardons notre sang-froid<\/strong>\u00a0et un comportement respectueux et courtois<\/li>\n<\/ul>\n<ul class=\"listPuce\">\n<li><strong>Restons constamment concentr\u00e9<\/strong>\u00a0lors de nos d\u00e9placements en sachant que notre attention peut \u00eatre perturb\u00e9e par le t\u00e9l\u00e9phone, la musique dans des \u00e9couteurs,<\/li>\n<\/ul>\n<ul class=\"listPuce\">\n<li><strong>\u00c9vitons de consommer, avant tout d\u00e9placement,<\/strong>\u00a0m\u00eame raisonnablement, toutes boissons alcoolis\u00e9es ou produits pouvant diminuer nos facult\u00e9s.<\/li>\n<\/ul>\n","protected":false},"excerpt":{"rendered":"\u00c0 Lille, la rentr\u00e9e se place sous le signe du partage\u2026 de l\u2019espace public ! Une rentr\u00e9e 2025&hellip;\n","protected":false},"author":2,"featured_media":394527,"comment_status":"","ping_status":"","sticky":false,"template":"","format":"standard","meta":{"footnotes":""},"categories":[2815],"tags":[1111,11,4763,1777,674,1011,27,811,1307,5415,12,25],"class_list":{"0":"post-395159","1":"post","2":"type-post","3":"status-publish","4":"format-standard","5":"has-post-thumbnail","7":"category-lille","8":"tag-actu","9":"tag-actualites","10":"tag-agenda","11":"tag-eu","12":"tag-europe","13":"tag-fr","14":"tag-france","15":"tag-hauts-de-france","16":"tag-lille","17":"tag-mairie","18":"tag-news","19":"tag-republique-francaise"},"share_on_mastodon":{"url":"https:\/\/pubeurope.com\/@fr\/115214242615738598","error":""},"_links":{"self":[{"href":"https:\/\/www.europesays.com\/fr\/wp-json\/wp\/v2\/posts\/395159","targetHints":{"allow":["GET"]}}],"collection":[{"href":"https:\/\/www.europesays.com\/fr\/wp-json\/wp\/v2\/posts"}],"about":[{"href":"https:\/\/www.europesays.com\/fr\/wp-json\/wp\/v2\/types\/post"}],"author":[{"embeddable":true,"href":"https:\/\/www.europesays.com\/fr\/wp-json\/wp\/v2\/users\/2"}],"replies":[{"embeddable":true,"href":"https:\/\/www.europesays.com\/fr\/wp-json\/wp\/v2\/comments?post=395159"}],"version-history":[{"count":0,"href":"https:\/\/www.europesays.com\/fr\/wp-json\/wp\/v2\/posts\/395159\/revisions"}],"wp:featuredmedia":[{"embeddable":true,"href":"https:\/\/www.europesays.com\/fr\/wp-json\/wp\/v2\/media\/394527"}],"wp:attachment":[{"href":"https:\/\/www.europesays.com\/fr\/wp-json\/wp\/v2\/media?parent=395159"}],"wp:term":[{"taxonomy":"category","embeddable":true,"href":"https:\/\/www.europesays.com\/fr\/wp-json\/wp\/v2\/categories?post=395159"},{"taxonomy":"post_tag","embeddable":true,"href":"https:\/\/www.europesays.com\/fr\/wp-json\/wp\/v2\/tags?post=395159"}],"curies":[{"name":"wp","href":"https:\/\/api.w.org\/{rel}","templated":true}]}}