{"id":395162,"date":"2025-09-16T13:37:12","date_gmt":"2025-09-16T13:37:12","guid":{"rendered":"https:\/\/www.europesays.com\/fr\/395162\/"},"modified":"2025-09-16T13:37:12","modified_gmt":"2025-09-16T13:37:12","slug":"ce-qui-est-prevu-a-marseille-et-dans-les-bouches-du-rhone-2","status":"publish","type":"post","link":"https:\/\/www.europesays.com\/fr\/395162\/","title":{"rendered":"ce qui est pr\u00e9vu \u00e0 Marseille et dans les Bouches-du-Rh\u00f4ne"},"content":{"rendered":"<p>            Par<br \/>\n        <strong><br \/>\n            <a href=\"https:\/\/actu.fr\/auteur\/thibault-nadal-actu-fr\" title=\"Consulter tous les articles de Thibault Nadal\" target=\"_blank\" rel=\"noopener\">Thibault Nadal<\/a><br \/>\n        <\/strong><\/p>\n<p>        Publi\u00e9 le<\/p>\n<p>            16 sept. 2025 \u00e0 15h34        <\/p>\n<p>La mobilisation sociale ne faiblit pas. Huit jours apr\u00e8s <a href=\"https:\/\/actu.fr\/provence-alpes-cote-d-azur\/marseille_13055\/bloquons-tout-le-10-septembre-a-marseille-interpellations-degradations-le-bilan-de-la-mobilisation_63146743.html\" target=\"_blank\" rel=\"noopener\">le mouvement \u00ab\u2009Bloquons tout\u2009\u00bb<\/a> organis\u00e9 sur les r\u00e9seaux sociaux, c\u2019est<strong> autour des syndicats<\/strong> d\u2019appeler \u00e0 <a href=\"https:\/\/actu.fr\/tag\/greve\" target=\"_blank\" rel=\"noopener\">une journ\u00e9e de gr\u00e8ve ce jeudi 18\u00a0septembre 2025<\/a>.<\/p>\n<p class=\" wall-content\">Voici ce que l\u2019on sait des <a href=\"https:\/\/actu.fr\/tag\/manifestations\" target=\"_blank\" rel=\"noopener\">manifestations<\/a> pr\u00e9vues \u00e0 <a href=\"https:\/\/actu.fr\/marseille\/\" target=\"_blank\" rel=\"noopener\">Marseille<\/a> et dans les Bouches-du-Rh\u00f4ne.<\/p>\n<p>Tous les secteurs concern\u00e9s<\/p>\n<p class=\" wall-content\">On s\u2019achemine vers <strong>un jeudi noir<\/strong>. Pour cette nouvelle journ\u00e9e de mobilisation sociale, l\u2019intersyndicale (CGT, CFDT, FO, FSU-Solidaires, CFTC et CFE-CGC) appelle \u00e0 \u00ab\u2009manifester et organiser la gr\u00e8ve partout o\u00f9 ce sera possible\u2009\u00bb, \u00e9crit <a href=\"https:\/\/www.laprovence.com\/article\/region\/61046705236273\/greve-du-18-septembre-partout-ou-ce-sera-possible-un-jeudi-noir-en-perspective-a-marseille\" target=\"_blank\" rel=\"noopener\">La Provence<\/a>.<\/p>\n<p class=\" wall-content\">De nombreux secteurs devraient \u00eatre concern\u00e9s \u00e0 commencer par ceux de la Ville et de la M\u00e9tropole. <strong>\u00ab\u2009Les services de la Ville de Marseille et de la M\u00e9tropole seront tr\u00e8s fortement impact\u00e9s\u2009\u00bb<\/strong>, promet Patrick Rue, secr\u00e9taire g\u00e9n\u00e9ral de Force Ouvri\u00e8re, le syndicat majoritaire dans les deux entit\u00e9s.<\/p>\n<p>    <a href=\"https:\/\/www.facebook.com\/plugins\/post.php?href=https%3A%2F%2Fwww.facebook.com%2FpatrickrueFO%2Fposts%2Fpfbid02HQJfMs5Xbu2g11yxFpYKXpJQiBztqbkrrj5mKJ875LfJGgGMSoSN9Y9wgoG63RTkl&amp;show_text=true&amp;width=350\" title=\"Ouvrie le lien\" target=\"_blank\" rel=\"noopener\">Cliquez ici pour visualiser le contenu<\/a><\/p>\n<p class=\" wall-content\">Par cons\u00e9quent, les <strong>cr\u00e8ches<\/strong>, <strong>les bureaux municipaux, la police municipale ou encore les \u00e9coles<\/strong> seront touch\u00e9s par ce mouvement. En gr\u00e8ve depuis plusieurs jours, les <strong>pharmaciens<\/strong> vont continuer leur mobilisation ce jeudi, occasionnant des difficult\u00e9s pour s\u2019approvisionner en m\u00e9dicaments.<\/p>\n<p class=\" wall-content\">Dans les <a href=\"https:\/\/actu.fr\/tag\/transport\" target=\"_blank\" rel=\"noopener\">transports<\/a>, le mouvement devrait \u00eatre tr\u00e8s suivi \u00e0 la <a href=\"https:\/\/actu.fr\/tag\/rtm\" target=\"_blank\" rel=\"noopener\">RTM<\/a>, mais les pr\u00e9visions ne sont pas encore connues, tout comme \u00e0 l\u2019a\u00e9roport de Marseille. \u00c0 la SNCF, le trafic des trains sera fortement perturb\u00e9. Les d\u00e9tails seront connus dans les prochains jours.<\/p>\n<p>Votre r\u00e9gion, votre actu !<\/p>\n<p>Recevez chaque jour les infos qui comptent pour vous.<\/p>\n<p>\t<a href=\"https:\/\/actu.fr\/newsletter\" class=\"ac-btn ac-btn--corner ac-btn--medium ac-btn--blue800\" target=\"_blank\" rel=\"noopener\">S&rsquo;incrire<\/a><br \/>\nLes principaux points de rendez-vous dans le d\u00e9partement<\/p>\n<p class=\" wall-content\">Pour cette journ\u00e9e de mobilisation sociale, plusieurs manifestations sont organis\u00e9es dans tout le d\u00e9partement. \u00c0 <strong>Marseille<\/strong>, le rendez-vous est donn\u00e9 \u00e0 10h30 sur <a href=\"https:\/\/actu.fr\/tag\/vieux-port\" target=\"_blank\" rel=\"noopener\">le Vieux-Port<\/a>.<\/p>\n<p>    <a href=\"https:\/\/www.facebook.com\/plugins\/post.php?href=https%3A%2F%2Fwww.facebook.com%2FSNESAixMars%2Fposts%2Fpfbid0nteQw4t8E9o2FE1F88EbjcXNGuZ5EjRxFrcBYkyWXoYpymK7crc51wJki14DYBYPl&amp;show_text=true&amp;width=350\" title=\"Ouvrie le lien\" target=\"_blank\" rel=\"noopener\">Cliquez ici pour visualiser le contenu<\/a><\/p>\n<p class=\" wall-content\">Un horaire qui sera le m\u00eame dans les Bouches-du-Rh\u00f4ne\u2009: \u00e0 <a href=\"https:\/\/actu.fr\/provence-alpes-cote-d-azur\/arles_13004\" target=\"_blank\" rel=\"noopener\">Arles<\/a>, les manifestants se rejoindront devant le <strong>Kiosque \u00e0 musique<\/strong>, tandis qu\u2019il faudra se rendre devant le <strong>rectorat<\/strong> \u00e0 <a href=\"https:\/\/actu.fr\/provence-alpes-cote-d-azur\/aix-en-provence_13001\" target=\"_blank\" rel=\"noopener\">Aix-en-Provence<\/a>.<\/p>\n<p class=\" wall-content\">Personnalisez votre actualit\u00e9 en ajoutant vos villes et m\u00e9dias en favori avec <a href=\"https:\/\/moncompte.actu.fr\" title=\"D\u00e9couvez Mon Actu\" rel=\"nofollow noopener\" data-trk=\"{&quot;cta&quot;:{&quot;action&quot;:&quot;https:\\\/\\\/moncompte.actu.fr&quot;,&quot;category&quot;:&quot;mon compte&quot;,&quot;from&quot;:&quot;article footer&quot;,&quot;name&quot;:&quot;Mon actu&quot;,&quot;type&quot;:&quot;cta&quot;}}\" target=\"_blank\">Mon Actu<\/a>.<\/p>\n","protected":false},"excerpt":{"rendered":"Par Thibault Nadal Publi\u00e9 le 16 sept. 2025 \u00e0 15h34 La mobilisation sociale ne faiblit pas. Huit jours&hellip;\n","protected":false},"author":2,"featured_media":153104,"comment_status":"","ping_status":"","sticky":false,"template":"","format":"standard","meta":{"footnotes":""},"categories":[2814],"tags":[1111,11,1777,674,1011,27,52713,1272,884,12,882,25,104,1179],"class_list":{"0":"post-395162","1":"post","2":"type-post","3":"status-publish","4":"format-standard","5":"has-post-thumbnail","7":"category-marseille","8":"tag-actu","9":"tag-actualites","10":"tag-eu","11":"tag-europe","12":"tag-fr","13":"tag-france","14":"tag-greve-du-18-septembre","15":"tag-manifestations","16":"tag-marseille","17":"tag-news","18":"tag-provence-alpes-cote-dazur","19":"tag-republique-francaise","20":"tag-societe","21":"tag-vieux-port"},"share_on_mastodon":{"url":"https:\/\/pubeurope.com\/@fr\/115214250404137372","error":""},"_links":{"self":[{"href":"https:\/\/www.europesays.com\/fr\/wp-json\/wp\/v2\/posts\/395162","targetHints":{"allow":["GET"]}}],"collection":[{"href":"https:\/\/www.europesays.com\/fr\/wp-json\/wp\/v2\/posts"}],"about":[{"href":"https:\/\/www.europesays.com\/fr\/wp-json\/wp\/v2\/types\/post"}],"author":[{"embeddable":true,"href":"https:\/\/www.europesays.com\/fr\/wp-json\/wp\/v2\/users\/2"}],"replies":[{"embeddable":true,"href":"https:\/\/www.europesays.com\/fr\/wp-json\/wp\/v2\/comments?post=395162"}],"version-history":[{"count":0,"href":"https:\/\/www.europesays.com\/fr\/wp-json\/wp\/v2\/posts\/395162\/revisions"}],"wp:featuredmedia":[{"embeddable":true,"href":"https:\/\/www.europesays.com\/fr\/wp-json\/wp\/v2\/media\/153104"}],"wp:attachment":[{"href":"https:\/\/www.europesays.com\/fr\/wp-json\/wp\/v2\/media?parent=395162"}],"wp:term":[{"taxonomy":"category","embeddable":true,"href":"https:\/\/www.europesays.com\/fr\/wp-json\/wp\/v2\/categories?post=395162"},{"taxonomy":"post_tag","embeddable":true,"href":"https:\/\/www.europesays.com\/fr\/wp-json\/wp\/v2\/tags?post=395162"}],"curies":[{"name":"wp","href":"https:\/\/api.w.org\/{rel}","templated":true}]}}