{"id":395163,"date":"2025-09-16T13:38:11","date_gmt":"2025-09-16T13:38:11","guid":{"rendered":"https:\/\/www.europesays.com\/fr\/395163\/"},"modified":"2025-09-16T13:38:11","modified_gmt":"2025-09-16T13:38:11","slug":"un-lyonnais-de-25-ans-condamne-a-du-sursis-probatoire","status":"publish","type":"post","link":"https:\/\/www.europesays.com\/fr\/395163\/","title":{"rendered":"un Lyonnais de 25 ans condamn\u00e9 \u00e0 du sursis probatoire"},"content":{"rendered":"<p>Le 7\u00a0ao\u00fbt 2025, entre les murs de la cit\u00e9 m\u00e9di\u00e9vale fortifi\u00e9e de Carcassonne (Aude), quelques policiers s\u2019affairent \u00e0 mettre le grappin sur un certain Julien L., r\u00e9sidant suppos\u00e9ment au 11, rue des \u00c9tudes, au sud de la ville. Sur place, nulle trace dudit suspect, mais une odeur suspecte \u00e9manant des parties communes de l\u2019immeuble pousse les agents \u00e0 franchir le seuil d\u2019un appartement situ\u00e9 au premier \u00e9tage, <a href=\"https:\/\/www.lindependant.fr\/2025\/09\/16\/apres-la-saisie-de-1726-kg-de-cannabis-74-g-de-cocaine-19-g-de-mdma-et-3-305-eur-en-espece-a-carcassonne-la-nourrice-ecope-dun-sursis-probatoire-12933215.php\" target=\"_blank\" rel=\"noopener\">comme le rapporte l\u2019Ind\u00e9pendant<\/a>.<\/p>\n<p>Les fragrances de cannabis m\u00e8nent les forces de l\u2019ordre jusqu\u2019\u00e0 un beau petit stock de stup\u00e9fiants\u00a0: 1,441\u00a0kg de r\u00e9sine et 285\u00a0g d\u2019herbe de cannabis, ainsi que 74\u00a0g de coca\u00efne, 19\u00a0g de MDMA, deux balances \u00e9lectroniques et la somme de 3\u00a0305\u00a0\u20ac en num\u00e9raires.<\/p>\n<p>   Nourrice pour ne pas \u00ab\u00a0\u00eatre \u00e0 la rue\u00a0\u00bb <\/p>\n<p>Le Lyonnais de 25 ans qui occupait le logement, un certain Jordan, \u00e9tait jug\u00e9 ce lundi 15\u00a0septembre au tribunal de Carcassonne. Il a reconnu jouer le r\u00f4le de \u00ab\u00a0nourrice\u00a0\u00bb depuis deux ans pour une personne que le jeune homme assure ne pas conna\u00eetre\u00a0: \u00ab\u00a0Il venait chez moi quand j\u2019\u00e9tais au sport. Il avait un double des cl\u00e9s.\u00a0\u00bb <\/p>\n<p>Tout \u00e7a pour, selon lui, pouvoir payer son logement et ne pas \u00ab\u00a0\u00eatre \u00e0 la rue\u00a0\u00bb. Sans ant\u00e9c\u00e9dents judiciaires, le pr\u00e9venu \u00e9cope finalement de neuf mois de prison assortis d\u2019un sursis probatoire pour une dur\u00e9e de deux ans, comme le rapportent encore nos confr\u00e8res.<\/p>\n","protected":false},"excerpt":{"rendered":"Le 7\u00a0ao\u00fbt 2025, entre les murs de la cit\u00e9 m\u00e9di\u00e9vale fortifi\u00e9e de Carcassonne (Aude), quelques policiers s\u2019affairent \u00e0&hellip;\n","protected":false},"author":2,"featured_media":395164,"comment_status":"","ping_status":"","sticky":false,"template":"","format":"standard","meta":{"footnotes":""},"categories":[1889],"tags":[1111,11,2430,271,272,2757,1777,674,274,107,1011,27,2428,2756,12,25,2429],"class_list":{"0":"post-395163","1":"post","2":"type-post","3":"status-publish","4":"format-standard","5":"has-post-thumbnail","7":"category-lyon","8":"tag-actu","9":"tag-actualites","10":"tag-auvergne-rhone-alpes","11":"tag-crime","12":"tag-delit-et-contravention","13":"tag-edition-lyon-villeurbanne","14":"tag-eu","15":"tag-europe","16":"tag-faits-divers-justice","17":"tag-fil-info","18":"tag-fr","19":"tag-france","20":"tag-lyon","21":"tag-lyon-bassin","22":"tag-news","23":"tag-republique-francaise","24":"tag-rhone"},"share_on_mastodon":{"url":"https:\/\/pubeurope.com\/@fr\/115214254391118275","error":""},"_links":{"self":[{"href":"https:\/\/www.europesays.com\/fr\/wp-json\/wp\/v2\/posts\/395163","targetHints":{"allow":["GET"]}}],"collection":[{"href":"https:\/\/www.europesays.com\/fr\/wp-json\/wp\/v2\/posts"}],"about":[{"href":"https:\/\/www.europesays.com\/fr\/wp-json\/wp\/v2\/types\/post"}],"author":[{"embeddable":true,"href":"https:\/\/www.europesays.com\/fr\/wp-json\/wp\/v2\/users\/2"}],"replies":[{"embeddable":true,"href":"https:\/\/www.europesays.com\/fr\/wp-json\/wp\/v2\/comments?post=395163"}],"version-history":[{"count":0,"href":"https:\/\/www.europesays.com\/fr\/wp-json\/wp\/v2\/posts\/395163\/revisions"}],"wp:featuredmedia":[{"embeddable":true,"href":"https:\/\/www.europesays.com\/fr\/wp-json\/wp\/v2\/media\/395164"}],"wp:attachment":[{"href":"https:\/\/www.europesays.com\/fr\/wp-json\/wp\/v2\/media?parent=395163"}],"wp:term":[{"taxonomy":"category","embeddable":true,"href":"https:\/\/www.europesays.com\/fr\/wp-json\/wp\/v2\/categories?post=395163"},{"taxonomy":"post_tag","embeddable":true,"href":"https:\/\/www.europesays.com\/fr\/wp-json\/wp\/v2\/tags?post=395163"}],"curies":[{"name":"wp","href":"https:\/\/api.w.org\/{rel}","templated":true}]}}