{"id":395165,"date":"2025-09-16T13:39:13","date_gmt":"2025-09-16T13:39:13","guid":{"rendered":"https:\/\/www.europesays.com\/fr\/395165\/"},"modified":"2025-09-16T13:39:13","modified_gmt":"2025-09-16T13:39:13","slug":"le-metro-a-de-nouveau-arrete-ce-mardi-a-lyon","status":"publish","type":"post","link":"https:\/\/www.europesays.com\/fr\/395165\/","title":{"rendered":"le m\u00e9tro A de nouveau arr\u00eat\u00e9 ce mardi \u00e0 Lyon"},"content":{"rendered":"<p>                            <img loading=\"lazy\" width=\"1136\" height=\"710\" class=\"attachment-article size-article wp-post-image lazyload\" alt=\"\" decoding=\"async\" src=\"https:\/\/www.europesays.com\/fr\/wp-content\/uploads\/2025\/08\/Ligne-de-metro-A-@Clemence-Margall-e1754401241215.jpg\" data-eio-rwidth=\"1136\" data-eio-rheight=\"710\"\/><\/p>\n<p>Ligne de m\u00e9tro A (@Cl\u00e9mence Margall)<\/p>\n<p class=\"content\" style=\"font-size:1.2em;font-weight:700\">Le m\u00e9tro A est \u00e0 l&rsquo;arr\u00eat ce mardi \u00e0 Lyon. La reprise est estim\u00e9e \u00e0 16 h 30.<\/p>\n<p>Apr\u00e8s une importante panne ce lundi soir, la ligne A du m\u00e9tro est \u00e0 l&rsquo;arr\u00eat ce mardi sur le r\u00e9seau TCL depuis environ 14 h 40 en raison d&rsquo;une panne. \u00ab\u00a0Nous mettons \u00e0 votre disposition des bus relais qui desservent les stations de Charpennes \u00e0 La Soie\u00a0\u00bb, indique le Sytral. <\/p>\n<p>Initialement pr\u00e9vue pour 15 h 15, la reprise est pour l&rsquo;instant estim\u00e9e \u00e0 16 h 30.<\/p>\n","protected":false},"excerpt":{"rendered":"Ligne de m\u00e9tro A (@Cl\u00e9mence Margall) Le m\u00e9tro A est \u00e0 l&rsquo;arr\u00eat ce mardi \u00e0 Lyon. La reprise&hellip;\n","protected":false},"author":2,"featured_media":312605,"comment_status":"","ping_status":"","sticky":false,"template":"","format":"standard","meta":{"footnotes":""},"categories":[1889],"tags":[1111,11,2430,1777,674,1011,27,2428,12,25],"class_list":{"0":"post-395165","1":"post","2":"type-post","3":"status-publish","4":"format-standard","5":"has-post-thumbnail","7":"category-lyon","8":"tag-actu","9":"tag-actualites","10":"tag-auvergne-rhone-alpes","11":"tag-eu","12":"tag-europe","13":"tag-fr","14":"tag-france","15":"tag-lyon","16":"tag-news","17":"tag-republique-francaise"},"share_on_mastodon":{"url":"https:\/\/pubeurope.com\/@fr\/115214258641353526","error":""},"_links":{"self":[{"href":"https:\/\/www.europesays.com\/fr\/wp-json\/wp\/v2\/posts\/395165","targetHints":{"allow":["GET"]}}],"collection":[{"href":"https:\/\/www.europesays.com\/fr\/wp-json\/wp\/v2\/posts"}],"about":[{"href":"https:\/\/www.europesays.com\/fr\/wp-json\/wp\/v2\/types\/post"}],"author":[{"embeddable":true,"href":"https:\/\/www.europesays.com\/fr\/wp-json\/wp\/v2\/users\/2"}],"replies":[{"embeddable":true,"href":"https:\/\/www.europesays.com\/fr\/wp-json\/wp\/v2\/comments?post=395165"}],"version-history":[{"count":0,"href":"https:\/\/www.europesays.com\/fr\/wp-json\/wp\/v2\/posts\/395165\/revisions"}],"wp:featuredmedia":[{"embeddable":true,"href":"https:\/\/www.europesays.com\/fr\/wp-json\/wp\/v2\/media\/312605"}],"wp:attachment":[{"href":"https:\/\/www.europesays.com\/fr\/wp-json\/wp\/v2\/media?parent=395165"}],"wp:term":[{"taxonomy":"category","embeddable":true,"href":"https:\/\/www.europesays.com\/fr\/wp-json\/wp\/v2\/categories?post=395165"},{"taxonomy":"post_tag","embeddable":true,"href":"https:\/\/www.europesays.com\/fr\/wp-json\/wp\/v2\/tags?post=395165"}],"curies":[{"name":"wp","href":"https:\/\/api.w.org\/{rel}","templated":true}]}}