{"id":395168,"date":"2025-09-16T13:41:14","date_gmt":"2025-09-16T13:41:14","guid":{"rendered":"https:\/\/www.europesays.com\/fr\/395168\/"},"modified":"2025-09-16T13:41:14","modified_gmt":"2025-09-16T13:41:14","slug":"formation-cegb-niveau-1-ouverte-ligue-de-paris-ile-de-france","status":"publish","type":"post","link":"https:\/\/www.europesays.com\/fr\/395168\/","title":{"rendered":"FORMATION CEGB NIVEAU 1 OUVERTE \u2013 LIGUE DE PARIS ILE-DE-FRANCE"},"content":{"rendered":"<p>                    <img width=\"611\" height=\"378\" src=\"https:\/\/www.europesays.com\/fr\/wp-content\/uploads\/2025\/09\/235ef11c-3b89-4e6f-900a-b6bcde470983-611x378.jpg\" class=\"vignette-large wp-post-image\" alt=\"\" decoding=\"async\" fetchpriority=\"high\"  \/>                    <\/p>\n<p>\n                        FORMATION CEGB NIVEAU 1 OUVERTE\n                    <\/p>\n<p style=\"text-align: justify;\">Une formation CEGB (Certificat Entra\u00eeneur Gardien de But) Niveau 1 est ouverte et se tiendra au Campus Domaine de Morfond\u00e9 du 27 au 29 octobre 2025. Retrouvez toutes les informations n\u00e9cessaires sur ce module ci-dessous.<\/p>\n<p style=\"text-align: justify;\">L\u2019\u00e9quipe technique r\u00e9gionale de la LPIFF vous propose une formation d\u2019Entraineur de Gardien de But Niveau 1 en octobre. D\u00e9couvrez ci-dessous les objectifs de cette formation, les pr\u00e9-requis pour s\u2019y inscrire et enfin le programme du module. <strong>Si vous \u00eates int\u00e9ress\u00e9 et \u00e9ligible \u00e0 cette formation, n\u2019attendez pas et inscrivez vous d\u00e8s maintenant !<\/strong><\/p>\n<p style=\"text-align: justify;\"><img loading=\"lazy\" decoding=\"async\" class=\"alignnone size-full wp-image-78074\" src=\"https:\/\/www.europesays.com\/fr\/wp-content\/uploads\/2025\/09\/d498cd88-e012-45bc-85ff-496a73c14c4f.jpg\" alt=\"\" width=\"1200\" height=\"999\"  \/><\/p>\n<p style=\"text-align: justify;\"><strong>Dates de formation :<\/strong> du 27 au 29 octobre 2025<\/p>\n<p style=\"text-align: justify;\"><strong>Objectifs<\/strong><\/p>\n<p style=\"text-align: justify;\">Perfectionner et accompagner les gardiens de but seniors (H\/F) dans le cadre de l\u2019entra\u00eenement et de la comp\u00e9tition de haut niveau amateur.<\/p>\n<p style=\"text-align: justify;\"><strong>Public concern\u00e9<\/strong><\/p>\n<p style=\"text-align: justify;\">\u00c9ducateurs(trices), entra\u00eeneurs.<\/p>\n<p style=\"text-align: justify;\"><strong>Pr\u00e9-requis<\/strong><\/p>\n<ul style=\"text-align: justify;\">\n<li>\u00catre licenci\u00e9(e) F.F.F.<\/li>\n<li>Justifier de 3 saisons d\u2019exp\u00e9rience comme joueur au poste de GB (niveau r\u00e9gional jeunes ou d\u00e9partemental seniors minimum)<\/li>\n<li>Justifier de 3 saisons d\u2019exp\u00e9rience dans l\u2019encadrement de GB (m\u00eames niveaux minimum)<\/li>\n<li>\u00catre en charge durant la saison d\u2019un groupe GB U19 r\u00e9gional ou seniors d\u00e9partemental minimum<br \/>Et :<\/li>\n<li>\u00catre titulaire du CFI Seniors ou du CFF3 certifi\u00e9<br \/>Ou<\/li>\n<li>Avoir \u00e9t\u00e9 joueur en Ligue 1, Ligue 2, National, N2, N3 ou D1 Futsal avec 100 matchs seniors minimum<br \/>Ou<\/li>\n<li>Avoir \u00e9t\u00e9 joueuse en D1 ou D2 f\u00e9minine seniors avec 100 matchs minimum<\/li>\n<\/ul>\n<p style=\"text-align: justify;\"><strong>Programme (24h)<\/strong><\/p>\n<ul style=\"text-align: justify;\">\n<li style=\"text-align: justify;\">Connaissance du public et de ses probl\u00e9matiques<\/li>\n<li style=\"text-align: justify;\">Contexte club de haut niveau R\u00e9gional \/ N2 \/ N3 \/ D2F<\/li>\n<li style=\"text-align: justify;\">Le GB et le jeu : situations de jeu, int\u00e9gration au collectif, r\u00f4le de l\u2019entra\u00eeneur de GB dans le staff<\/li>\n<li style=\"text-align: justify;\">Rappels physiologiques : travail athl\u00e9tique en amateur, diff\u00e9rences H\/F<\/li>\n<li style=\"text-align: justify;\">Optimisation de la performance mentale : outils \u00e0 disposition de l\u2019entra\u00eeneur<\/li>\n<\/ul>\n<p style=\"text-align: justify;\">Pour vous inscrire \u00e0 cette formation, <a href=\"https:\/\/maformation.fff.fr\/formation\/95-gardien-de-but-niveau-1-module-24h.html\" rel=\"nofollow noopener\" target=\"_blank\">cliquez ici<\/a> !<\/p>\n<p>Par<br \/>\n                     Mathieu<br \/>\n                     DEVILLE CAVELLIN\n                <\/p>\n","protected":false},"excerpt":{"rendered":"FORMATION CEGB NIVEAU 1 OUVERTE Une formation CEGB (Certificat Entra\u00eeneur Gardien de But) Niveau 1 est ouverte et&hellip;\n","protected":false},"author":2,"featured_media":395169,"comment_status":"","ping_status":"","sticky":false,"template":"","format":"standard","meta":{"footnotes":""},"categories":[1592],"tags":[1111,11,1777,674,1011,27,662,12,626,25],"class_list":{"0":"post-395168","1":"post","2":"type-post","3":"status-publish","4":"format-standard","5":"has-post-thumbnail","7":"category-ile-de-france","8":"tag-actu","9":"tag-actualites","10":"tag-eu","11":"tag-europe","12":"tag-fr","13":"tag-france","14":"tag-ile-de-france","15":"tag-news","16":"tag-paris","17":"tag-republique-francaise"},"share_on_mastodon":{"url":"https:\/\/pubeurope.com\/@fr\/115214266548620959","error":""},"_links":{"self":[{"href":"https:\/\/www.europesays.com\/fr\/wp-json\/wp\/v2\/posts\/395168","targetHints":{"allow":["GET"]}}],"collection":[{"href":"https:\/\/www.europesays.com\/fr\/wp-json\/wp\/v2\/posts"}],"about":[{"href":"https:\/\/www.europesays.com\/fr\/wp-json\/wp\/v2\/types\/post"}],"author":[{"embeddable":true,"href":"https:\/\/www.europesays.com\/fr\/wp-json\/wp\/v2\/users\/2"}],"replies":[{"embeddable":true,"href":"https:\/\/www.europesays.com\/fr\/wp-json\/wp\/v2\/comments?post=395168"}],"version-history":[{"count":0,"href":"https:\/\/www.europesays.com\/fr\/wp-json\/wp\/v2\/posts\/395168\/revisions"}],"wp:featuredmedia":[{"embeddable":true,"href":"https:\/\/www.europesays.com\/fr\/wp-json\/wp\/v2\/media\/395169"}],"wp:attachment":[{"href":"https:\/\/www.europesays.com\/fr\/wp-json\/wp\/v2\/media?parent=395168"}],"wp:term":[{"taxonomy":"category","embeddable":true,"href":"https:\/\/www.europesays.com\/fr\/wp-json\/wp\/v2\/categories?post=395168"},{"taxonomy":"post_tag","embeddable":true,"href":"https:\/\/www.europesays.com\/fr\/wp-json\/wp\/v2\/tags?post=395168"}],"curies":[{"name":"wp","href":"https:\/\/api.w.org\/{rel}","templated":true}]}}