{"id":395170,"date":"2025-09-16T13:42:12","date_gmt":"2025-09-16T13:42:12","guid":{"rendered":"https:\/\/www.europesays.com\/fr\/395170\/"},"modified":"2025-09-16T13:42:12","modified_gmt":"2025-09-16T13:42:12","slug":"info-rtl-greve-du-18-septembre-la-ratp-prevoit-une-journee-noire-dans-les-transports-a-paris-seules-3-lignes-de-metro-fonctionneront-normalement","status":"publish","type":"post","link":"https:\/\/www.europesays.com\/fr\/395170\/","title":{"rendered":"INFO RTL &#8211; Gr\u00e8ve du 18 septembre : la RATP pr\u00e9voit une journ\u00e9e noire dans les transports \u00e0 Paris, seules 3 lignes de m\u00e9tro fonctionneront normalement"},"content":{"rendered":"<p class=\"article-p mdl\">Journ\u00e9e noire en perspective pour les usagers des transports en commun en \u00cele-de-France. La RATP pr\u00e9voit \u00ab\u00a0un trafic perturb\u00e9 sur l&rsquo;ensemble de son r\u00e9seau\u00a0\u00bb lors de\u00a0<a class=\"link\" href=\"https:\/\/www.rtl.fr\/actu\/debats-societe\/greves-dans-les-transports-pharmacies-ecoles-vers-une-journee-noire-le-18-septembre-7900541747\" title=\"Gr\u00e8ves dans les transports, \u00e9coles, pharmacies ... Vers une journ\u00e9e noire le 18 septembre ?\" target=\"_blank\" rel=\"noopener\">la gr\u00e8ve du jeudi 18 septembre<\/a>\u00a0et invite les voyageurs qui le peuvent \u00e0 t\u00e9l\u00e9travailler ou \u00e0 reporter leurs d\u00e9placements, a appris RTL.<\/p>\n<p class=\"article-p mdl\">Dans le d\u00e9tail, <strong>seules 3 lignes de m\u00e9tro seront fonctionnelles<\/strong>. Il s&rsquo;agit des lignes automatiques : la 1, la 4 et la 14. Sur les autres &#8211; la 2, la 3, la 3bis, la 5, la 6, la 7, la 7bis, la 8, la 9, la 10, la 11, la 12 et la 13 &#8211; le trafic sera assur\u00e9 uniquement aux heures de pointe.<\/p>\n<p class=\"article-p mdl\">M\u00eames difficult\u00e9s sur les RER A et B avec un trafic perturb\u00e9. Concernant les lignes de bus, certaines lignes pourraient \u00eatre totalement ferm\u00e9es.<\/p>\n<p class=\"article-p mdl\"><strong>Plus d&rsquo;informations dans quelques instants sur RTL.fr.<\/strong><\/p>\n<p class=\"s-newsletter__title\">\n                L\u2019actualit\u00e9 par la r\u00e9daction de RTL dans votre bo\u00eete mail.\n            <\/p>\n<p class=\"s-newsletter__subtitle\">\n                Gr\u00e2ce \u00e0 votre compte RTL abonnez-vous \u00e0 la newsletter RTL info pour suivre toute l&rsquo;actualit\u00e9 au quotidien\n            <\/p>\n<p>\n                                    Lire la suite\n                                <\/p>\n","protected":false},"excerpt":{"rendered":"Journ\u00e9e noire en perspective pour les usagers des transports en commun en \u00cele-de-France. La RATP pr\u00e9voit \u00ab\u00a0un trafic&hellip;\n","protected":false},"author":2,"featured_media":69818,"comment_status":"","ping_status":"","sticky":false,"template":"","format":"standard","meta":{"footnotes":""},"categories":[1888],"tags":[1111,1928,11,1927,898,1777,674,107,1011,27,6151,1922,12,1926,626,1925,625,25],"class_list":{"0":"post-395170","1":"post","2":"type-post","3":"status-publish","4":"format-standard","5":"has-post-thumbnail","7":"category-paris","8":"tag-actu","9":"tag-actu-paris","10":"tag-actualites","11":"tag-actualites-paris","12":"tag-alerte","13":"tag-eu","14":"tag-europe","15":"tag-fil-info","16":"tag-fr","17":"tag-france","18":"tag-greve","19":"tag-info","20":"tag-news","21":"tag-news-paris","22":"tag-paris","23":"tag-paris-news","24":"tag-ratp","25":"tag-republique-francaise"},"share_on_mastodon":{"url":"https:\/\/pubeurope.com\/@fr\/115214270279384318","error":""},"_links":{"self":[{"href":"https:\/\/www.europesays.com\/fr\/wp-json\/wp\/v2\/posts\/395170","targetHints":{"allow":["GET"]}}],"collection":[{"href":"https:\/\/www.europesays.com\/fr\/wp-json\/wp\/v2\/posts"}],"about":[{"href":"https:\/\/www.europesays.com\/fr\/wp-json\/wp\/v2\/types\/post"}],"author":[{"embeddable":true,"href":"https:\/\/www.europesays.com\/fr\/wp-json\/wp\/v2\/users\/2"}],"replies":[{"embeddable":true,"href":"https:\/\/www.europesays.com\/fr\/wp-json\/wp\/v2\/comments?post=395170"}],"version-history":[{"count":0,"href":"https:\/\/www.europesays.com\/fr\/wp-json\/wp\/v2\/posts\/395170\/revisions"}],"wp:featuredmedia":[{"embeddable":true,"href":"https:\/\/www.europesays.com\/fr\/wp-json\/wp\/v2\/media\/69818"}],"wp:attachment":[{"href":"https:\/\/www.europesays.com\/fr\/wp-json\/wp\/v2\/media?parent=395170"}],"wp:term":[{"taxonomy":"category","embeddable":true,"href":"https:\/\/www.europesays.com\/fr\/wp-json\/wp\/v2\/categories?post=395170"},{"taxonomy":"post_tag","embeddable":true,"href":"https:\/\/www.europesays.com\/fr\/wp-json\/wp\/v2\/tags?post=395170"}],"curies":[{"name":"wp","href":"https:\/\/api.w.org\/{rel}","templated":true}]}}