{"id":395171,"date":"2025-09-16T13:43:12","date_gmt":"2025-09-16T13:43:12","guid":{"rendered":"https:\/\/www.europesays.com\/fr\/395171\/"},"modified":"2025-09-16T13:43:12","modified_gmt":"2025-09-16T13:43:12","slug":"quatre-blesses-a-bord-dun-vol-entre-la-guadeloupe-et-paris","status":"publish","type":"post","link":"https:\/\/www.europesays.com\/fr\/395171\/","title":{"rendered":"quatre bless\u00e9s \u00e0 bord d\u2019un vol entre la Guadeloupe et Paris"},"content":{"rendered":"<p class=\"mb-4 text-lg md:leading-8 break-words\"><strong>frayeur &#8211; Quatre personnes ont \u00e9t\u00e9 bless\u00e9es apr\u00e8s de fortes turbulences survenues sur un vol Air France. L\u2019avion \u00e9tait parti de Pointe-\u00e0-Pitre, en Guadeloupe, et se rendait \u00e0 l\u2019a\u00e9roport de Paris-Orly<\/strong><\/p>\n<p class=\"mb-4 text-lg md:leading-8 break-words\">Grosse frayeur \u00e0 bord d\u2019un vol <a href=\"https:\/\/www.20minutes.fr\/economie\/air_france\/?at_medium=RSS%20feed&amp;at_campaign=ynews&amp;utm_source=yahoo&amp;utm_medium=rss&amp;utm_campaign=news_feed&amp;utm_content=in_article_link\" rel=\"nofollow noopener\" target=\"_blank\" data-ylk=\"slk:Air France;elm:context_link;itc:0;sec:content-canvas\" class=\"link \">Air France<\/a> entre\u00a0Pointe-\u00e0-Pitre (<a href=\"https:\/\/www.20minutes.fr\/france\/guadeloupe\/?at_medium=RSS%20feed&amp;at_campaign=ynews&amp;utm_source=yahoo&amp;utm_medium=rss&amp;utm_campaign=news_feed&amp;utm_content=in_article_link\" rel=\"nofollow noopener\" target=\"_blank\" data-ylk=\"slk:Guadeloupe;elm:context_link;itc:0;sec:content-canvas\" class=\"link \">Guadeloupe<\/a>) et <a href=\"https:\/\/www.20minutes.fr\/dossier\/orly?at_medium=RSS%20feed&amp;at_campaign=ynews&amp;utm_source=yahoo&amp;utm_medium=rss&amp;utm_campaign=news_feed&amp;utm_content=in_article_link\" rel=\"nofollow noopener\" target=\"_blank\" data-ylk=\"slk:Paris-Orly;elm:context_link;itc:0;sec:content-canvas\" class=\"link \">Paris-Orly<\/a> (Val-de-Marne). Jeudi 11\u00a0septembre, l\u2019avion, qui transportait 494 personnes, a travers\u00e9 un \u00ab\u00a0\u00e9pisode d\u2019<a href=\"https:\/\/www.20minutes.fr\/societe\/orage\/?at_medium=RSS%20feed&amp;at_campaign=ynews&amp;utm_source=yahoo&amp;utm_medium=rss&amp;utm_campaign=news_feed&amp;utm_content=in_article_link\" rel=\"nofollow noopener\" target=\"_blank\" data-ylk=\"slk:orages;elm:context_link;itc:0;sec:content-canvas\" class=\"link \">orages<\/a>\u00a0\u00bb de \u00ab\u00a0moins d\u2019une minute\u00a0\u00bb, a indiqu\u00e9 la compagnie a\u00e9rienne \u00e0 <a href=\"https:\/\/actu.fr\/ile-de-france\/orly_94054\/nourriture-au-sol-blesses-legers-un-vol-reliant-pointe-a-pitre-a-orly-cause-des-sueurs-froides_63160024.html?at_medium=RSS%20feed&amp;at_campaign=ynews&amp;utm_source=yahoo&amp;utm_medium=rss&amp;utm_campaign=news_feed&amp;utm_content=in_article_link\" rel=\"nofollow noopener\" target=\"_blank\" data-ylk=\"slk:actu Paris;elm:context_link;itc:0;sec:content-canvas\" class=\"link \">actu Paris<\/a>.<\/p>\n<p class=\"mb-4 text-lg md:leading-8 break-words\">Ces quelques secondes ont n\u00e9anmoins paru une \u00e9ternit\u00e9 pour les passagers et les membres d\u2019\u00e9quipage. L\u2019appareil a en effet \u00e9t\u00e9 secou\u00e9 par de fortes turbulences. Les images publi\u00e9es sur les r\u00e9seaux sociaux par Air Plus News t\u00e9moignent de la violence de celles-ci. Sur la vid\u00e9o, on voit de la nourriture dans le couloir de l\u2019<a href=\"https:\/\/www.20minutes.fr\/dossier\/avion?at_medium=RSS%20feed&amp;at_campaign=ynews&amp;utm_source=yahoo&amp;utm_medium=rss&amp;utm_campaign=news_feed&amp;utm_content=in_article_link\" rel=\"nofollow noopener\" target=\"_blank\" data-ylk=\"slk:avion;elm:context_link;itc:0;sec:content-canvas\" class=\"link \">avion<\/a> et, \u00e0 l\u2019arri\u00e8re, un chariot de service renvers\u00e9.<\/p>\n<p>Quatre personnes l\u00e9g\u00e8rement bless\u00e9es<\/p>\n<p class=\"mb-4 text-lg md:leading-8 break-words\">Air France a assur\u00e9 \u00e0 nos confr\u00e8res que le personnel avait demand\u00e9 aux voyageurs d\u2019attacher leur ceinture. Trois membres de l\u2019\u00e9quipage et un <a href=\"https:\/\/www.20minutes.fr\/dossier\/passagers?at_medium=RSS%20feed&amp;at_campaign=ynews&amp;utm_source=yahoo&amp;utm_medium=rss&amp;utm_campaign=news_feed&amp;utm_content=in_article_link\" rel=\"nofollow noopener\" target=\"_blank\" data-ylk=\"slk:passager;elm:context_link;itc:0;sec:content-canvas\" class=\"link \">passager<\/a> ont \u00e9t\u00e9 \u00ab\u00a0l\u00e9g\u00e8rement bless\u00e9s\u00a0\u00bb, pr\u00e9cise la compagnie. Les membres d\u2019\u00e9quipage indemnes les ont pris en charge. \u00c0 l\u2019atterrissage, une \u00ab\u00a0assistance\u00a0a \u00e9t\u00e9 propos\u00e9e\u00a0\u00bb aux voyageurs.<\/p>\n<p class=\"mb-4 text-lg md:leading-8 break-words\">Le mois dernier, <a href=\"https:\/\/www.20minutes.fr\/societe\/4168824-20250821-fortes-turbulences-orage-violent-cinq-personnes-blessees-bord-vol-paris-ajaccio?at_medium=RSS%20feed&amp;at_campaign=ynews&amp;utm_source=yahoo&amp;utm_medium=rss&amp;utm_campaign=news_feed&amp;utm_content=in_article_link\" rel=\"nofollow noopener\" target=\"_blank\" data-ylk=\"slk:cinq personnes avaient \u00e9t\u00e9 l\u00e9g\u00e8rement bless\u00e9es apr\u00e8s des turbulences sur un vol Air France entre Paris et Ajaccio;elm:context_link;itc:0;sec:content-canvas\" class=\"link \">cinq personnes avaient \u00e9t\u00e9 l\u00e9g\u00e8rement bless\u00e9es apr\u00e8s des turbulences sur un vol Air France entre Paris et Ajaccio<\/a> (Corse-du-Sud). Les victimes sont trois membres d\u2019\u00e9quipage, qui proc\u00e9daient \u00e0 la v\u00e9rification des ceintures de s\u00e9curit\u00e9, et deux passagers, qui n\u2019\u00e9taient pas attach\u00e9s.\u00a0Elles se sont plaintes\u00a0de douleurs au niveau du dos, de la t\u00eate et des jambes.<\/p>\n<p class=\"mb-4 text-lg md:leading-8 break-words\"><a href=\"https:\/\/www.20minutes.fr\/faits_divers\/4173412-20250916-avion-air-france-secoue-fortes-turbulences-quatre-blesses-bord-vol-entre-guadeloupe-paris?at_medium=RSS%20feed&amp;at_campaign=ynews&amp;utm_source=yahoo&amp;utm_medium=rss&amp;utm_campaign=news_feed&amp;utm_content=read_more_link&quot;\" rel=\"nofollow noopener\" target=\"_blank\" data-ylk=\"slk:Lire la suite sur 20minutes;elm:context_link;itc:0;sec:content-canvas\" class=\"link \">Lire la suite sur 20minutes<\/a><\/p>\n<p>\u00c0 lire aussi :<br \/><a href=\"https:\/\/www.20minutes.fr\/monde\/4166094-20250731-delta-airlines-victimes-fortes-turbulences-25-passagers-hospitalises-apres-atterrissage-urgence?at_medium=RSS%20feed&amp;at_campaign=ynews&amp;utm_source=yahoo&amp;utm_medium=rss&amp;utm_campaign=news_feed&amp;utm_content=related_content_link\" rel=\"nofollow noopener\" target=\"_blank\" data-ylk=\"slk:Delta Airlines\u00a0: Victimes de fortes turbulences, 25 passagers hospitalis\u00e9s apr\u00e8s un atterrissage en urgence;elm:context_link;itc:0;sec:content-canvas\" class=\"link \">Delta Airlines\u00a0: Victimes de fortes turbulences, 25 passagers hospitalis\u00e9s apr\u00e8s un atterrissage en urgence<\/a><br \/><a href=\"https:\/\/www.20minutes.fr\/monde\/4121320-20241114-boeing-appareil-victime-turbulences-onze-personnes-blessees-lors-vol-lufthansa?at_medium=RSS%20feed&amp;at_campaign=ynews&amp;utm_source=yahoo&amp;utm_medium=rss&amp;utm_campaign=news_feed&amp;utm_content=related_content_link\" rel=\"nofollow noopener\" target=\"_blank\" data-ylk=\"slk:Boeing : Un appareil victime de turbulences, onze personnes bless\u00e9es lors d\u2019un vol Lufthansa;elm:context_link;itc:0;sec:content-canvas\" class=\"link \">Boeing : Un appareil victime de turbulences, onze personnes bless\u00e9es lors d\u2019un vol Lufthansa<\/a><\/p>\n","protected":false},"excerpt":{"rendered":"frayeur &#8211; Quatre personnes ont \u00e9t\u00e9 bless\u00e9es apr\u00e8s de fortes turbulences survenues sur un vol Air France. L\u2019avion&hellip;\n","protected":false},"author":2,"featured_media":395172,"comment_status":"","ping_status":"","sticky":false,"template":"","format":"standard","meta":{"footnotes":""},"categories":[1888],"tags":[1111,1928,11,1927,1816,1777,674,1011,27,6142,26827,52717,12,1926,626,1925,21842,25,52718],"class_list":{"0":"post-395171","1":"post","2":"type-post","3":"status-publish","4":"format-standard","5":"has-post-thumbnail","7":"category-paris","8":"tag-actu","9":"tag-actu-paris","10":"tag-actualites","11":"tag-actualites-paris","12":"tag-air-france","13":"tag-eu","14":"tag-europe","15":"tag-fr","16":"tag-france","17":"tag-guadeloupe","18":"tag-lavion","19":"tag-membres-dequipage","20":"tag-news","21":"tag-news-paris","22":"tag-paris","23":"tag-paris-news","24":"tag-paris-orly","25":"tag-republique-francaise","26":"tag-turbulences"},"share_on_mastodon":{"url":"https:\/\/pubeurope.com\/@fr\/115214274024059003","error":""},"_links":{"self":[{"href":"https:\/\/www.europesays.com\/fr\/wp-json\/wp\/v2\/posts\/395171","targetHints":{"allow":["GET"]}}],"collection":[{"href":"https:\/\/www.europesays.com\/fr\/wp-json\/wp\/v2\/posts"}],"about":[{"href":"https:\/\/www.europesays.com\/fr\/wp-json\/wp\/v2\/types\/post"}],"author":[{"embeddable":true,"href":"https:\/\/www.europesays.com\/fr\/wp-json\/wp\/v2\/users\/2"}],"replies":[{"embeddable":true,"href":"https:\/\/www.europesays.com\/fr\/wp-json\/wp\/v2\/comments?post=395171"}],"version-history":[{"count":0,"href":"https:\/\/www.europesays.com\/fr\/wp-json\/wp\/v2\/posts\/395171\/revisions"}],"wp:featuredmedia":[{"embeddable":true,"href":"https:\/\/www.europesays.com\/fr\/wp-json\/wp\/v2\/media\/395172"}],"wp:attachment":[{"href":"https:\/\/www.europesays.com\/fr\/wp-json\/wp\/v2\/media?parent=395171"}],"wp:term":[{"taxonomy":"category","embeddable":true,"href":"https:\/\/www.europesays.com\/fr\/wp-json\/wp\/v2\/categories?post=395171"},{"taxonomy":"post_tag","embeddable":true,"href":"https:\/\/www.europesays.com\/fr\/wp-json\/wp\/v2\/tags?post=395171"}],"curies":[{"name":"wp","href":"https:\/\/api.w.org\/{rel}","templated":true}]}}