{"id":395175,"date":"2025-09-16T13:45:13","date_gmt":"2025-09-16T13:45:13","guid":{"rendered":"https:\/\/www.europesays.com\/fr\/395175\/"},"modified":"2025-09-16T13:45:13","modified_gmt":"2025-09-16T13:45:13","slug":"octobre-rose-2025-a-paris-evenements-et-depistage-du-cancer-du-sein-avec-lassurance-maladie-de-paris","status":"publish","type":"post","link":"https:\/\/www.europesays.com\/fr\/395175\/","title":{"rendered":"Octobre Rose 2025 \u00e0 Paris : \u00e9v\u00e9nements et d\u00e9pistage du cancer du sein avec l\u2019Assurance Maladie de Paris."},"content":{"rendered":"<p>          Le d\u00e9pistage organis\u00e9 du cancer du sein<\/p>\n<p>Tous les deux ans, les femmes de <strong>50 \u00e0 74 ans<\/strong> sont invit\u00e9es par l\u2019Assurance Maladie \u00e0 r\u00e9aliser une <strong>mammographie gratuite, sans avance de frais<\/strong>.<br \/>Cet examen permet de d\u00e9tecter pr\u00e9cocement d\u2019\u00e9ventuelles anomalies, avant l\u2019apparition de sympt\u00f4mes.<\/p>\n<p>Pour plus d\u2019informations, consultez aussi le site de <a href=\"https:\/\/www.cancer.fr\/personnes-malades\/les-cancers\/sein\/comprendre-les-cancers-du-sein\/l-essentiel\" target=\"_blank\" rel=\"noopener nofollow\">l\u2019Institut National du Cancer (INCa)<\/a> et le <a href=\"https:\/\/depistage-cancers-idf.com\/mon-depistage-du-cancer-du-sein\/\" target=\"_blank\" rel=\"noopener nofollow\">CRCDC \u00cele-de-France<\/a>, qui coordonnent le d\u00e9pistage organis\u00e9.<\/p>\n<p>Cancer du sein : les sympt\u00f4mes \u00e0 rep\u00e9rer<\/p>\n<p>Les signes qui doivent alerter :<\/p>\n<ul>\n<li><strong>Une grosseur<\/strong> dans le sein ou sous l\u2019aisselle<\/li>\n<li><strong>Une modification de la peau<\/strong> (r\u00e9traction, rougeur, \u0153d\u00e8me, aspect peau d\u2019orange)<\/li>\n<li><strong>Un changement du mamelon ou de l\u2019ar\u00e9ole<\/strong> (r\u00e9traction, \u00e9coulement)<\/li>\n<li><strong>Une variation de la forme du sein<\/strong><\/li>\n<\/ul>\n<p><strong>Important<\/strong> : certains cancers ne provoquent pas de sympt\u00f4mes visibles. Il est donc recommand\u00e9 de <strong>surveiller sa poitrine r\u00e9guli\u00e8rement<\/strong> et de consulter un professionnel de sant\u00e9 chaque ann\u00e9e pour un examen clinique.<\/p>\n<p>Octobre Rose 2025 : la CPAM de Paris sur le terrain<\/p>\n<p>Cette ann\u00e9e, l\u2019<a href=\"https:\/\/sante-pratique-paris.fr\/acces-aux-soins-acces-aux-droits-dossier\/jenvoie-mes-courriers-a-ladresse-unique-de-lassurance-maladie-de-paris\/\" target=\"_blank\" rel=\"noopener nofollow\">Assurance Maladie de Paris<\/a> sera pr\u00e9sente sur <strong>28 \u00e9v\u00e9nements r\u00e9partis dans toute la capitale<\/strong>. Les stands, d\u00e9cor\u00e9s en rose, accueilleront les assur\u00e9s pour \u00e9changer et obtenir des conseils personnalis\u00e9s.<\/p>\n<p>Au programme :<\/p>\n<ul>\n<li><strong>Sensibilisation au d\u00e9pistage<\/strong> et accompagnement \u00e0 la prise de rendez-vous (mammographie, frottis)<\/li>\n<li><strong>Conf\u00e9rences sant\u00e9<\/strong><\/li>\n<li><strong>Journ\u00e9e Village Sant\u00e9<\/strong><\/li>\n<li>Et bien plus encore !<\/li>\n<\/ul>\n<p>D\u00e9couvrez la liste des \u00e9v\u00e9nements\u00a0:<\/p>\n<p><strong>Jeudi 2 octobre 2025 \u2013 Conf\u00e9rence Octobre Rose \u00e0 la CPTS Paris 9<\/strong><\/p>\n<p>\ud83d\udccd 5 rue Mayran, 75009 Paris<br \/>\ud83d\udd52 19h00 \u2013 22h00<br \/>\u27a1\ufe0f Conf\u00e9rence ouverte au public autour de la pr\u00e9vention et du d\u00e9pistage organis\u00e9 du cancer du sein.<\/p>\n<p><strong>Jeudi 2 octobre 2025 \u2013 Clinique Mont Louis<br \/><\/strong><\/p>\n<p>\ud83d\udccd 8 \u2013 10 rue de la Folie Regnault, 75011 Paris<br \/>\ud83d\udd52 9h30 \u2013 16h30<br \/>\u27a1\ufe0f Stand de sensibilisation grand public au d\u00e9pistage du cancer du sein. Atelier d\u2019auto surveillance des seins avec buste.<\/p>\n<p><strong>Jeudi 9 octobre 2025 \u2013 Forum des aidants RIVP (Paris 12e)<\/strong><\/p>\n<p>\ud83d\udccd 8 avenue Lamorici\u00e8re, 75012 Paris<br \/>\ud83d\udd52 16h00 \u2013 19h00<br \/>\u27a1\ufe0f Rencontre et sensibilisation au d\u00e9pistage du cancer du sein, avec informations pratiques pour le public.<\/p>\n<p><strong>Jeudi 9 octobre 2025 \u2013 Forum de la Communaut\u00e9 360 de Paris<\/strong><\/p>\n<p>\ud83d\udccd Fabrique des solidarit\u00e9s, 8 rue de la Banque, 75002 Paris<br \/>\ud83d\udd52 10h00 \u2013 17h00<br \/>\u27a1\ufe0f Ateliers et \u00e9changes sur la sant\u00e9 des femmes et l\u2019importance du d\u00e9pistage pr\u00e9coce.<\/p>\n<p><strong>Vendredi 10 octobre 2025 \u2013 Institut Arthur Vernes<\/strong><\/p>\n<p>\ud83d\udccd 36 Rue d\u2019Assas, 75006 Paris<br \/>\ud83d\udd52 9h30 \u2013 12h00<br \/>\u27a1\ufe0f Stand grand public de pr\u00e9vention et de sensibilisation au d\u00e9pistage des cancers. Mammographie sur rendez-vous<\/p>\n<p><strong>Mardi 14 octobre 2025 \u2013 Centre de sant\u00e9 Richerand<\/strong><\/p>\n<p>\ud83d\udccd 4 avenue Richerand, 75010 Paris<br \/>\ud83d\udd52 9h30 \u2013 16h30<br \/>\u27a1\ufe0f Stand grand public de pr\u00e9vention et de sensibilisation au d\u00e9pistage des cancers avec buste d\u2019autopalpation des seins.<\/p>\n<p><strong>Jeudi 16 octobre 2025 \u2013 Square de la mutualit\u00e9<\/strong><\/p>\n<p>\ud83d\udccd 1 Square de la Mutualit\u00e9, 75005 Paris<br \/>\ud83d\udd52 9h30 \u2013 16h30<br \/>\u27a1\ufe0f Stand grand public de pr\u00e9vention et de sensibilisation au d\u00e9pistage des cancers avec mammographie sans rendez-vous.<\/p>\n<p><strong>Jeudi 30 octobre 2025 \u2013 Clinique Bizet<\/strong><\/p>\n<p>\ud83d\udccd 23 rue Georges Bizet, 75116 Paris<br \/>\ud83d\udd52 9h00 \u2013 16h00<br \/>\u27a1\ufe0f Stand grand public de pr\u00e9vention et de sensibilisation au d\u00e9pistage des cancers.<\/p>\n","protected":false},"excerpt":{"rendered":"Le d\u00e9pistage organis\u00e9 du cancer du sein Tous les deux ans, les femmes de 50 \u00e0 74 ans&hellip;\n","protected":false},"author":2,"featured_media":395176,"comment_status":"","ping_status":"","sticky":false,"template":"","format":"standard","meta":{"footnotes":""},"categories":[1888],"tags":[11,1777,674,1011,27,12,626,25],"class_list":{"0":"post-395175","1":"post","2":"type-post","3":"status-publish","4":"format-standard","5":"has-post-thumbnail","7":"category-paris","8":"tag-actualites","9":"tag-eu","10":"tag-europe","11":"tag-fr","12":"tag-france","13":"tag-news","14":"tag-paris","15":"tag-republique-francaise"},"share_on_mastodon":{"url":"https:\/\/pubeurope.com\/@fr\/115214281855593789","error":""},"_links":{"self":[{"href":"https:\/\/www.europesays.com\/fr\/wp-json\/wp\/v2\/posts\/395175","targetHints":{"allow":["GET"]}}],"collection":[{"href":"https:\/\/www.europesays.com\/fr\/wp-json\/wp\/v2\/posts"}],"about":[{"href":"https:\/\/www.europesays.com\/fr\/wp-json\/wp\/v2\/types\/post"}],"author":[{"embeddable":true,"href":"https:\/\/www.europesays.com\/fr\/wp-json\/wp\/v2\/users\/2"}],"replies":[{"embeddable":true,"href":"https:\/\/www.europesays.com\/fr\/wp-json\/wp\/v2\/comments?post=395175"}],"version-history":[{"count":0,"href":"https:\/\/www.europesays.com\/fr\/wp-json\/wp\/v2\/posts\/395175\/revisions"}],"wp:featuredmedia":[{"embeddable":true,"href":"https:\/\/www.europesays.com\/fr\/wp-json\/wp\/v2\/media\/395176"}],"wp:attachment":[{"href":"https:\/\/www.europesays.com\/fr\/wp-json\/wp\/v2\/media?parent=395175"}],"wp:term":[{"taxonomy":"category","embeddable":true,"href":"https:\/\/www.europesays.com\/fr\/wp-json\/wp\/v2\/categories?post=395175"},{"taxonomy":"post_tag","embeddable":true,"href":"https:\/\/www.europesays.com\/fr\/wp-json\/wp\/v2\/tags?post=395175"}],"curies":[{"name":"wp","href":"https:\/\/api.w.org\/{rel}","templated":true}]}}