{"id":395185,"date":"2025-09-16T13:52:10","date_gmt":"2025-09-16T13:52:10","guid":{"rendered":"https:\/\/www.europesays.com\/fr\/395185\/"},"modified":"2025-09-16T13:52:10","modified_gmt":"2025-09-16T13:52:10","slug":"leurope-reglemente-les-fourchettes-mais-pas-les-privileges","status":"publish","type":"post","link":"https:\/\/www.europesays.com\/fr\/395185\/","title":{"rendered":"L\u2019Europe r\u00e9glemente les fourchettes, mais pas les privil\u00e8ges"},"content":{"rendered":"<p>Il est fascinant de constater avec quelle <strong>efficacit\u00e9 la Commission europ\u00e9enne parvient \u00e0 l\u00e9gif\u00e9rer sur les moindres d\u00e9tails de notre quotidien<\/strong> :<br \/><strong>la taille des pommes, la composition des d\u00e9tergents, le calibrage des ampoules, ou encore le diam\u00e8tre des fourchettes en plastique.<\/strong><br \/><strong>Rien n\u2019\u00e9chappe \u00e0 son \u0153il r\u00e9glementaire<\/strong> \u2014 sauf, semble-t-il, ce qui touche aux <strong>privil\u00e8ges des dirigeants.<\/strong><\/p>\n<p>Car lorsqu\u2019il s\u2019agit de s\u2019interroger sur les <strong>avantages accord\u00e9s aux anciens pr\u00e9sidents, ministres ou hauts fonctionnaires<\/strong>, le <strong>silence devient soudain assourdissant.<\/strong><br \/>Pas de consensus, pas de d\u00e9bat public structur\u00e9, et encore moins de volont\u00e9 politique commune.<br \/>Ces avantages \u2014 <strong>bureaux, chauffeurs, protection, personnel<\/strong> \u2014 sont souvent h\u00e9rit\u00e9s d\u2019une \u00e9poque r\u00e9volue, mais continuent de peser sur les <strong>finances publiques sans r\u00e9elle justification contemporaine.<\/strong><\/p>\n<p>Et cela ne concerne pas uniquement les sph\u00e8res nationales.<br \/>Les <strong>\u00e9lus europ\u00e9ens eux-m\u00eames b\u00e9n\u00e9ficient de traitements particuli\u00e8rement avantageux<\/strong> :<br \/><strong>salaires confortables, indemnit\u00e9s g\u00e9n\u00e9reuses, frais de d\u00e9placement, retraites dor\u00e9es\u2026<\/strong><br \/>Le tout dans une <strong>opacit\u00e9 qui contraste avec la rigueur impos\u00e9e aux citoyens et aux entreprises.<\/strong><\/p>\n<p>Pourquoi cette <strong>asym\u00e9trie<\/strong> ?<br \/>Pourquoi les citoyens \u201clambda\u201d sont-ils soumis \u00e0 une <strong>avalanche de normes<\/strong>, pendant que les \u00e9lites b\u00e9n\u00e9ficient d\u2019un <strong>flou confortable<\/strong> ?<br \/>Est-ce par <strong>pudeur institutionnelle<\/strong> ?<br \/>Par peur de froisser les anciens ?<br \/>Ou simplement par <strong>inertie bien entretenue<\/strong> ?<\/p>\n<p>Il ne s\u2019agit pas ici de d\u00e9noncer les institutions europ\u00e9ennes, ni de sombrer dans le populisme.<br \/>Il s\u2019agit de poser une question simple : <strong>\u00e0 quand une transparence \u00e9quitable, qui s\u2019applique \u00e0 tous \u2014 gouvern\u00e9s comme gouvernants ?<\/strong><\/p>\n<p>Car si l\u2019Europe veut rester cr\u00e9dible aux yeux de ses citoyens, elle devra un jour oser <strong>regarder dans ses propres r\u00e9troviseurs.<\/strong><br \/>Et peut-\u00eatre, qui sait, <strong>l\u00e9gif\u00e9rer sur les privil\u00e8ges avec autant de rigueur qu\u2019elle le fait sur les cornichons.<\/strong><\/p>\n<p>                    <\/p>\n","protected":false},"excerpt":{"rendered":"Il est fascinant de constater avec quelle efficacit\u00e9 la Commission europ\u00e9enne parvient \u00e0 l\u00e9gif\u00e9rer sur les moindres d\u00e9tails&hellip;\n","protected":false},"author":2,"featured_media":395186,"comment_status":"","ping_status":"","sticky":false,"template":"","format":"standard","meta":{"footnotes":""},"categories":[1586],"tags":[11,1777,674,1011,27,12,25],"class_list":{"0":"post-395185","1":"post","2":"type-post","3":"status-publish","4":"format-standard","5":"has-post-thumbnail","7":"category-europe","8":"tag-actualites","9":"tag-eu","10":"tag-europe","11":"tag-fr","12":"tag-france","13":"tag-news","14":"tag-republique-francaise"},"share_on_mastodon":{"url":"https:\/\/pubeurope.com\/@fr\/115214309528783365","error":""},"_links":{"self":[{"href":"https:\/\/www.europesays.com\/fr\/wp-json\/wp\/v2\/posts\/395185","targetHints":{"allow":["GET"]}}],"collection":[{"href":"https:\/\/www.europesays.com\/fr\/wp-json\/wp\/v2\/posts"}],"about":[{"href":"https:\/\/www.europesays.com\/fr\/wp-json\/wp\/v2\/types\/post"}],"author":[{"embeddable":true,"href":"https:\/\/www.europesays.com\/fr\/wp-json\/wp\/v2\/users\/2"}],"replies":[{"embeddable":true,"href":"https:\/\/www.europesays.com\/fr\/wp-json\/wp\/v2\/comments?post=395185"}],"version-history":[{"count":0,"href":"https:\/\/www.europesays.com\/fr\/wp-json\/wp\/v2\/posts\/395185\/revisions"}],"wp:featuredmedia":[{"embeddable":true,"href":"https:\/\/www.europesays.com\/fr\/wp-json\/wp\/v2\/media\/395186"}],"wp:attachment":[{"href":"https:\/\/www.europesays.com\/fr\/wp-json\/wp\/v2\/media?parent=395185"}],"wp:term":[{"taxonomy":"category","embeddable":true,"href":"https:\/\/www.europesays.com\/fr\/wp-json\/wp\/v2\/categories?post=395185"},{"taxonomy":"post_tag","embeddable":true,"href":"https:\/\/www.europesays.com\/fr\/wp-json\/wp\/v2\/tags?post=395185"}],"curies":[{"name":"wp","href":"https:\/\/api.w.org\/{rel}","templated":true}]}}