{"id":395189,"date":"2025-09-16T13:54:14","date_gmt":"2025-09-16T13:54:14","guid":{"rendered":"https:\/\/www.europesays.com\/fr\/395189\/"},"modified":"2025-09-16T13:54:14","modified_gmt":"2025-09-16T13:54:14","slug":"syrie-la-france-rapatrie-dix-enfants-et-trois-femmes-qui-vivaient-dans-des-camps-du-nord-est-du-pays","status":"publish","type":"post","link":"https:\/\/www.europesays.com\/fr\/395189\/","title":{"rendered":"Syrie\u00a0: la France rapatrie dix enfants et trois femmes qui vivaient dans des camps du nord-est du pays"},"content":{"rendered":"<p class=\"paragraph text_align_left lp-f-body-02\">Dix mineurs fran\u00e7ais et trois m\u00e8res vivant dans des camps de prisonniers djihadistes dans le nord-est de la Syrie <a href=\"https:\/\/www.leparisien.fr\/international\/syrie\/lheure-est-grave-pourquoi-les-familles-des-enfants-francais-retenus-en-syrie-appellent-plus-que-jamais-a-leur-retour-12-12-2024-HHD5W7RHXJFNDAKIVNJ757XTAQ.php\" target=\"_blank\" rel=\"noreferrer nofollow noopener\">ont \u00e9t\u00e9 rapatri\u00e9s en France<\/a> ce mardi, annoncent le minist\u00e8re des Affaires \u00e9trang\u00e8res et le Parquet national antiterroriste (PNAT). Selon le PNAT, les trois femmes sont \u00e2g\u00e9es de 18\u00a0ans \u00e0 34\u00a0ans.<\/p>\n<p class=\"paragraph text_align_left lp-f-body-02\">D\u2019apr\u00e8s le minist\u00e8re des Affaires \u00e9trang\u00e8res, les \u00ab\u00a0mineurs ont \u00e9t\u00e9 remis aux services charg\u00e9s <a href=\"https:\/\/www.leparisien.fr\/societe\/sante\/que-lenfant-ny-passe-pas-plus-de-3-4-mois-le-gouvernement-reforme-laccueil-des-bebes-par-lase-06-09-2025-DD5YNPY6MFBXNJZYW7AO66WR4E.php\" target=\"_blank\" rel=\"noreferrer nofollow noopener\">de l\u2019aide sociale \u00e0 l\u2019enfance<\/a> et feront l\u2019objet d\u2019un suivi m\u00e9dico-social\u00a0\u00bb. \u00ab\u00a0Les mineurs sont pris en charge dans le cadre de proc\u00e9dures d\u2019assistance \u00e9ducative sous la responsabilit\u00e9 du parquet pr\u00e8s le tribunal judiciaire de Versailles\u00a0\u00bb, a d\u00e9taill\u00e9 le PNAT. Celui-ci \u00ab\u00a0assurera le suivi centralis\u00e9 des mineurs concern\u00e9s, en lien avec les parquets territoriaux\u00a0\u00bb.<\/p>\n<p class=\"paragraph text_align_left lp-f-body-02\">\u00ab\u00a0Les adultes ont \u00e9t\u00e9 remises aux autorit\u00e9s judiciaires comp\u00e9tentes\u00a0\u00bb, ajoute le minist\u00e8re des Affaires \u00e9trang\u00e8res. Parmi les femmes majeures, \u00ab\u00a0deux ont \u00e9t\u00e9 plac\u00e9es en garde \u00e0 vue, sur commission rogatoire du juge d\u2019instruction\u00a0\u00bb, d\u2019apr\u00e8s le parquet antiterroriste. \u00ab\u00a0Une autre femme, faisant l\u2019objet d\u2019un mandat d\u2019arr\u00eat, sera pr\u00e9sent\u00e9e \u00e0 un juge d\u2019instruction dans la journ\u00e9e\u00a0\u00bb en vue d\u2019une possible mise en examen, a pr\u00e9cis\u00e9 le PNAT.<\/p>\n<p>La France remercie la Syrie<\/p>\n<p class=\"paragraph text_align_left lp-f-body-02\">Paris \u00ab\u00a0remercie les autorit\u00e9s syriennes de transition ainsi que l\u2019administration locale du Nord-Est syrien qui a rendu possible cette op\u00e9ration\u00a0\u00bb.<\/p>\n<p class=\"paragraph text_align_left lp-f-body-02\">Depuis <a href=\"https:\/\/www.leparisien.fr\/international\/syrie\/il-a-laisse-ses-partisans-affronter-leur-propre-destin-les-dernieres-heures-de-bachar-al-assad-avant-la-chute-du-regime-14-12-2024-NHQ5CPCUBRB5FFVOZMNC4Z7S44.php\" target=\"_blank\" rel=\"noreferrer nofollow noopener\">la chute du r\u00e9gime de Bachar al-Assad<\/a> en d\u00e9cembre\u00a02024, plusieurs appels au rapatriement ont \u00e9t\u00e9 \u00e9mis, notamment par la Ligue des droits de l\u2019Homme (LDH) via <a href=\"https:\/\/www.ldh-france.org\/de-toute-urgence-il-faut-rapatrier-ces-enfants\/\" target=\"_blank\" rel=\"noreferrer nofollow noopener\">une p\u00e9tition publi\u00e9e en ao\u00fbt dernier<\/a>.<\/p>\n<p class=\"paragraph text_align_left lp-f-body-02\">En juin, quelque 120 enfants et une cinquantaine de femmes fran\u00e7aises \u00e9taient encore retenus dans ces camps syriens, selon le Collectif des Familles unies, qui rassemble leurs proches. Apr\u00e8s ce rapatriement nocturne, ce collectif a rediffus\u00e9 sur le r\u00e9seau social X ce mardi matin son message habituel d\u00e9non\u00e7ant la d\u00e9tention sur place d\u2019enfants \u00ab\u00a0coupables de rien\u00a0\u00bb dans \u00ab\u00a0des conditions indignes\u00a0\u00bb.<\/p>\n<p class=\"paragraph text_align_left lp-f-body-02\">Ces retours restent une question sensible en France, dix ans apr\u00e8s la vague d\u2019attentats djihadistes sur son sol. La France a proc\u00e9d\u00e9 \u00e0 plusieurs op\u00e9rations de rapatriement qui ont cess\u00e9 \u00e0 l\u2019\u00e9t\u00e9 2023 malgr\u00e9 les condamnations internationales dont celle de la Cour europ\u00e9enne des droits de l\u2019Homme en 2022. Paris refuse depuis de se rendre sur place, au motif de la dangerosit\u00e9 des op\u00e9rations.<\/p>\n<p class=\"paragraph text_align_left lp-f-body-02\">En f\u00e9vrier, l\u2019administration kurde a annonc\u00e9, en coordination avec l\u2019ONU, son intention de vider d\u2019ici fin 2025 les camps du nord-est de la Syrie des d\u00e9plac\u00e9s syriens et irakiens, y compris les proches pr\u00e9sum\u00e9s de djihadistes.<\/p>\n<p>Un \u00ab\u00a0soulagement\u00a0\u00bb pour les familles<\/p>\n<p class=\"paragraph text_align_left lp-f-body-02\">\u00ab\u00a0Pour les familles qui attendaient leurs petits-enfants, neveux et ni\u00e8ces depuis plus de six ans, c\u2019est un immense et indescriptible soulagement\u00a0\u00bb, a par ailleurs d\u00e9clar\u00e9 l\u2019avocate des femmes rapatri\u00e9es, Marie Dos\u00e9, dans un communiqu\u00e9 transmis \u00e0 l\u2019AFP et publi\u00e9 sur X.<\/p>\n<p class=\"paragraph text_align_left lp-f-body-02\">\u00ab\u00a0La France, qui refusait de rapatrier des enfants tant que leurs m\u00e8res n\u2019avaient pas donn\u00e9 leur accord, refuse aujourd\u2019hui leur retour alors qu\u2019ils sont devenus majeurs. Ce faisant et plus que jamais, la France d\u00e9cide donc de faire payer \u00e0 ces enfants le choix de leurs parents\u00a0\u00bb, estime-t-elle \u00e9galement.<\/p>\n<p class=\"paragraph text_align_left lp-f-body-02\">Elle d\u00e9nonce \u00e9galement le sort de femmes sans enfant ou dont les enfants sont d\u00e9c\u00e9d\u00e9s, et que la France refuse d\u00e9sormais de rapatrier, ainsi que d\u2019enfants n\u00e9s en France et \u00ab\u00a0conduits de force en Syrie\u00a0\u00bb avant de pouvoir acqu\u00e9rir la nationalit\u00e9, ou de jeunes majeurs enferm\u00e9s dans d\u2019autres lieux de d\u00e9tention syriens.<\/p>\n<p class=\"paragraph text_align_left lp-f-body-02\">Pour Matthieu Bagard, responsable du p\u00f4le expertise Syrie de l\u2019ONG Avocats sans fronti\u00e8res France, \u00ab\u00a0ce rapatriement d\u00e9montre une nouvelle fois que la France a la possibilit\u00e9 d\u2019organiser ces op\u00e9rations\u00a0\u00bb. Mais il d\u00e9plore lui aussi la situation des femmes et jeunes majeurs toujours \u00ab\u00a0ill\u00e9galement d\u00e9tenus\u00a0\u00bb.<\/p>\n","protected":false},"excerpt":{"rendered":"Dix mineurs fran\u00e7ais et trois m\u00e8res vivant dans des camps de prisonniers djihadistes dans le nord-est de la&hellip;\n","protected":false},"author":2,"featured_media":182179,"comment_status":"","ping_status":"","sticky":false,"template":"","format":"standard","meta":{"footnotes":""},"categories":[2],"tags":[11,1011,27,14,12,316,25,32],"class_list":{"0":"post-395189","1":"post","2":"type-post","3":"status-publish","4":"format-standard","5":"has-post-thumbnail","7":"category-actualites","8":"tag-actualites","9":"tag-fr","10":"tag-france","11":"tag-international","12":"tag-news","13":"tag-politique","14":"tag-republique-francaise","15":"tag-syrie"},"share_on_mastodon":{"url":"https:\/\/pubeurope.com\/@fr\/115214317301627147","error":""},"_links":{"self":[{"href":"https:\/\/www.europesays.com\/fr\/wp-json\/wp\/v2\/posts\/395189","targetHints":{"allow":["GET"]}}],"collection":[{"href":"https:\/\/www.europesays.com\/fr\/wp-json\/wp\/v2\/posts"}],"about":[{"href":"https:\/\/www.europesays.com\/fr\/wp-json\/wp\/v2\/types\/post"}],"author":[{"embeddable":true,"href":"https:\/\/www.europesays.com\/fr\/wp-json\/wp\/v2\/users\/2"}],"replies":[{"embeddable":true,"href":"https:\/\/www.europesays.com\/fr\/wp-json\/wp\/v2\/comments?post=395189"}],"version-history":[{"count":0,"href":"https:\/\/www.europesays.com\/fr\/wp-json\/wp\/v2\/posts\/395189\/revisions"}],"wp:featuredmedia":[{"embeddable":true,"href":"https:\/\/www.europesays.com\/fr\/wp-json\/wp\/v2\/media\/182179"}],"wp:attachment":[{"href":"https:\/\/www.europesays.com\/fr\/wp-json\/wp\/v2\/media?parent=395189"}],"wp:term":[{"taxonomy":"category","embeddable":true,"href":"https:\/\/www.europesays.com\/fr\/wp-json\/wp\/v2\/categories?post=395189"},{"taxonomy":"post_tag","embeddable":true,"href":"https:\/\/www.europesays.com\/fr\/wp-json\/wp\/v2\/tags?post=395189"}],"curies":[{"name":"wp","href":"https:\/\/api.w.org\/{rel}","templated":true}]}}