{"id":395190,"date":"2025-09-16T13:55:16","date_gmt":"2025-09-16T13:55:16","guid":{"rendered":"https:\/\/www.europesays.com\/fr\/395190\/"},"modified":"2025-09-16T13:55:16","modified_gmt":"2025-09-16T13:55:16","slug":"mgr-renauld-de-dinechin-nomme-nouvel-eveque-de-lucon","status":"publish","type":"post","link":"https:\/\/www.europesays.com\/fr\/395190\/","title":{"rendered":"Mgr\u00a0Renauld de Dinechin nomm\u00e9 nouvel \u00e9v\u00eaque de Lu\u00e7on"},"content":{"rendered":"<p>Apr\u00e8s dix ann\u00e9es en tant qu\u2019\u00e9v\u00eaque de Soissons, Laon et Saint-Quentin (Aisne), Mgr\u00a0Renauld de Dinechin s\u2019appr\u00eate \u00e0 quitter les Hauts-de-France pour les Pays de la Loire. L\u00e9on\u00a0XIV l\u2019a nomm\u00e9, ce mardi 16\u00a0septembre, comme successeur de Mgr\u00a0Fran\u00e7ois Jacolin \u00e0 l\u2019\u00e9v\u00each\u00e9 de Lu\u00e7on (Vend\u00e9e). Ce dernier, \u00e2g\u00e9 de 75\u00a0ans, avait pr\u00e9sent\u00e9 au pape sa\u00a0renonciation en avril, et gouvernait comme administrateur apostolique en attendant un successeur.<\/p>\n<p>Cet article est r\u00e9serv\u00e9 aux abonn\u00e9s<\/p>\n<p>\n                    Vous souhaitez lire la suite\u00a0? Abonnez-vous sans engagement \u00e0 notre offre num\u00e9rique\n                <\/p>\n<p>                <a href=\"https:\/\/www.la-croix.com\/abonnement\" class=\"default-paywall__subscribe-button\" data-tracking=\"cta_click\" data-tracking-action=\"voir la page abonnement\" data-tracking-category=\"abonnement\" rel=\"nofollow noopener\" target=\"_blank\">Je m&rsquo;abonne<\/a><\/p>\n","protected":false},"excerpt":{"rendered":"Apr\u00e8s dix ann\u00e9es en tant qu\u2019\u00e9v\u00eaque de Soissons, Laon et Saint-Quentin (Aisne), Mgr\u00a0Renauld de Dinechin s\u2019appr\u00eate \u00e0 quitter&hellip;\n","protected":false},"author":2,"featured_media":395191,"comment_status":"","ping_status":"","sticky":false,"template":"","format":"standard","meta":{"footnotes":""},"categories":[2],"tags":[11,1011,27,12,25],"class_list":{"0":"post-395190","1":"post","2":"type-post","3":"status-publish","4":"format-standard","5":"has-post-thumbnail","7":"category-actualites","8":"tag-actualites","9":"tag-fr","10":"tag-france","11":"tag-news","12":"tag-republique-francaise"},"share_on_mastodon":{"url":"https:\/\/pubeurope.com\/@fr\/115214321120798032","error":""},"_links":{"self":[{"href":"https:\/\/www.europesays.com\/fr\/wp-json\/wp\/v2\/posts\/395190","targetHints":{"allow":["GET"]}}],"collection":[{"href":"https:\/\/www.europesays.com\/fr\/wp-json\/wp\/v2\/posts"}],"about":[{"href":"https:\/\/www.europesays.com\/fr\/wp-json\/wp\/v2\/types\/post"}],"author":[{"embeddable":true,"href":"https:\/\/www.europesays.com\/fr\/wp-json\/wp\/v2\/users\/2"}],"replies":[{"embeddable":true,"href":"https:\/\/www.europesays.com\/fr\/wp-json\/wp\/v2\/comments?post=395190"}],"version-history":[{"count":0,"href":"https:\/\/www.europesays.com\/fr\/wp-json\/wp\/v2\/posts\/395190\/revisions"}],"wp:featuredmedia":[{"embeddable":true,"href":"https:\/\/www.europesays.com\/fr\/wp-json\/wp\/v2\/media\/395191"}],"wp:attachment":[{"href":"https:\/\/www.europesays.com\/fr\/wp-json\/wp\/v2\/media?parent=395190"}],"wp:term":[{"taxonomy":"category","embeddable":true,"href":"https:\/\/www.europesays.com\/fr\/wp-json\/wp\/v2\/categories?post=395190"},{"taxonomy":"post_tag","embeddable":true,"href":"https:\/\/www.europesays.com\/fr\/wp-json\/wp\/v2\/tags?post=395190"}],"curies":[{"name":"wp","href":"https:\/\/api.w.org\/{rel}","templated":true}]}}