{"id":395196,"date":"2025-09-16T14:00:13","date_gmt":"2025-09-16T14:00:13","guid":{"rendered":"https:\/\/www.europesays.com\/fr\/395196\/"},"modified":"2025-09-16T14:00:13","modified_gmt":"2025-09-16T14:00:13","slug":"atp-fognini-sur-nadal-et-federer-meme-si-jen-avais-envie-je-ne-pouvais-pas-les-envoyer-balader-apres-quils-soient-venus-me-parler-je-me-suis-dit-que-dois-je-faire-maintenant-jetais-un-p","status":"publish","type":"post","link":"https:\/\/www.europesays.com\/fr\/395196\/","title":{"rendered":"ATP > Fognini sur Nadal et Federer : \u00ab\u00a0M\u00eame si j&rsquo;en avais envie, je ne pouvais pas les envoyer balader. Apr\u00e8s qu&rsquo;ils soient venus me parler, je me suis dit : que dois-je faire maintenant ? J&rsquo;\u00e9tais un peu confus\u00a0\u00bb"},"content":{"rendered":"<p>De passage dans le podcast \u00ab\u202fSupernova\u202f\u00bb, dont les propos sont relay\u00e9s par <a href=\"https:\/\/www.tennisworlditalia.com\/tennis\/news\/Interviste_Tennis\/101928\/fabio-fognini-il-tennis-non-mi-manca-big-3-sono-sempre-stato-federeriano-\/\" data-wpel-link=\"external\" target=\"_blank\" rel=\"nofollow external noopener\">Tennis World Italia<\/a>, le n\u00e9o\u2010retrait\u00e9 Fabio Fognini s\u2019est souvenu du coaching de Roger Federer et Rafael Nadal lors de son match contre Jack Sock \u00e0 la Laver Cup\u00a02019.<\/p>\n<p><strong>\u00ab\u202fAvec eux deux derri\u00e8re moi, je me sentais un peu oppress\u00e9. \u00c0 un chan\u00adge\u00adment de c\u00f4t\u00e9, ils se sont appro\u00adch\u00e9s de moi. J\u2019ai tout de suite parl\u00e9 de mon adver\u00adsaire, Sock, mais Roger m\u2019a r\u00e9pondu\u00a0: \u2018Non, tu dois penser \u00e0 toi\u2010m\u00eame.\u2019 Puis l\u2019autre s\u2019est mis \u00e0 parler aussi, j\u2019avais donc deux voix dans les oreilles. Je n\u2019y ai pas r\u00e9fl\u00e9chi du tout, au contraire, je suis retourn\u00e9 sur le terrain encore plus confus. Je me suis dit\u00a0: \u2018Nadal et Federer m\u2019ont parl\u00e9, que dois\u2010je faire sur le terrain main\u00adte\u00adnant ?\u2019 Qui aurait pu s\u2019at\u00adtendre \u00e0 ce que Federer et Nadal viennent me parler, l\u2019un \u00e0 ma droite et l\u2019autre \u00e0 ma gauche. Je ne pouvais pas les envoyer balader, m\u00eame si j\u2019en avais envie. Je suis rest\u00e9 un peu abasourdi, mais ce fut un beau moment\u202f\u00bb.<\/strong><\/p>\n<p>Les images en question\u00a0:\u00a0<\/p>\n<p>Un moment forc\u00e9\u00adment inou\u00adbliable pour l\u2019Italien\u202f!<\/p>\n<p class=\"post-published-date\" style=\"color: silver; font-size: 75%; text-align: left;\">Publi\u00e9 le mardi 16 septembre 2025 \u00e0 13:12<\/p>\n","protected":false},"excerpt":{"rendered":"De passage dans le podcast \u00ab\u202fSupernova\u202f\u00bb, dont les propos sont relay\u00e9s par Tennis World Italia, le n\u00e9o\u2010retrait\u00e9 Fabio&hellip;\n","protected":false},"author":2,"featured_media":395197,"comment_status":"","ping_status":"","sticky":false,"template":"","format":"standard","meta":{"footnotes":""},"categories":[1415],"tags":[2199,1752,1011,27,1960,60,1467],"class_list":{"0":"post-395196","1":"post","2":"type-post","3":"status-publish","4":"format-standard","5":"has-post-thumbnail","7":"category-tennis","8":"tag-federer","9":"tag-fognini","10":"tag-fr","11":"tag-france","12":"tag-nadal","13":"tag-sports","14":"tag-tennis"},"share_on_mastodon":{"url":"https:\/\/pubeurope.com\/@fr\/115214340827720218","error":""},"_links":{"self":[{"href":"https:\/\/www.europesays.com\/fr\/wp-json\/wp\/v2\/posts\/395196","targetHints":{"allow":["GET"]}}],"collection":[{"href":"https:\/\/www.europesays.com\/fr\/wp-json\/wp\/v2\/posts"}],"about":[{"href":"https:\/\/www.europesays.com\/fr\/wp-json\/wp\/v2\/types\/post"}],"author":[{"embeddable":true,"href":"https:\/\/www.europesays.com\/fr\/wp-json\/wp\/v2\/users\/2"}],"replies":[{"embeddable":true,"href":"https:\/\/www.europesays.com\/fr\/wp-json\/wp\/v2\/comments?post=395196"}],"version-history":[{"count":0,"href":"https:\/\/www.europesays.com\/fr\/wp-json\/wp\/v2\/posts\/395196\/revisions"}],"wp:featuredmedia":[{"embeddable":true,"href":"https:\/\/www.europesays.com\/fr\/wp-json\/wp\/v2\/media\/395197"}],"wp:attachment":[{"href":"https:\/\/www.europesays.com\/fr\/wp-json\/wp\/v2\/media?parent=395196"}],"wp:term":[{"taxonomy":"category","embeddable":true,"href":"https:\/\/www.europesays.com\/fr\/wp-json\/wp\/v2\/categories?post=395196"},{"taxonomy":"post_tag","embeddable":true,"href":"https:\/\/www.europesays.com\/fr\/wp-json\/wp\/v2\/tags?post=395196"}],"curies":[{"name":"wp","href":"https:\/\/api.w.org\/{rel}","templated":true}]}}