{"id":395198,"date":"2025-09-16T14:01:11","date_gmt":"2025-09-16T14:01:11","guid":{"rendered":"https:\/\/www.europesays.com\/fr\/395198\/"},"modified":"2025-09-16T14:01:11","modified_gmt":"2025-09-16T14:01:11","slug":"lopalico-en-tete-daffiche-du-2e-tour","status":"publish","type":"post","link":"https:\/\/www.europesays.com\/fr\/395198\/","title":{"rendered":"L&rsquo;Opalico en t\u00eate d&rsquo;affiche du 2e tour"},"content":{"rendered":"<p>                            <img decoding=\"async\" class=\"img-fluid thumbnail__news\" src=\"https:\/\/www.europesays.com\/fr\/wp-content\/uploads\/2025\/09\/e7eb0be3-1ebc-4d4c-ba9d-1470852fc491.jpg\" alt=\"L'Opalico en t\u00eate d'affiche du 2e tour\"\/><\/p>\n<p>Vafessa Fofana et le BCM Gravelines joueront le premier Opalico lors du 2e tour de la Coupe de France &#8211; Jean-Baptiste Autissier\/Presse Sports<\/p>\n<p>                                                        La Commission F\u00e9d\u00e9rale 5&#215;5 a proc\u00e9d\u00e9 au tirage au sort du 2e tour de la Coupe de France masculine. Huit clubs de Betclic Elite int\u00e8greront la comp\u00e9tition. Deux matches opposeront des \u00e9quipes de cette division, Le Portel accueillera Gravelines et Nancy ira \u00e0 Saint Quentin le 7 octobre prochain. <\/p>\n<p><strong>Programme du 2e tour<\/strong><br \/>Mardi 7 octobre \u00e0 20h00<br \/>Saint-Chamond-Andr\u00e9zieux (Elite 2, +7) &#8211; Limoges (Betclic Elite)<br \/>Hy\u00e8res-Toulon (Elite 2) &#8211; Lyon So (NM1, +7)<br \/>Antibes (Elite 2) &#8211; Aix-Maurienne (Elite 2)<br \/>Pau-Lacq-Orthez (Elite 2, +7) &#8211; Boulazac (Betclic Elite)<br \/>Tarbes-Lourdes (NM1) &#8211; Les Sables d&rsquo;Olonne (NM1)<br \/>Challans (Elite 2) &#8211; La Rochelle (Elite 2)<br \/>Nantes (Elie 2) &#8211; Quimper (Elite 2)<br \/>Foug\u00e8res (NM1, +7) &#8211; Blois (Elite 2)<br \/>Le Havre (NM1) &#8211; Loon Plage (NM1)<br \/>Poissy (NM1, +14) &#8211; Nanterre (Betclic Elite)<br \/>Le Portel (Betclic Elite) &#8211; Gravelines-Dunkerque (Betclic Elite)<br \/>Eveux (Pro B) &#8211; Tours (NM1, +7)<br \/>Metz (NM1) &#8211; Orchies (NM1)<br \/>Ch\u00e2lons-Reims (Elite 2, +7) &#8211; Strasbourg (Betclic Elite)<br \/>Denain (Elite 2) &#8211; Mulhouse (NM1, +7)<br \/>Saint Quentin (Betclic Elite) &#8211; Nancy (Betclic Elite)<\/p>\n","protected":false},"excerpt":{"rendered":"Vafessa Fofana et le BCM Gravelines joueront le premier Opalico lors du 2e tour de la Coupe de&hellip;\n","protected":false},"author":2,"featured_media":395199,"comment_status":"","ping_status":"","sticky":false,"template":"","format":"standard","meta":{"footnotes":""},"categories":[1414],"tags":[1465,1464,1011,27,60],"class_list":{"0":"post-395198","1":"post","2":"type-post","3":"status-publish","4":"format-standard","5":"has-post-thumbnail","7":"category-basket","8":"tag-basket","9":"tag-basketball","10":"tag-fr","11":"tag-france","12":"tag-sports"},"share_on_mastodon":{"url":"https:\/\/pubeurope.com\/@fr\/115214345051166286","error":""},"_links":{"self":[{"href":"https:\/\/www.europesays.com\/fr\/wp-json\/wp\/v2\/posts\/395198","targetHints":{"allow":["GET"]}}],"collection":[{"href":"https:\/\/www.europesays.com\/fr\/wp-json\/wp\/v2\/posts"}],"about":[{"href":"https:\/\/www.europesays.com\/fr\/wp-json\/wp\/v2\/types\/post"}],"author":[{"embeddable":true,"href":"https:\/\/www.europesays.com\/fr\/wp-json\/wp\/v2\/users\/2"}],"replies":[{"embeddable":true,"href":"https:\/\/www.europesays.com\/fr\/wp-json\/wp\/v2\/comments?post=395198"}],"version-history":[{"count":0,"href":"https:\/\/www.europesays.com\/fr\/wp-json\/wp\/v2\/posts\/395198\/revisions"}],"wp:featuredmedia":[{"embeddable":true,"href":"https:\/\/www.europesays.com\/fr\/wp-json\/wp\/v2\/media\/395199"}],"wp:attachment":[{"href":"https:\/\/www.europesays.com\/fr\/wp-json\/wp\/v2\/media?parent=395198"}],"wp:term":[{"taxonomy":"category","embeddable":true,"href":"https:\/\/www.europesays.com\/fr\/wp-json\/wp\/v2\/categories?post=395198"},{"taxonomy":"post_tag","embeddable":true,"href":"https:\/\/www.europesays.com\/fr\/wp-json\/wp\/v2\/tags?post=395198"}],"curies":[{"name":"wp","href":"https:\/\/api.w.org\/{rel}","templated":true}]}}