{"id":39520,"date":"2025-04-20T18:29:08","date_gmt":"2025-04-20T18:29:08","guid":{"rendered":"https:\/\/www.europesays.com\/fr\/39520\/"},"modified":"2025-04-20T18:29:08","modified_gmt":"2025-04-20T18:29:08","slug":"un-homme-de-53-ans-decede-lors-du-triathlon-de-toulon-ce-dimanche","status":"publish","type":"post","link":"https:\/\/www.europesays.com\/fr\/39520\/","title":{"rendered":"Un homme de 53 ans d\u00e9c\u00e8de lors du Triathlon de Toulon ce dimanche"},"content":{"rendered":"<p>La victime, qui \u00e9tait en possession d&rsquo;un certificat m\u00e9dical, a succomb\u00e9 au d\u00e9but de l&rsquo;\u00e9preuve de natation, sur les 200 premiers m\u00e8tres.\u00a0Il se nommait Bruno Rancien, \u00e9tait \u00e2g\u00e9 de 53 ans et a offici\u00e9 au sein de la police municipale toulonnaise, avant de rejoindre celle de La Ciotat.<\/p>\n<p>L&rsquo;organisateur a exprim\u00e9 \u00ab\u00a0sa profonde tristesse\u00a0\u00bb et sa \u00ab\u00a0solidarit\u00e9\u00a0\u00bb envers les proches du sportif. \u00ab\u00a0Il s&rsquo;agissait d&rsquo;un sportif licenci\u00e9, parfaitement en r\u00e8gle, et toutes les mesures de secours ont \u00e9t\u00e9 prises imm\u00e9diatement\u00a0\u00bb, indique-t-il dans un communiqu\u00e9 publi\u00e9 ce dimanche \u00e0 12h50.<\/p>\n<p>La suite de l&rsquo;\u00e9preuve a \u00e9t\u00e9 maintenue \u00ab\u00a0dans un esprit de respect, de solidarit\u00e9 et d&rsquo;hommage \u00e0 sa m\u00e9moire et \u00e0 sa passion pour le sport\u00a0\u00bb.<\/p>\n","protected":false},"excerpt":{"rendered":"La victime, qui \u00e9tait en possession d&rsquo;un certificat m\u00e9dical, a succomb\u00e9 au d\u00e9but de l&rsquo;\u00e9preuve de natation, sur&hellip;\n","protected":false},"author":2,"featured_media":39521,"comment_status":"","ping_status":"","sticky":false,"template":"","format":"standard","meta":{"footnotes":""},"categories":[9619],"tags":[1111,11,1777,674,1011,27,12,882,25,60,2310,10997],"class_list":{"0":"post-39520","1":"post","2":"type-post","3":"status-publish","4":"format-standard","5":"has-post-thumbnail","7":"category-toulon","8":"tag-actu","9":"tag-actualites","10":"tag-eu","11":"tag-europe","12":"tag-fr","13":"tag-france","14":"tag-news","15":"tag-provence-alpes-cote-dazur","16":"tag-republique-francaise","17":"tag-sports","18":"tag-toulon","19":"tag-triathlon"},"share_on_mastodon":{"url":"https:\/\/pubeurope.com\/@fr\/114371714352363301","error":""},"_links":{"self":[{"href":"https:\/\/www.europesays.com\/fr\/wp-json\/wp\/v2\/posts\/39520","targetHints":{"allow":["GET"]}}],"collection":[{"href":"https:\/\/www.europesays.com\/fr\/wp-json\/wp\/v2\/posts"}],"about":[{"href":"https:\/\/www.europesays.com\/fr\/wp-json\/wp\/v2\/types\/post"}],"author":[{"embeddable":true,"href":"https:\/\/www.europesays.com\/fr\/wp-json\/wp\/v2\/users\/2"}],"replies":[{"embeddable":true,"href":"https:\/\/www.europesays.com\/fr\/wp-json\/wp\/v2\/comments?post=39520"}],"version-history":[{"count":0,"href":"https:\/\/www.europesays.com\/fr\/wp-json\/wp\/v2\/posts\/39520\/revisions"}],"wp:featuredmedia":[{"embeddable":true,"href":"https:\/\/www.europesays.com\/fr\/wp-json\/wp\/v2\/media\/39521"}],"wp:attachment":[{"href":"https:\/\/www.europesays.com\/fr\/wp-json\/wp\/v2\/media?parent=39520"}],"wp:term":[{"taxonomy":"category","embeddable":true,"href":"https:\/\/www.europesays.com\/fr\/wp-json\/wp\/v2\/categories?post=39520"},{"taxonomy":"post_tag","embeddable":true,"href":"https:\/\/www.europesays.com\/fr\/wp-json\/wp\/v2\/tags?post=39520"}],"curies":[{"name":"wp","href":"https:\/\/api.w.org\/{rel}","templated":true}]}}