{"id":395202,"date":"2025-09-16T14:04:18","date_gmt":"2025-09-16T14:04:18","guid":{"rendered":"https:\/\/www.europesays.com\/fr\/395202\/"},"modified":"2025-09-16T14:04:18","modified_gmt":"2025-09-16T14:04:18","slug":"cyclisme-tour-de-slovaquie-lokolo-slovenska-avec-paul-magnier-et-uijtdebroeks-parcours","status":"publish","type":"post","link":"https:\/\/www.europesays.com\/fr\/395202\/","title":{"rendered":"Cyclisme. Tour de Slovaquie &#8211; L&rsquo;Okolo Slovenska avec Paul Magnier et Uijtdebroeks&#8230; Parcours"},"content":{"rendered":"<p> Lire la suite de l&rsquo;article&#13;<\/p>\n<p>\u00a0<\/p>\n<p>&#13;<br \/>\nCian\u00a0Uijtdebroeks favori du g\u00e9n\u00e9ral, Paul Magnier pour une razzia sur les \u00e9tapes ?&#13;<\/p>\n<p>Un nom sort clairement du lot parmi les grimpeurs pr\u00e9sents au d\u00e9part pour s&rsquo;offrir le g\u00e9n\u00e9ral : celui de\u00a0<strong><a href=\"https:\/\/www.cyclismactu.net\/..\/news-czech-tour-route-cian-uijtdebroeks-je-n-ai-pas-regarde-en-arriere-une-seule-fois-89644.html\" target=\"_blank\" rel=\"noopener\">Cian Uijtdebroeks<\/a><\/strong> (Visma | Lease a Bike) ! De retour \u00e0 un tr\u00e8s bon niveau cet \u00e9t\u00e9, le Belge entend bien poursuivre la belle dynamqiue enclench\u00e9e avec sa victoire sur le <strong>Tour de l&rsquo;Ain<\/strong>, qui avait \u00e9t\u00e9 suivie d&rsquo;une 2e place sur le <strong>Czech Tour<\/strong>. Au vu du plateau relativement faible en Slovaquie, tout autre r\u00e9sultat qu&rsquo;un succ\u00e8s serait une d\u00e9ception pour\u00a0<strong>Uijtdebroeks<\/strong>. A vrai dire, ses principaux rivaux pourraient bien se trouver au sein de sa propre \u00e9quipe, puisque les Abeilles pourront \u00e9galement compter sur <strong>Bart Lemmen<\/strong>, <strong>Thomas Gloag<\/strong> et <strong>Tijmen Graat<\/strong> en grimpeurs qualifi\u00e9s.<\/p>\n<p>&#13;<\/p>\n<p>Parmi leurs adversaires, l&rsquo;\u00e9quipe tenante du titre devrait \u00eatre la plus redoutable, la <strong>Team Jayco AlUla<\/strong> ayant emmen\u00e9\u00a0<strong>Paul Double<\/strong> et <strong>Felix Engelhardt<\/strong> pour jouer le g\u00e9n\u00e9ral.\u00a0On retiendra \u00e9galement les noms de\u00a0<strong>Marcin Budzi\u0144ski<\/strong> (ATT Investments), de <strong>Santiago Umba<\/strong> (XDS Astana Development Team) ou encore d&rsquo;<strong>Adrien Maire <\/strong>(Unibet Tietema Rockets) parmi les pr\u00e9tendants au top 10 final. C\u00f4t\u00e9 sprint, l&rsquo;autre principale attraction de cette 69e \u00e9dition est fran\u00e7aise, avec la pr\u00e9sence de\u00a0<strong><a href=\"https:\/\/www.cyclismactu.net\/..\/news-gp-de-fourmies-route-paul-magnier-tim-merlier-m-a-dit-que-n-avais-pas-choix-90147.html\" target=\"_blank\" rel=\"noopener\">Paul Magnier<\/a><\/strong> (Soudal Quick-Step) ! En forme apr\u00e8s sa victoire au <strong>GP de Fourmies<\/strong>,, le jeune sprinteur du Wolfpack pourrait r\u00e9aliser une razzia lors des premi\u00e8res journ\u00e9es, avec pour seuls potentiels rivaux\u00a0<strong>Marceli Bogus\u0142awski<\/strong> (ATT Investments), <strong>Milan Menten<\/strong> (Lotto) et <strong>Luk\u00e1\u0161 Kubi\u0161<\/strong> (Unibet Tietema Rockets), tous bien moins rapides que lui sur le papier.<\/p>\n<p>&#13;<\/p>\n<p>\u00a0<\/p>\n<p>&#13;<br \/>\nLe parcours&#13;<\/p>\n<p><strong>\u00c9tape 1<\/strong>\u00a0&#8211; mercredi 17 septembre : Bardejov &#8211; Bardejov \/ 141,2 km (d\u00e9part \u00e0 13h30 &#8211; arriv\u00e9e vers 16h45)<\/p>\n<p>&#13;<\/p>\n<p><img decoding=\"async\" src=\"https:\/\/www.europesays.com\/fr\/wp-content\/uploads\/2025\/09\/okolo1.jpg\" style=\"max-width:100%;max-height:100%;\" alt=\"image\" loading=\"lazy\"\/><\/p>\n<p>&#13;<\/p>\n<p>\u00a0<\/p>\n<p>&#13;<\/p>\n<p><strong>\u00c9tape 2<\/strong>\u00a0&#8211; jeudi 18 septembre : Svidn\u00edk &#8211; Ko\u0161ice \/ 169,4 km (d\u00e9part \u00e0 10h45 &#8211; arriv\u00e9e vers 14h45)<\/p>\n<p>&#13;<\/p>\n<p><img decoding=\"async\" src=\"https:\/\/www.europesays.com\/fr\/wp-content\/uploads\/2025\/09\/okolo2.jpg\" style=\"max-width:100%;max-height:100%;\" alt=\"image\" loading=\"lazy\"\/><\/p>\n<p>&#13;<\/p>\n<p>\u00a0<\/p>\n<p>&#13;<\/p>\n<p><strong>\u00c9tape 3<\/strong>\u00a0&#8211; vendredi 19 septembre : Ke\u017emarok &#8211; Bansk\u00e1 Bystrica \/ 191,7 km (d\u00e9part \u00e0 10h &#8211; arriv\u00e9e vers 14h45)<\/p>\n<p>&#13;<\/p>\n<p><img decoding=\"async\" src=\"https:\/\/www.europesays.com\/fr\/wp-content\/uploads\/2025\/09\/okolo3.jpg\" style=\"max-width:100%;max-height:100%;\" alt=\"image\" loading=\"lazy\"\/><\/p>\n<p>&#13;<\/p>\n<p>\u00a0<\/p>\n<p>&#13;<\/p>\n<p><strong>\u00c9tape 4<\/strong>\u00a0&#8211; samedi 20 septembre : Vr\u00e1ble &#8211; Sl\u00e1dkovi\u010dovo \/ 169,1 km (d\u00e9part \u00e0 12h50- arriv\u00e9e vers 16h45)<\/p>\n<p>&#13;<\/p>\n<p><img decoding=\"async\" src=\"https:\/\/www.europesays.com\/fr\/wp-content\/uploads\/2025\/09\/okolo4.jpg\" style=\"max-width:100%;max-height:100%;\" alt=\"image\" loading=\"lazy\"\/><\/p>\n<p>&#13;<\/p>\n<p>\u00a0<\/p>\n<p>&#13;<\/p>\n<p><strong>\u00c9tape 5<\/strong>\u00a0&#8211; dimanche 21 septembre : Nov\u00e1 Dubnica &#8211; Koh\u00fatka \/ 124 km (d\u00e9part \u00e0 10h30 &#8211; arriv\u00e9e vers 13h45)<\/p>\n<p>&#13;<\/p>\n<p><img decoding=\"async\" src=\"https:\/\/www.europesays.com\/fr\/wp-content\/uploads\/2025\/09\/okolo5.jpg\" style=\"max-width:100%;max-height:100%;\" alt=\"image\" loading=\"lazy\"\/><\/p>\n<p>&#13;<\/p>\n<p>\u00a0<\/p>\n<p>&#13;<br \/>\nLa liste de d\u00e9part provisoire&#13;<\/p>\n<p><strong>Team Jayco-AlUla<\/strong><br \/>1  De Marchi Alessandro<br \/>2  Berhe Welay<br \/>3  Conca Filippo<br \/>4  De Pretto Davide<br \/>5  Double Paul<br \/>6  Engelhardt Felix<br \/>7  Rafferty Adam<\/p>\n<p><strong>Soudal Quick-Step<\/strong><br \/>11  Cern\u00fd Josef<br \/>12  Lampaert Yves<br \/>13  Magnier Paul<br \/>14  Raccagni Noviero Andrea<br \/>16  Svrcek Martin<br \/>17  van Gestel Dries<\/p>\n<p><strong>Team Visma | Lease a Bike<\/strong><br \/>21  Uijtdebroeks Cian<br \/>22  Gloag Thomas<br \/>23  Graat Tijmen<br \/>24  Huising Menno<br \/>25  Lemmen Bart<br \/>26  Behrens Niklas<br \/>27  Van Kerckhove Matisse<\/p>\n<p><strong>Unibet Tietema Rockets<\/strong><br \/>31  Kubis Lukas<br \/>32  Fougner Eivind Broholt<br \/>33  Johannink Jelle<br \/>34  de Vries Hartthijs<br \/>35  Maire Adrien<br \/>36  Toupalik Adam<br \/>37  Verschuren Killian<\/p>\n<p><strong>Lotto<\/strong><br \/>41  Currie Logan<br \/>42  Menten Milan<br \/>43  Driesen Niels<br \/>44  Fox Matthew<br \/>45  Van Gils Lucas<br \/>46  Van Bylen Liam<br \/>47  Vandenabeele Henri<\/p>\n<p><strong>Solution Tech-Vini Fantini<\/strong><br \/>51  Baldaccini Davide<br \/>52  Balmer Alexandre<br \/>53  Fortin Filippo<br \/>54  Iacchi Alessandro<br \/>55  Piras Andrea<br \/>56  Stewart Mark<br \/>57  Viviani Attilio<\/p>\n<p><strong>Team Novo Nordisk<\/strong><br \/>61  Armitt Hamish<br \/>62  Kopecky Matyas<br \/>63  Lozano David<br \/>64  Peron Andrea<br \/>65  Perracchione Alessandro<br \/>66  Polga Antonio<br \/>67  Ridolfo Filippo<\/p>\n<p><strong>Dukla Bansk\u00e1 Bystrica<\/strong><br \/>71  Galovic Jakub<br \/>72  Hoza Denis<br \/>73  Kasko David<br \/>74  Michalec Sebastian<br \/>75  Panacek Lukas<br \/>76  Ulik Matej<br \/>77  Valo Roman<\/p>\n<p><strong>Pierre Baguette Cycling<\/strong><br \/>81  Sivok Tomas<br \/>82  Husar Jakub<br \/>83  Jurik Martin<br \/>84  Mlejnek Daniel<br \/>85  Pakoth Andras<br \/>86  Fedor Samuel<br \/>87  Toman Patrik<\/p>\n<p><strong>Groupama-FDJ Conti<\/strong><br \/>91  Walls Matthew<br \/>92  Boulet Eliott<br \/>93  Cushway Maximilian<br \/>94  Daumas R\u00e9mi<br \/>95  Gr\u00e9goire Baptiste<br \/>96  Nilsson-Julien Oscar<br \/>97  Roberts Reef<\/p>\n<p><strong>XDS Astana Development Team<\/strong><br \/>101  Attolini Luca<br \/>102  Delle Vedove Alessio<br \/>103  Fofonov Artem<br \/>104  Marukhin Daniil<br \/>105  Umba Santiago<br \/>106  Wang Gustav<br \/>107  Yelyubayev Ruslan<\/p>\n<p><strong>Biesse-Carrera Premac<\/strong><br \/>111  Agostinacchio Filippo<br \/>112  Arrighetti Nicol\u00f3<br \/>113  Bessega Gabriele<br \/>114  Bessega Tommaso<br \/>115  Bicelli Michele<br \/>116  Gruszczynski Filip<br \/>117  Iacomoni Federico<\/p>\n<p><strong>VolkerWessels Cycling Team<\/strong><br \/>121  Daemen Stijn<br \/>122  de Jong Timo<br \/>123  Gademan Sam<br \/>124  Haest Jasper<br \/>125  Heremans Joppe<br \/>126  Marsman Tim<br \/>127  Nagengast Ruud Junior<\/p>\n<p><strong>ATT Investments<\/strong><br \/>131  Banaszek Norbert<br \/>132  Boguslawski Marceli<br \/>133  Budzinski Marcin<br \/>134  Neuman Dominik<br \/>135  Pekala Piotr<br \/>136  Vanicek Simon<br \/>137  Voltr Martin<\/p>\n<p><strong>Elkov-Kasper<\/strong><br \/>141  Stocek Matus<br \/>142  Kuba Jakub<br \/>143  Schlegel Michal<br \/>144  Boros Michael<br \/>145  Toupalik Jakub<br \/>146  Zahalka Matej<br \/>147  Zahalka Stepan<\/p>\n<p><strong>Illes Balears Arabay Cycling<\/strong><br \/>151  Curto Pellicer Edgar<br \/>152  Esparza Unai<br \/>153  Mora Sebastian<br \/>154  Riera Joan Albert<br \/>155  Sagrado Perez Alvaro<br \/>156  Silva Mario<br \/>157  Trueba Sergio<\/p>\n<p><strong>Adria Mobil<\/strong><br \/>161  Finkst Tilen<br \/>162  Pecnik Teo<br \/>163  Skok Anze<br \/>164  Skok Marcel<br \/>165  Spoljar Jaka<br \/>166  Turk Aljaz<br \/>167  Zumer Matic<\/p>\n<p><strong>Karcag Cycling \u00c9PKAR Team<\/strong><br \/>171  Colnaghi Andrea<br \/>172  Filutas Viktor<br \/>173  Hrenko Norbert<br \/>174  Karpati Balint<br \/>175  Lucca Riccardo<br \/>176  Nagy Bendeguz Matyas<br \/>177  Solymosi Marton<\/p>\n<p><strong>Diftar Continental Cycling Team<\/strong><br \/>181  Ballif Anco<br \/>182  Bronswijk Mike<br \/>183  Ottema Rick<br \/>184  Peters Marvin<br \/>185  van der Veen Cas<br \/>186  van der Wal Rik<br \/>187  Visser Guillaume<\/p>\n<p><strong>Mazowsze Serce Polski<\/strong><br \/>191  Adaszak Ksawery<br \/>192  Bernas Pawel<br \/>193  Czabok Konrad<br \/>194  Grygowski Hubert<br \/>195  Kaczmarek Jakub<br \/>196  Owsian Lukasz<br \/>197  Pomian Szymon<\/p>\n","protected":false},"excerpt":{"rendered":"Lire la suite de l&rsquo;article&#13; \u00a0 &#13; Cian\u00a0Uijtdebroeks favori du g\u00e9n\u00e9ral, Paul Magnier pour une razzia sur les&hellip;\n","protected":false},"author":2,"featured_media":395203,"comment_status":"","ping_status":"","sticky":false,"template":"","format":"standard","meta":{"footnotes":""},"categories":[1411],"tags":[1154,207,211,1011,27,209,60,210,52724,212,208,213],"class_list":{"0":"post-395202","1":"post","2":"type-post","3":"status-publish","4":"format-standard","5":"has-post-thumbnail","7":"category-cyclisme","8":"tag-cycling","9":"tag-cyclisme","10":"tag-ffc","11":"tag-fr","12":"tag-france","13":"tag-route","14":"tag-sports","15":"tag-tour-de-france","16":"tag-tour-de-slovaquie","17":"tag-uci","18":"tag-velo","19":"tag-world-tour"},"share_on_mastodon":{"url":"https:\/\/pubeurope.com\/@fr\/115214357076006127","error":""},"_links":{"self":[{"href":"https:\/\/www.europesays.com\/fr\/wp-json\/wp\/v2\/posts\/395202","targetHints":{"allow":["GET"]}}],"collection":[{"href":"https:\/\/www.europesays.com\/fr\/wp-json\/wp\/v2\/posts"}],"about":[{"href":"https:\/\/www.europesays.com\/fr\/wp-json\/wp\/v2\/types\/post"}],"author":[{"embeddable":true,"href":"https:\/\/www.europesays.com\/fr\/wp-json\/wp\/v2\/users\/2"}],"replies":[{"embeddable":true,"href":"https:\/\/www.europesays.com\/fr\/wp-json\/wp\/v2\/comments?post=395202"}],"version-history":[{"count":0,"href":"https:\/\/www.europesays.com\/fr\/wp-json\/wp\/v2\/posts\/395202\/revisions"}],"wp:featuredmedia":[{"embeddable":true,"href":"https:\/\/www.europesays.com\/fr\/wp-json\/wp\/v2\/media\/395203"}],"wp:attachment":[{"href":"https:\/\/www.europesays.com\/fr\/wp-json\/wp\/v2\/media?parent=395202"}],"wp:term":[{"taxonomy":"category","embeddable":true,"href":"https:\/\/www.europesays.com\/fr\/wp-json\/wp\/v2\/categories?post=395202"},{"taxonomy":"post_tag","embeddable":true,"href":"https:\/\/www.europesays.com\/fr\/wp-json\/wp\/v2\/tags?post=395202"}],"curies":[{"name":"wp","href":"https:\/\/api.w.org\/{rel}","templated":true}]}}