{"id":395206,"date":"2025-09-16T14:06:10","date_gmt":"2025-09-16T14:06:10","guid":{"rendered":"https:\/\/www.europesays.com\/fr\/395206\/"},"modified":"2025-09-16T14:06:10","modified_gmt":"2025-09-16T14:06:10","slug":"faustine-bollaert-contrite-son-geste-envers-laurence-boccolini-benjamin-duhamel-agace-journaldesfemmes-fr","status":"publish","type":"post","link":"https:\/\/www.europesays.com\/fr\/395206\/","title":{"rendered":"Faustine Bollaert contrite : son geste envers Laurence Boccolini, Benjamin Duhamel agac\u00e9&#8230; &#8211; journaldesfemmes.fr"},"content":{"rendered":"<ol>\n<li><a href=\"https:\/\/news.google.com\/rss\/articles\/CBMixwFBVV95cUxNWnNTYWMzUG5Zb21PaWY2TkZ3Y0MxclZ4WnlWR2gtX1ZYUUtoa0dZdFdWdjBpZl83TWFUM3RKNlltakxYSzdKcjZ1c25iOV9uMlYxdEFheU5jQk4yRFNyUDZCVGs1WGNZX3RSTW1IMUwtXzZZak14MUpHQzBHLUttSVJIdVFWM0NyZXZ0djV0djhrOHhxYnNIX0ZPQTBES2lUazJHR0g1WWNNckkxODRpUno0ZlYtVThnX0hJYUloZXcxaU92aUxR?oc=5\" target=\"_blank\" rel=\"noopener\">Faustine Bollaert contrite : son geste envers Laurence Boccolini, Benjamin Duhamel agac\u00e9&#8230;<\/a>&nbsp;&nbsp;journaldesfemmes.fr<\/li>\n<li><a href=\"https:\/\/news.google.com\/rss\/articles\/CBMi6AFBVV95cUxNUjJyZnV3VW9iblotTWZTdVBqR0R4ZVNGbzg3VzZIaVRjQTJ1RUFfSW9OSzdjTXhtUDBVWVRBbkY5c1N0VUNMZUFRYnVuOWdYZGwxY2czSHMyZkRRSlo3UnFkOHNIMGV2TkJ0RVJBSnd4SHF3OXNJQTVfZVdQUXN5NjZVeHJzRlliVTFjM1dxOG1CQ0M0UEwyajVzMGl5Uk1lQXRpbXNfUUFjX3VycWJZckVYeVk0UnlTNGZ1Y2hMNnlHSGMtRFk4a0hOcUdiY3k5ZzBGaEhDQlZBcXFDNXhSQjJiVUhSTDNf?oc=5\" target=\"_blank\" rel=\"noopener\">Faustine Bollaert : son beau geste d&rsquo;excuse envers Laurence Boccolini<\/a>&nbsp;&nbsp;journaldesfemmes.fr<\/li>\n<li><a href=\"https:\/\/news.google.com\/rss\/articles\/CBMizAFBVV95cUxPMFRyN0swckRSOEJsSmVSbG1jMHdoTVBvdkxMRU12cUxzaVBXWGY5cVFHdElZUklNUXlWSWdpRVY2TkdHMVN4Y0FOSlVCVUFhaWV6MVBNZVNmNkZqQzF4Tk1LMlNOWkw3ek8tSV9Jekx1RmZwaDZRaUQ3OTZwUDJTQkVtVzJscnJJQnJQMnJDUEJJaTVpQk5jYmtIZVBSRVZxTFVwNXZPWVZqS2FXalhHemFDQUtBYTJYYkx4X3FmNmpIOExwWGF2YkNpQWQ?oc=5\" target=\"_blank\" rel=\"noopener\">\u00ab Les Enfants de la t\u00e9l\u00e9 \u00bb : Faustine Bollaert confie avoir envoy\u00e9 un message \u00e0 Laurence Boccolini apr\u00e8s avoir appris son \u00e9viction<\/a>&nbsp;&nbsp;Soirmag<\/li>\n<li><a href=\"https:\/\/news.google.com\/rss\/articles\/CBMixgFBVV95cUxQMkJsaVBMU1ZlUUFGQ05FTnRWR1ZBVGt0UFN6cUVRYm5nVlFyaWdzMk1TdnVSQ3g4UVlFamRGckxCN0RvMUZSTEpQR1VMcVZ2YS1aUWdIMTFHREFfZko4ajUtcGVaVEltaEVmbmxLRW5EZF9SVDdXMFF1dWNIeU5fRE1fTV9ueUl2UllaTTNIeXdOUmlXQ3lESW5tT2ZRakVhUG05QjRSQkt2QXd4NTVEeGQ4QXpKYmFUNG5sdHVwdElDMnhpcnc?oc=5\" target=\"_blank\" rel=\"noopener\">Faustine Bollaert pique la place de Laurence Boccolini : \u00e9change de textos amers entre les deux animatrices<\/a>&nbsp;&nbsp;public.fr<\/li>\n<li><a href=\"https:\/\/news.google.com\/rss\/articles\/CBMiogJBVV95cUxNQlNRQzhJNUFiaVFlRGV4d3Y4RzVWZmRVeHhYUGIzWnVSb0QwcDhWQWlHcmxmZXlYUGQwdEx2VUMzUW13eWE0SzRRWVNyUFZHMlNhcW9Cd2hEeTR6SjlOUzMzaURQa0EzTzZSc0FQUmZWOElnNVZzVmhaVWxZdzNFTU85b3VjR1F2aDZ2dUowUmlCNjQ1V1lFb0RQRjhuMklnanJDMVlwS0JtdmlCRnFLQk1xTERST3hFa2lHbzZtamZrODZnOEZwamsyaTR5RGVIa1VYc2xxLVhkMlZxc3VqRWJfUU9yODE4NTJWc1BtSGJkZ3p3VFR0LXpCY1c0VXBTZzJxcjVsOUg2QnFoekxiMlRDTEw3dHpKaWtJNHRydk1VUQ?oc=5\" target=\"_blank\" rel=\"noopener\">Exclu. \u00ab\u00a0Je lui ai dit que j&rsquo;\u00e9tais d\u00e9sol\u00e9e\u00a0\u00bb : Faustine Bollaert r\u00e9v\u00e8le avoir envoy\u00e9 un message \u00e0 Laurence Boccolini apr\u00e8s son \u00e9viction des Enfants de la t\u00e9l\u00e9<\/a>&nbsp;&nbsp;programme-tv.net<\/li>\n<\/ol>\n","protected":false},"excerpt":{"rendered":"Faustine Bollaert contrite : son geste envers Laurence Boccolini, Benjamin Duhamel agac\u00e9&#8230;&nbsp;&nbsp;journaldesfemmes.fr Faustine Bollaert : son beau geste&hellip;\n","protected":false},"author":2,"featured_media":395207,"comment_status":"","ping_status":"","sticky":false,"template":"","format":"standard","meta":{"footnotes":""},"categories":[1359],"tags":[52725,51761,58,59,52292,1011,27,51766,1031,973],"class_list":{"0":"post-395206","1":"post","2":"type-post","3":"status-publish","4":"format-standard","5":"has-post-thumbnail","7":"category-people","8":"tag-cms-journaldesfemmes-3241348","9":"tag-controller-content","10":"tag-divertissement","11":"tag-entertainment","12":"tag-format-reportage","13":"tag-fr","14":"tag-france","15":"tag-les-histoires-du-jdf","16":"tag-magazine","17":"tag-people"},"share_on_mastodon":{"url":"https:\/\/pubeurope.com\/@fr\/115214364332337844","error":""},"_links":{"self":[{"href":"https:\/\/www.europesays.com\/fr\/wp-json\/wp\/v2\/posts\/395206","targetHints":{"allow":["GET"]}}],"collection":[{"href":"https:\/\/www.europesays.com\/fr\/wp-json\/wp\/v2\/posts"}],"about":[{"href":"https:\/\/www.europesays.com\/fr\/wp-json\/wp\/v2\/types\/post"}],"author":[{"embeddable":true,"href":"https:\/\/www.europesays.com\/fr\/wp-json\/wp\/v2\/users\/2"}],"replies":[{"embeddable":true,"href":"https:\/\/www.europesays.com\/fr\/wp-json\/wp\/v2\/comments?post=395206"}],"version-history":[{"count":0,"href":"https:\/\/www.europesays.com\/fr\/wp-json\/wp\/v2\/posts\/395206\/revisions"}],"wp:featuredmedia":[{"embeddable":true,"href":"https:\/\/www.europesays.com\/fr\/wp-json\/wp\/v2\/media\/395207"}],"wp:attachment":[{"href":"https:\/\/www.europesays.com\/fr\/wp-json\/wp\/v2\/media?parent=395206"}],"wp:term":[{"taxonomy":"category","embeddable":true,"href":"https:\/\/www.europesays.com\/fr\/wp-json\/wp\/v2\/categories?post=395206"},{"taxonomy":"post_tag","embeddable":true,"href":"https:\/\/www.europesays.com\/fr\/wp-json\/wp\/v2\/tags?post=395206"}],"curies":[{"name":"wp","href":"https:\/\/api.w.org\/{rel}","templated":true}]}}